{"id":29603,"date":"2018-12-01T10:35:59","date_gmt":"2018-12-01T13:35:59","guid":{"rendered":"http:\/\/blogdoeloiltoncajuhy.com.br\/site\/?p=29603"},"modified":"2018-12-01T10:35:59","modified_gmt":"2018-12-01T13:35:59","slug":"placas-no-modelo-mercosul-comecam-a-ser-implantadas-na-bahia-em-17-de-dezembro","status":"publish","type":"post","link":"https:\/\/blogdoeloiltoncajuhy.com.br\/site\/placas-no-modelo-mercosul-comecam-a-ser-implantadas-na-bahia-em-17-de-dezembro\/","title":{"rendered":"Placas no modelo Mercosul come\u00e7am a ser implantadas na Bahia em 17 de dezembro"},"content":{"rendered":"<p><a href=\"https:\/\/i0.wp.com\/blogdoeloiltoncajuhy.com.br\/site\/wp-content\/uploads\/2018\/11\/placa-Mercosul.jpeg\"><img data-recalc-dims=\"1\" fetchpriority=\"high\" decoding=\"async\" class=\"aligncenter wp-image-28935\" src=\"https:\/\/i0.wp.com\/blogdoeloiltoncajuhy.com.br\/site\/wp-content\/uploads\/2018\/11\/placa-Mercosul.jpeg?resize=400%2C267\" alt=\"\" width=\"400\" height=\"267\" srcset=\"https:\/\/i0.wp.com\/blogdoeloiltoncajuhy.com.br\/site\/wp-content\/uploads\/2018\/11\/placa-Mercosul.jpeg?w=678&amp;ssl=1 678w, https:\/\/i0.wp.com\/blogdoeloiltoncajuhy.com.br\/site\/wp-content\/uploads\/2018\/11\/placa-Mercosul.jpeg?resize=300%2C200&amp;ssl=1 300w, https:\/\/i0.wp.com\/blogdoeloiltoncajuhy.com.br\/site\/wp-content\/uploads\/2018\/11\/placa-Mercosul.jpeg?resize=250%2C167&amp;ssl=1 250w\" sizes=\"(max-width: 400px) 100vw, 400px\" \/><\/a>O novo modelo de placas para autom\u00f3veis, seguindo o padr\u00e3o do Mercosul, deve come\u00e7ar a ser implantado na Bahia a partir do dia 17 de dezembro. Inicialmente, a previs\u00e3o era que a medida j\u00e1 pudesse ser adotada a partir da pr\u00f3xima segunda-feira (3).<\/p>\n<p>O Conselho Nacional de Tr\u00e2nsito (Contran) publicou nesta sexta-feira (30) uma resolu\u00e7\u00e3o que prorroga o prazo. A mudan\u00e7a atende ao pedido do Departamento Estadual de Tr\u00e2nsito da Bahia (Detran-BA), com o objetivo de dar mais tempo \u00e0s empresas fabricantes e estampadoras de placas que pretendem se cadastrar para oferecer o servi\u00e7o no estado.<\/p>\n<p><em><strong>Bahia Not\u00edcias<\/strong><\/em><\/p>\n","protected":false},"excerpt":{"rendered":"<p>O novo modelo de placas para autom\u00f3veis, seguindo o padr\u00e3o do Mercosul, deve come\u00e7ar a ser implantado na Bahia a partir do dia 17 de dezembro. Inicialmente, a previs\u00e3o era que a medida j\u00e1 pudesse ser adotada a partir da pr\u00f3xima segunda-feira (3). O Conselho Nacional de Tr\u00e2nsito (Contran) publicou nesta sexta-feira (30) uma resolu\u00e7\u00e3o [&hellip;]<\/p>\n","protected":false},"author":2,"featured_media":0,"comment_status":"open","ping_status":"open","sticky":false,"template":"","format":"standard","meta":{"_acf_changed":false,"_monsterinsights_skip_tracking":false,"_monsterinsights_sitenote_active":false,"_monsterinsights_sitenote_note":"","_monsterinsights_sitenote_category":0,"_jetpack_memberships_contains_paid_content":false,"footnotes":"","jetpack_publicize_message":"","jetpack_publicize_feature_enabled":true,"jetpack_social_post_already_shared":true,"jetpack_social_options":{"image_generator_settings":{"template":"highway","default_image_id":0,"font":"","enabled":false},"version":2}},"categories":[5,1],"tags":[],"class_list":["post-29603","post","type-post","status-publish","format-standard","hentry","category-cotidiano","category-noticias"],"acf":[],"jetpack_publicize_connections":[],"jetpack_featured_media_url":"","jetpack_sharing_enabled":true,"publishpress_future_workflow_manual_trigger":{"enabledWorkflows":[]},"_links":{"self":[{"href":"https:\/\/blogdoeloiltoncajuhy.com.br\/site\/wp-json\/wp\/v2\/posts\/29603","targetHints":{"allow":["GET"]}}],"collection":[{"href":"https:\/\/blogdoeloiltoncajuhy.com.br\/site\/wp-json\/wp\/v2\/posts"}],"about":[{"href":"https:\/\/blogdoeloiltoncajuhy.com.br\/site\/wp-json\/wp\/v2\/types\/post"}],"author":[{"embeddable":true,"href":"https:\/\/blogdoeloiltoncajuhy.com.br\/site\/wp-json\/wp\/v2\/users\/2"}],"replies":[{"embeddable":true,"href":"https:\/\/blogdoeloiltoncajuhy.com.br\/site\/wp-json\/wp\/v2\/comments?post=29603"}],"version-history":[{"count":1,"href":"https:\/\/blogdoeloiltoncajuhy.com.br\/site\/wp-json\/wp\/v2\/posts\/29603\/revisions"}],"predecessor-version":[{"id":29604,"href":"https:\/\/blogdoeloiltoncajuhy.com.br\/site\/wp-json\/wp\/v2\/posts\/29603\/revisions\/29604"}],"wp:attachment":[{"href":"https:\/\/blogdoeloiltoncajuhy.com.br\/site\/wp-json\/wp\/v2\/media?parent=29603"}],"wp:term":[{"taxonomy":"category","embeddable":true,"href":"https:\/\/blogdoeloiltoncajuhy.com.br\/site\/wp-json\/wp\/v2\/categories?post=29603"},{"taxonomy":"post_tag","embeddable":true,"href":"https:\/\/blogdoeloiltoncajuhy.com.br\/site\/wp-json\/wp\/v2\/tags?post=29603"}],"curies":[{"name":"wp","href":"https:\/\/api.w.org\/{rel}","templated":true}]}}