{"id":29595,"date":"2018-11-30T20:50:34","date_gmt":"2018-11-30T23:50:34","guid":{"rendered":"http:\/\/blogdoeloiltoncajuhy.com.br\/site\/?p=29595"},"modified":"2018-11-30T20:50:34","modified_gmt":"2018-11-30T23:50:34","slug":"bonfim-prefeito-carlos-brasileiro-assina-convenio-com-sudene-para-construcao-da-praca-da-pera","status":"publish","type":"post","link":"https:\/\/blogdoeloiltoncajuhy.com.br\/site\/bonfim-prefeito-carlos-brasileiro-assina-convenio-com-sudene-para-construcao-da-praca-da-pera\/","title":{"rendered":"BONFIM: Prefeito Carlos Brasileiro assina conv\u00eanio com SUDENE para constru\u00e7\u00e3o da pra\u00e7a da Pera"},"content":{"rendered":"<p><a href=\"https:\/\/i0.wp.com\/blogdoeloiltoncajuhy.com.br\/site\/wp-content\/uploads\/2018\/11\/praca-pera.jpg\"><img data-recalc-dims=\"1\" fetchpriority=\"high\" decoding=\"async\" class=\"aligncenter wp-image-29596\" src=\"https:\/\/i0.wp.com\/blogdoeloiltoncajuhy.com.br\/site\/wp-content\/uploads\/2018\/11\/praca-pera.jpg?resize=600%2C450\" alt=\"\" width=\"600\" height=\"450\" srcset=\"https:\/\/i0.wp.com\/blogdoeloiltoncajuhy.com.br\/site\/wp-content\/uploads\/2018\/11\/praca-pera.jpg?w=1032&amp;ssl=1 1032w, https:\/\/i0.wp.com\/blogdoeloiltoncajuhy.com.br\/site\/wp-content\/uploads\/2018\/11\/praca-pera.jpg?resize=300%2C225&amp;ssl=1 300w, https:\/\/i0.wp.com\/blogdoeloiltoncajuhy.com.br\/site\/wp-content\/uploads\/2018\/11\/praca-pera.jpg?resize=768%2C576&amp;ssl=1 768w, https:\/\/i0.wp.com\/blogdoeloiltoncajuhy.com.br\/site\/wp-content\/uploads\/2018\/11\/praca-pera.jpg?resize=1024%2C768&amp;ssl=1 1024w, https:\/\/i0.wp.com\/blogdoeloiltoncajuhy.com.br\/site\/wp-content\/uploads\/2018\/11\/praca-pera.jpg?resize=250%2C188&amp;ssl=1 250w\" sizes=\"(max-width: 600px) 100vw, 600px\" \/><\/a>O Prefeito Carlos Brasileiro cumpriu mais um dos objetivos apresentados \u00e0 popula\u00e7\u00e3o para o desenvolvimento do munic\u00edpio e assinou nesta quinta-feira, 29 novembro, um importante conv\u00eanio com o Minist\u00e9rio da Integra\u00e7\u00e3o Nacional, por meio da Superintend\u00eancia de Desenvolvimento do Nordeste \u2013 SUDENE, uma conquista que beneficiar\u00e1 diretamente milhares de moradores do Bairro da Pera e adjac\u00eancias.<\/p>\n<p>A constru\u00e7\u00e3o da Pra\u00e7a da Pera com quiosques contar\u00e1 com uma estrutura moderna que proporcionar\u00e1 um embelezamento da paisagem urbana em um espa\u00e7o de conviv\u00eancia familiar e comunit\u00e1ria com lazer, pr\u00e1tica esportiva e impulsionamento do com\u00e9rcio local, oportunizando mais uma op\u00e7\u00e3o de conv\u00edvio e melhor qualidade de vida aos bonfinenses.<\/p>\n<p>A obra t\u00e3o esperada pelos moradores do segundo maior bairro do munic\u00edpio ter\u00e1 um investimento de R$703.000,00 e ser\u00e1 a realiza\u00e7\u00e3o de um sonho conquistado conjuntamente pelo Prefeito Carlos Brasileiro, Vereador Ot\u00e1vio Xisto (Tavinho) e do Deputado Artur Maia \u2013 autor da emenda parlamentar.<\/p>\n<p><em>&#8220;A cada dia uma nova conquista fruto do trabalho e da uni\u00e3o de pessoas que amam e acreditam na nossa cidade. Nossa querida Senhor do Bonfim est\u00e1 retomando o rumo do desenvolvimento com obras de grande vulto e relev\u00e2ncia. As fam\u00edlias da Pera receber\u00e3o em breve um bel\u00edssimo espa\u00e7o de conviv\u00eancia e lazer que vai alavancar os investimentos do bairro. Uma conquista do Vereador Tavinho com nosso esfor\u00e7o para a efetiva realiza\u00e7\u00e3o desse sonho e do Deputado Arthur Maia&#8221;<\/em>, disse Carlos Brasileiro durante assinatura do conv\u00eanio.<\/p>\n<p>O projeto contempla uma academia ao ar livre, parque infantil, \u00e1rea de eventos culturais, dois pergolados de madeira, quiosques, \u00e1rea de cooper, arboriza\u00e7\u00e3o e jardinagem. A Nova Pra\u00e7a da Pera faz parte do programa Bonfim em Desenvolvimento, o maior pacote de obras da hist\u00f3ria de Senhor do Bonfim.<\/p>\n<p>Os recursos s\u00e3o oriundos de emendas de deputados, governo do Estado e pr\u00f3prios que somados ultrapassam mais de R$ 200 milh\u00f5es em investimentos at\u00e9 o ano de 2020. Em 2017, o prefeito Carlos Brasileiro retomou as obras da quadra Poliesportiva Abigail Feitosa, paradas pela gest\u00e3o anterior, e entregou totalmente conclu\u00edda aos moradores da Pera. A obra teve um investimento total de R$ 505 mil.<\/p>\n<p><em><strong>ASCOM &#8211; Prefeitura Municipal de Senhor do Bonfim &#8211; BA<\/strong><\/em><\/p>\n","protected":false},"excerpt":{"rendered":"<p>O Prefeito Carlos Brasileiro cumpriu mais um dos objetivos apresentados \u00e0 popula\u00e7\u00e3o para o desenvolvimento do munic\u00edpio e assinou nesta quinta-feira, 29 novembro, um importante conv\u00eanio com o Minist\u00e9rio da Integra\u00e7\u00e3o Nacional, por meio da Superintend\u00eancia de Desenvolvimento do Nordeste \u2013 SUDENE, uma conquista que beneficiar\u00e1 diretamente milhares de moradores do Bairro da Pera e [&hellip;]<\/p>\n","protected":false},"author":2,"featured_media":29596,"comment_status":"open","ping_status":"open","sticky":false,"template":"","format":"standard","meta":{"_acf_changed":false,"_monsterinsights_skip_tracking":false,"_monsterinsights_sitenote_active":false,"_monsterinsights_sitenote_note":"","_monsterinsights_sitenote_category":0,"_jetpack_memberships_contains_paid_content":false,"footnotes":"","jetpack_publicize_message":"","jetpack_publicize_feature_enabled":true,"jetpack_social_post_already_shared":true,"jetpack_social_options":{"image_generator_settings":{"template":"highway","default_image_id":0,"font":"","enabled":false},"version":2}},"categories":[1,3,4],"tags":[],"class_list":["post-29595","post","type-post","status-publish","format-standard","has-post-thumbnail","hentry","category-noticias","category-politica","category-local"],"acf":[],"jetpack_publicize_connections":[],"jetpack_featured_media_url":"https:\/\/i0.wp.com\/blogdoeloiltoncajuhy.com.br\/site\/wp-content\/uploads\/2018\/11\/praca-pera.jpg?fit=1032%2C774&ssl=1","jetpack_sharing_enabled":true,"publishpress_future_workflow_manual_trigger":{"enabledWorkflows":[]},"_links":{"self":[{"href":"https:\/\/blogdoeloiltoncajuhy.com.br\/site\/wp-json\/wp\/v2\/posts\/29595","targetHints":{"allow":["GET"]}}],"collection":[{"href":"https:\/\/blogdoeloiltoncajuhy.com.br\/site\/wp-json\/wp\/v2\/posts"}],"about":[{"href":"https:\/\/blogdoeloiltoncajuhy.com.br\/site\/wp-json\/wp\/v2\/types\/post"}],"author":[{"embeddable":true,"href":"https:\/\/blogdoeloiltoncajuhy.com.br\/site\/wp-json\/wp\/v2\/users\/2"}],"replies":[{"embeddable":true,"href":"https:\/\/blogdoeloiltoncajuhy.com.br\/site\/wp-json\/wp\/v2\/comments?post=29595"}],"version-history":[{"count":1,"href":"https:\/\/blogdoeloiltoncajuhy.com.br\/site\/wp-json\/wp\/v2\/posts\/29595\/revisions"}],"predecessor-version":[{"id":29597,"href":"https:\/\/blogdoeloiltoncajuhy.com.br\/site\/wp-json\/wp\/v2\/posts\/29595\/revisions\/29597"}],"wp:featuredmedia":[{"embeddable":true,"href":"https:\/\/blogdoeloiltoncajuhy.com.br\/site\/wp-json\/wp\/v2\/media\/29596"}],"wp:attachment":[{"href":"https:\/\/blogdoeloiltoncajuhy.com.br\/site\/wp-json\/wp\/v2\/media?parent=29595"}],"wp:term":[{"taxonomy":"category","embeddable":true,"href":"https:\/\/blogdoeloiltoncajuhy.com.br\/site\/wp-json\/wp\/v2\/categories?post=29595"},{"taxonomy":"post_tag","embeddable":true,"href":"https:\/\/blogdoeloiltoncajuhy.com.br\/site\/wp-json\/wp\/v2\/tags?post=29595"}],"curies":[{"name":"wp","href":"https:\/\/api.w.org\/{rel}","templated":true}]}}