{"id":29593,"date":"2018-11-30T20:41:30","date_gmt":"2018-11-30T23:41:30","guid":{"rendered":"http:\/\/blogdoeloiltoncajuhy.com.br\/site\/?p=29593"},"modified":"2018-11-30T20:41:30","modified_gmt":"2018-11-30T23:41:30","slug":"assembleia-legislativa-da-bahia-suspende-concurso-apos-stf-rejeitar-recurso","status":"publish","type":"post","link":"https:\/\/blogdoeloiltoncajuhy.com.br\/site\/assembleia-legislativa-da-bahia-suspende-concurso-apos-stf-rejeitar-recurso\/","title":{"rendered":"Assembleia Legislativa da Bahia suspende concurso ap\u00f3s STF rejeitar recurso"},"content":{"rendered":"<h5 style=\"text-align: center;\">Tribunal de Justi\u00e7a j\u00e1 havia determinado suspens\u00e3o do concurso, mas Alba entrou com a\u00e7\u00e3o no Supremo<\/h5>\n<p><a href=\"https:\/\/i0.wp.com\/blogdoeloiltoncajuhy.com.br\/site\/wp-content\/uploads\/2018\/08\/alba.jpg\"><img data-recalc-dims=\"1\" fetchpriority=\"high\" decoding=\"async\" class=\"aligncenter size-full wp-image-27452\" src=\"https:\/\/i0.wp.com\/blogdoeloiltoncajuhy.com.br\/site\/wp-content\/uploads\/2018\/08\/alba.jpg?resize=560%2C360\" alt=\"\" width=\"560\" height=\"360\" srcset=\"https:\/\/i0.wp.com\/blogdoeloiltoncajuhy.com.br\/site\/wp-content\/uploads\/2018\/08\/alba.jpg?w=560&amp;ssl=1 560w, https:\/\/i0.wp.com\/blogdoeloiltoncajuhy.com.br\/site\/wp-content\/uploads\/2018\/08\/alba.jpg?resize=300%2C193&amp;ssl=1 300w, https:\/\/i0.wp.com\/blogdoeloiltoncajuhy.com.br\/site\/wp-content\/uploads\/2018\/08\/alba.jpg?resize=250%2C161&amp;ssl=1 250w\" sizes=\"(max-width: 560px) 100vw, 560px\" \/><\/a>A Assembleia Legislativa da Bahia (Alba) publicou no Di\u00e1rio Oficial desta sexta-feira (30) a suspens\u00e3o do concurso p\u00fablico para o preenchimento de 123 vagas. A interrup\u00e7\u00e3o foi determinada porque h\u00e1 candidatos de outro concurso da Alba aguardando nomea\u00e7\u00e3o. <em><strong>[Confira publica\u00e7\u00e3o no final da mat\u00e9ria]<\/strong><\/em><\/p>\n<p>O concurso j\u00e1 havia sido suspenso pelo Tribunal de Justi\u00e7a da Bahia (TJ-BA) no dia 1\u00ba deste m\u00eas. A Alba chegou a entrar com a\u00e7\u00e3o no Supremo Tribunal Federal (STF), mas o recurso foi rejeitado na quinta-feira (28).<\/p>\n<p>Na publica\u00e7\u00e3o, a Alba informou que a suspens\u00e3o \u00e9 por considerar as medidas judiciais adequadas, para que n\u00e3o haja preju\u00edzo no cronograma da casa e preserve os interesses dos candidatos inscritos.<\/p>\n<p>A publica\u00e7\u00e3o n\u00e3o informa, no entanto, se os candidatos ser\u00e3o ressarcidos do valor de inscri\u00e7\u00e3o. O G1 tentou contato com a Alba para obter a informa\u00e7\u00e3o, mas n\u00e3o recebeu resposta at\u00e9 a publica\u00e7\u00e3o desta reportagem.<\/p>\n<p><em><strong>Por G1 BA<\/strong><\/em><\/p>\n","protected":false},"excerpt":{"rendered":"<p>Tribunal de Justi\u00e7a j\u00e1 havia determinado suspens\u00e3o do concurso, mas Alba entrou com a\u00e7\u00e3o no Supremo A Assembleia Legislativa da Bahia (Alba) publicou no Di\u00e1rio Oficial desta sexta-feira (30) a suspens\u00e3o do concurso p\u00fablico para o preenchimento de 123 vagas. A interrup\u00e7\u00e3o foi determinada porque h\u00e1 candidatos de outro concurso da Alba aguardando nomea\u00e7\u00e3o. [Confira [&hellip;]<\/p>\n","protected":false},"author":2,"featured_media":0,"comment_status":"open","ping_status":"open","sticky":false,"template":"","format":"standard","meta":{"_acf_changed":false,"_monsterinsights_skip_tracking":false,"_monsterinsights_sitenote_active":false,"_monsterinsights_sitenote_note":"","_monsterinsights_sitenote_category":0,"_jetpack_memberships_contains_paid_content":false,"footnotes":"","jetpack_publicize_message":"","jetpack_publicize_feature_enabled":true,"jetpack_social_post_already_shared":true,"jetpack_social_options":{"image_generator_settings":{"template":"highway","default_image_id":0,"font":"","enabled":false},"version":2}},"categories":[1,3],"tags":[],"class_list":["post-29593","post","type-post","status-publish","format-standard","hentry","category-noticias","category-politica"],"acf":[],"jetpack_publicize_connections":[],"jetpack_featured_media_url":"","jetpack_sharing_enabled":true,"publishpress_future_workflow_manual_trigger":{"enabledWorkflows":[]},"_links":{"self":[{"href":"https:\/\/blogdoeloiltoncajuhy.com.br\/site\/wp-json\/wp\/v2\/posts\/29593","targetHints":{"allow":["GET"]}}],"collection":[{"href":"https:\/\/blogdoeloiltoncajuhy.com.br\/site\/wp-json\/wp\/v2\/posts"}],"about":[{"href":"https:\/\/blogdoeloiltoncajuhy.com.br\/site\/wp-json\/wp\/v2\/types\/post"}],"author":[{"embeddable":true,"href":"https:\/\/blogdoeloiltoncajuhy.com.br\/site\/wp-json\/wp\/v2\/users\/2"}],"replies":[{"embeddable":true,"href":"https:\/\/blogdoeloiltoncajuhy.com.br\/site\/wp-json\/wp\/v2\/comments?post=29593"}],"version-history":[{"count":1,"href":"https:\/\/blogdoeloiltoncajuhy.com.br\/site\/wp-json\/wp\/v2\/posts\/29593\/revisions"}],"predecessor-version":[{"id":29594,"href":"https:\/\/blogdoeloiltoncajuhy.com.br\/site\/wp-json\/wp\/v2\/posts\/29593\/revisions\/29594"}],"wp:attachment":[{"href":"https:\/\/blogdoeloiltoncajuhy.com.br\/site\/wp-json\/wp\/v2\/media?parent=29593"}],"wp:term":[{"taxonomy":"category","embeddable":true,"href":"https:\/\/blogdoeloiltoncajuhy.com.br\/site\/wp-json\/wp\/v2\/categories?post=29593"},{"taxonomy":"post_tag","embeddable":true,"href":"https:\/\/blogdoeloiltoncajuhy.com.br\/site\/wp-json\/wp\/v2\/tags?post=29593"}],"curies":[{"name":"wp","href":"https:\/\/api.w.org\/{rel}","templated":true}]}}