{"id":29591,"date":"2018-11-30T20:11:21","date_gmt":"2018-11-30T23:11:21","guid":{"rendered":"http:\/\/blogdoeloiltoncajuhy.com.br\/site\/?p=29591"},"modified":"2018-11-30T20:11:21","modified_gmt":"2018-11-30T23:11:21","slug":"bandeira-tarifaria-de-dezembro-sera-verde-anuncia-aneel","status":"publish","type":"post","link":"https:\/\/blogdoeloiltoncajuhy.com.br\/site\/bandeira-tarifaria-de-dezembro-sera-verde-anuncia-aneel\/","title":{"rendered":"Bandeira tarif\u00e1ria de dezembro ser\u00e1 verde, anuncia Aneel"},"content":{"rendered":"<h5 style=\"text-align: center;\">Com mudan\u00e7a, n\u00e3o haver\u00e1 cobran\u00e7a extra na conta de luz dos consumidores. Em novembro, houve cobran\u00e7a extra de R$ 1,50 a cada 100 quilowatts-hora (kWh) consumidos<\/h5>\n<p><a href=\"https:\/\/i0.wp.com\/blogdoeloiltoncajuhy.com.br\/site\/wp-content\/uploads\/2018\/09\/luz-ebc.jpg\"><img data-recalc-dims=\"1\" fetchpriority=\"high\" decoding=\"async\" class=\"aligncenter wp-image-27661\" src=\"https:\/\/i0.wp.com\/blogdoeloiltoncajuhy.com.br\/site\/wp-content\/uploads\/2018\/09\/luz-ebc.jpg?resize=450%2C332\" alt=\"\" width=\"450\" height=\"332\" srcset=\"https:\/\/i0.wp.com\/blogdoeloiltoncajuhy.com.br\/site\/wp-content\/uploads\/2018\/09\/luz-ebc.jpg?w=380&amp;ssl=1 380w, https:\/\/i0.wp.com\/blogdoeloiltoncajuhy.com.br\/site\/wp-content\/uploads\/2018\/09\/luz-ebc.jpg?resize=300%2C221&amp;ssl=1 300w, https:\/\/i0.wp.com\/blogdoeloiltoncajuhy.com.br\/site\/wp-content\/uploads\/2018\/09\/luz-ebc.jpg?resize=250%2C184&amp;ssl=1 250w\" sizes=\"(max-width: 450px) 100vw, 450px\" \/><\/a>A Ag\u00eancia Nacional de Energia El\u00e9trica (Aneel) anunciou nesta sexta-feira (30) que a bandeira tarif\u00e1ria de dezembro ser\u00e1 verde, o que significa que n\u00e3o haver\u00e1 cobran\u00e7a extra na conta de luz no pr\u00f3ximo m\u00eas.<\/p>\n<p>Segundo a Aneel, <em>\u201capesar de os reservat\u00f3rios ainda apresentarem n\u00edveis reduzidos, a expectativa \u00e9 a que a esta\u00e7\u00e3o chuvosa continue promovendo eleva\u00e7\u00e3o do n\u00edvel de produ\u00e7\u00e3o de energia pelas usinas hidrel\u00e9tricas\u201d<\/em>.<\/p>\n<p>Em novembro a bandeira foi amarela, com cobran\u00e7a extra de R$ 1 a cada 100 quilowatts-hora (kWh) consumidos.<\/p>\n<p>Nos cinco meses anteriores, a bandeira tarif\u00e1ria havia ficado no patamar 2 da bandeira vermelha, o mais alto. Com a bandeira vermelha no patamar 2 a cobran\u00e7a extra na conta de luz era de R$ 5 a cada 100 kWh.<\/p>\n<p>Criado pela Aneel, o sistema de bandeiras tarif\u00e1rias sinaliza o custo da energia gerada, possibilitando aos consumidores reduzir o consumo quando a energia est\u00e1 mais cara.<\/p>\n<p>O funcionamento das bandeiras tarif\u00e1rias \u00e9 simples: as cores verde, amarela ou vermelha (nos patamares 1 e 2) indicam se a energia custar\u00e1 mais ou menos em fun\u00e7\u00e3o das condi\u00e7\u00f5es de gera\u00e7\u00e3o.<\/p>\n<p><em><strong>*Por La\u00eds Lis, G1 \u2014 Bras\u00edlia<\/strong><\/em><\/p>\n","protected":false},"excerpt":{"rendered":"<p>Com mudan\u00e7a, n\u00e3o haver\u00e1 cobran\u00e7a extra na conta de luz dos consumidores. Em novembro, houve cobran\u00e7a extra de R$ 1,50 a cada 100 quilowatts-hora (kWh) consumidos A Ag\u00eancia Nacional de Energia El\u00e9trica (Aneel) anunciou nesta sexta-feira (30) que a bandeira tarif\u00e1ria de dezembro ser\u00e1 verde, o que significa que n\u00e3o haver\u00e1 cobran\u00e7a extra na conta [&hellip;]<\/p>\n","protected":false},"author":2,"featured_media":0,"comment_status":"open","ping_status":"open","sticky":false,"template":"","format":"standard","meta":{"_acf_changed":false,"_monsterinsights_skip_tracking":false,"_monsterinsights_sitenote_active":false,"_monsterinsights_sitenote_note":"","_monsterinsights_sitenote_category":0,"_jetpack_memberships_contains_paid_content":false,"footnotes":"","jetpack_publicize_message":"","jetpack_publicize_feature_enabled":true,"jetpack_social_post_already_shared":true,"jetpack_social_options":{"image_generator_settings":{"template":"highway","default_image_id":0,"font":"","enabled":false},"version":2}},"categories":[5,1],"tags":[],"class_list":["post-29591","post","type-post","status-publish","format-standard","hentry","category-cotidiano","category-noticias"],"acf":[],"jetpack_publicize_connections":[],"jetpack_featured_media_url":"","jetpack_sharing_enabled":true,"publishpress_future_workflow_manual_trigger":{"enabledWorkflows":[]},"_links":{"self":[{"href":"https:\/\/blogdoeloiltoncajuhy.com.br\/site\/wp-json\/wp\/v2\/posts\/29591","targetHints":{"allow":["GET"]}}],"collection":[{"href":"https:\/\/blogdoeloiltoncajuhy.com.br\/site\/wp-json\/wp\/v2\/posts"}],"about":[{"href":"https:\/\/blogdoeloiltoncajuhy.com.br\/site\/wp-json\/wp\/v2\/types\/post"}],"author":[{"embeddable":true,"href":"https:\/\/blogdoeloiltoncajuhy.com.br\/site\/wp-json\/wp\/v2\/users\/2"}],"replies":[{"embeddable":true,"href":"https:\/\/blogdoeloiltoncajuhy.com.br\/site\/wp-json\/wp\/v2\/comments?post=29591"}],"version-history":[{"count":1,"href":"https:\/\/blogdoeloiltoncajuhy.com.br\/site\/wp-json\/wp\/v2\/posts\/29591\/revisions"}],"predecessor-version":[{"id":29592,"href":"https:\/\/blogdoeloiltoncajuhy.com.br\/site\/wp-json\/wp\/v2\/posts\/29591\/revisions\/29592"}],"wp:attachment":[{"href":"https:\/\/blogdoeloiltoncajuhy.com.br\/site\/wp-json\/wp\/v2\/media?parent=29591"}],"wp:term":[{"taxonomy":"category","embeddable":true,"href":"https:\/\/blogdoeloiltoncajuhy.com.br\/site\/wp-json\/wp\/v2\/categories?post=29591"},{"taxonomy":"post_tag","embeddable":true,"href":"https:\/\/blogdoeloiltoncajuhy.com.br\/site\/wp-json\/wp\/v2\/tags?post=29591"}],"curies":[{"name":"wp","href":"https:\/\/api.w.org\/{rel}","templated":true}]}}