{"id":29584,"date":"2018-11-30T19:45:34","date_gmt":"2018-11-30T22:45:34","guid":{"rendered":"http:\/\/blogdoeloiltoncajuhy.com.br\/site\/?p=29584"},"modified":"2018-11-30T19:45:34","modified_gmt":"2018-11-30T22:45:34","slug":"secretaria-de-saude-de-andorinha-esta-convocando-em-carter-de-urgencia-pacientes-cadastradas-para-realizar-cirurgia-de-catarata","status":"publish","type":"post","link":"https:\/\/blogdoeloiltoncajuhy.com.br\/site\/secretaria-de-saude-de-andorinha-esta-convocando-em-carter-de-urgencia-pacientes-cadastradas-para-realizar-cirurgia-de-catarata\/","title":{"rendered":"Secretaria de Sa\u00fade de Andorinha est\u00e1 convocando em c\u00e1rter de urg\u00eancia pacientes cadastradas para realizar cirurgia de catarata"},"content":{"rendered":"<p><a href=\"https:\/\/i0.wp.com\/blogdoeloiltoncajuhy.com.br\/site\/wp-content\/uploads\/2018\/11\/mutirao-catarata_dez2018.jpg\"><img data-recalc-dims=\"1\" fetchpriority=\"high\" decoding=\"async\" class=\"wp-image-29585 alignleft\" src=\"https:\/\/i0.wp.com\/blogdoeloiltoncajuhy.com.br\/site\/wp-content\/uploads\/2018\/11\/mutirao-catarata_dez2018.jpg?resize=400%2C300\" alt=\"\" width=\"400\" height=\"300\" srcset=\"https:\/\/i0.wp.com\/blogdoeloiltoncajuhy.com.br\/site\/wp-content\/uploads\/2018\/11\/mutirao-catarata_dez2018.jpg?w=620&amp;ssl=1 620w, https:\/\/i0.wp.com\/blogdoeloiltoncajuhy.com.br\/site\/wp-content\/uploads\/2018\/11\/mutirao-catarata_dez2018.jpg?resize=300%2C225&amp;ssl=1 300w, https:\/\/i0.wp.com\/blogdoeloiltoncajuhy.com.br\/site\/wp-content\/uploads\/2018\/11\/mutirao-catarata_dez2018.jpg?resize=250%2C188&amp;ssl=1 250w\" sizes=\"(max-width: 400px) 100vw, 400px\" \/><\/a>A Secretaria de Sa\u00fade do munic\u00edpio de Andorinha est\u00e1 convocando em car\u00e1ter de urg\u00eancia todos os pacientes que realizaram cadastro para o Mutir\u00e3o de Cirurgias de Catarata, que ser\u00e1 realizado no m\u00eas de dezembro.<\/p>\n<p>Informa ainda que todos devem comparecer \u00e0 Central de Marca\u00e7\u00e3o de Consultas, que fica na Rua Princesa Isabel, at\u00e9 a pr\u00f3xima segunda-feira, 3 de dezembro. O objetivo \u00e9 esclarecer d\u00favidas e cuidados a acerca do procedimento cir\u00fargico.<\/p>\n<p><em><strong>*Ascom Prefeitura Municipal de Andorinha-BA<\/strong><\/em><\/p>\n","protected":false},"excerpt":{"rendered":"<p>A Secretaria de Sa\u00fade do munic\u00edpio de Andorinha est\u00e1 convocando em car\u00e1ter de urg\u00eancia todos os pacientes que realizaram cadastro para o Mutir\u00e3o de Cirurgias de Catarata, que ser\u00e1 realizado no m\u00eas de dezembro. Informa ainda que todos devem comparecer \u00e0 Central de Marca\u00e7\u00e3o de Consultas, que fica na Rua Princesa Isabel, at\u00e9 a pr\u00f3xima [&hellip;]<\/p>\n","protected":false},"author":2,"featured_media":29585,"comment_status":"open","ping_status":"open","sticky":false,"template":"","format":"standard","meta":{"_acf_changed":false,"_monsterinsights_skip_tracking":false,"_monsterinsights_sitenote_active":false,"_monsterinsights_sitenote_note":"","_monsterinsights_sitenote_category":0,"_jetpack_memberships_contains_paid_content":false,"footnotes":"","jetpack_publicize_message":"","jetpack_publicize_feature_enabled":true,"jetpack_social_post_already_shared":true,"jetpack_social_options":{"image_generator_settings":{"template":"highway","default_image_id":0,"font":"","enabled":false},"version":2}},"categories":[1,11,7],"tags":[],"class_list":["post-29584","post","type-post","status-publish","format-standard","has-post-thumbnail","hentry","category-noticias","category-regional","category-saude"],"acf":[],"jetpack_publicize_connections":[],"jetpack_featured_media_url":"https:\/\/i0.wp.com\/blogdoeloiltoncajuhy.com.br\/site\/wp-content\/uploads\/2018\/11\/mutirao-catarata_dez2018.jpg?fit=620%2C465&ssl=1","jetpack_sharing_enabled":true,"publishpress_future_workflow_manual_trigger":{"enabledWorkflows":[]},"_links":{"self":[{"href":"https:\/\/blogdoeloiltoncajuhy.com.br\/site\/wp-json\/wp\/v2\/posts\/29584","targetHints":{"allow":["GET"]}}],"collection":[{"href":"https:\/\/blogdoeloiltoncajuhy.com.br\/site\/wp-json\/wp\/v2\/posts"}],"about":[{"href":"https:\/\/blogdoeloiltoncajuhy.com.br\/site\/wp-json\/wp\/v2\/types\/post"}],"author":[{"embeddable":true,"href":"https:\/\/blogdoeloiltoncajuhy.com.br\/site\/wp-json\/wp\/v2\/users\/2"}],"replies":[{"embeddable":true,"href":"https:\/\/blogdoeloiltoncajuhy.com.br\/site\/wp-json\/wp\/v2\/comments?post=29584"}],"version-history":[{"count":1,"href":"https:\/\/blogdoeloiltoncajuhy.com.br\/site\/wp-json\/wp\/v2\/posts\/29584\/revisions"}],"predecessor-version":[{"id":29586,"href":"https:\/\/blogdoeloiltoncajuhy.com.br\/site\/wp-json\/wp\/v2\/posts\/29584\/revisions\/29586"}],"wp:featuredmedia":[{"embeddable":true,"href":"https:\/\/blogdoeloiltoncajuhy.com.br\/site\/wp-json\/wp\/v2\/media\/29585"}],"wp:attachment":[{"href":"https:\/\/blogdoeloiltoncajuhy.com.br\/site\/wp-json\/wp\/v2\/media?parent=29584"}],"wp:term":[{"taxonomy":"category","embeddable":true,"href":"https:\/\/blogdoeloiltoncajuhy.com.br\/site\/wp-json\/wp\/v2\/categories?post=29584"},{"taxonomy":"post_tag","embeddable":true,"href":"https:\/\/blogdoeloiltoncajuhy.com.br\/site\/wp-json\/wp\/v2\/tags?post=29584"}],"curies":[{"name":"wp","href":"https:\/\/api.w.org\/{rel}","templated":true}]}}