{"id":29581,"date":"2018-11-30T11:08:13","date_gmt":"2018-11-30T14:08:13","guid":{"rendered":"http:\/\/blogdoeloiltoncajuhy.com.br\/site\/?p=29581"},"modified":"2018-11-30T11:08:13","modified_gmt":"2018-11-30T14:08:13","slug":"associacao-dos-vaqueiros-de-santa-rosa-presta-homenagem-a-ze-da-zefa","status":"publish","type":"post","link":"https:\/\/blogdoeloiltoncajuhy.com.br\/site\/associacao-dos-vaqueiros-de-santa-rosa-presta-homenagem-a-ze-da-zefa\/","title":{"rendered":"Associa\u00e7\u00e3o dos Vaqueiros de Santa Rosa presta homenagem a Z\u00e9 da Zefa"},"content":{"rendered":"<p><a href=\"https:\/\/i0.wp.com\/blogdoeloiltoncajuhy.com.br\/site\/wp-content\/uploads\/2018\/11\/ze-da-zefa.jpg\"><img data-recalc-dims=\"1\" fetchpriority=\"high\" decoding=\"async\" class=\"wp-image-29445 alignright\" src=\"https:\/\/i0.wp.com\/blogdoeloiltoncajuhy.com.br\/site\/wp-content\/uploads\/2018\/11\/ze-da-zefa.jpg?resize=338%2C600\" alt=\"\" width=\"338\" height=\"600\" srcset=\"https:\/\/i0.wp.com\/blogdoeloiltoncajuhy.com.br\/site\/wp-content\/uploads\/2018\/11\/ze-da-zefa.jpg?w=720&amp;ssl=1 720w, https:\/\/i0.wp.com\/blogdoeloiltoncajuhy.com.br\/site\/wp-content\/uploads\/2018\/11\/ze-da-zefa.jpg?resize=169%2C300&amp;ssl=1 169w, https:\/\/i0.wp.com\/blogdoeloiltoncajuhy.com.br\/site\/wp-content\/uploads\/2018\/11\/ze-da-zefa.jpg?resize=576%2C1024&amp;ssl=1 576w, https:\/\/i0.wp.com\/blogdoeloiltoncajuhy.com.br\/site\/wp-content\/uploads\/2018\/11\/ze-da-zefa.jpg?resize=141%2C250&amp;ssl=1 141w\" sizes=\"(max-width: 338px) 100vw, 338px\" \/><\/a>O vaqueiro se foi de forma prematura e inesperada. A viol\u00eancia humana calou um dos homens mais trabalhadores da regi\u00e3o. De origem simples e humilde, Jos\u00e9 Fernandes, ou carinhosamente Z\u00e9 da Zefa, construiu sua hist\u00f3ria com muito suor e alcan\u00e7ou uma enorme popularidade nas regi\u00f5es de Santa Rosa de Lima, em Jaguarari, Andorinha e Senhor do Bonfim.<\/p>\n<p>Brutalmente assassinado no s\u00e1bado passado, dia 24 de novembro, sua hist\u00f3ria se confunde com a hist\u00f3ria de luta pela sobreviv\u00eancia do povo nordestino. E para homenagear este homem de tantas lutas, a <strong>Associa\u00e7\u00e3o de Vaqueiros de Santa Rosa de Lima<\/strong>, em Jaguarari, publica nota de pesar pelo falecimento de Z\u00e9 da Zefa.<\/p>\n<h5><strong>Confira:<\/strong><\/h5>\n<p><em><strong>Jos\u00e9 Fernandes teve sua miss\u00e3o interrompida. O homem que nasceu na simplicidade, sentiu a dor da necessidade, como ele mesmo dizia, e sempre se emocionava em qualquer lugar ao lembrar de dona Zefa sua m\u00e3e; quando as vezes n\u00e3o fazia uma das refei\u00e7\u00f5es para que n\u00e3o faltasse pros filhos! <\/strong><\/em><\/p>\n<p><em><strong>Eram tempos dif\u00edceis mas havia Uni\u00e3o! Jos\u00e9 Fernandes perdeu o pai muito cedo; lhe somavam cinco anos de idade; uma crian\u00e7a que trocou a inf\u00e2ncia para ajudar a m\u00e3e a cuidar dos irm\u00e3os mais novos.<\/strong><\/em><\/p>\n<p><em><strong>Trabalhou na ro\u00e7a; logo cedo descobriu a dureza da vida e, quando rapazinho, come\u00e7ou a trabalhar na venda de seu Zeca Bonfim, praticamente seu segundo pai, que muito lhe ensinou sobre o com\u00e9rcio e a arte de negociar.<\/strong><\/em><\/p>\n<p><em><strong>Por m\u00e9rito conquistou seu pr\u00f3prio neg\u00f3cio e nunca mais parou, pois eu, voc\u00ea&#8230; aguardamos que essa parada seja feita por ordem de Deus e n\u00e3o por m\u00e3os insanas.\u00a0Jos\u00e9 casou-se com dona Marinalva e, dessa uni\u00e3o, vieram duas figuras t\u00e3o amorosas que eram o orgulho desses pais: Giza e Daniela.<\/strong><\/em><\/p>\n<p><em><strong>Jos\u00e9 conquistou patrim\u00f4nios: ro\u00e7as, fazendas, im\u00f3veis.\u00a0O primeiro parque de vaquejada em homenagem a seu saudoso pai Manoel Benedito, em Santa Rosa de Lima&#8230; E o mais fascinante: tudo conquistado honestamente com o suor do seu rosto. N\u00e3o tinha dia nem hora. O seu lema era trabalho.<\/strong><\/em><\/p>\n<p><em><strong>Relembrava sempre os tempos de Belo Cardoso e Seu Cisino, refer\u00eancias da moral e da ordem que existia em nossa comunidade. Hoje nos silenciamos. Estamos desprotegidos, vulner\u00e1veis. Nos sentimos impotentes, pois n\u00e3o se explica o inconform\u00e1vel.<\/strong><\/em><\/p>\n<p><em><strong>A Associa\u00e7\u00e3o dos Vaqueiros se solidariza com a fam\u00edlia e assim compartilha com todos o carinho com o qual a popula\u00e7\u00e3o demonstrou no cortejo de sua despedida.<\/strong><\/em><\/p>\n<p><em><strong>QUE JOS\u00c9 FERNANDES, NOSSO AMIGO Z\u00c9 DA ZEFA, SEJA RECEBIDO NA CASA DE DEUS E DESCANSE EM PAZ<\/strong><\/em><\/p>\n<p><em><strong>ASSOCIA\u00c7\u00c3O DOS VAQUEIROS \/\u00a0SANTA ROSA DE LIMA &#8211; BAHIA.<\/strong><\/em><\/p>\n<figure id=\"attachment_29582\" aria-describedby=\"caption-attachment-29582\" style=\"width: 500px\" class=\"wp-caption aligncenter\"><a href=\"https:\/\/i0.wp.com\/blogdoeloiltoncajuhy.com.br\/site\/wp-content\/uploads\/2018\/11\/ze-da-zefa-amigos-luiz-gonzaga.png\"><img data-recalc-dims=\"1\" decoding=\"async\" class=\"wp-image-29582\" src=\"https:\/\/i0.wp.com\/blogdoeloiltoncajuhy.com.br\/site\/wp-content\/uploads\/2018\/11\/ze-da-zefa-amigos-luiz-gonzaga.png?resize=500%2C500\" alt=\"\" width=\"500\" height=\"500\" srcset=\"https:\/\/i0.wp.com\/blogdoeloiltoncajuhy.com.br\/site\/wp-content\/uploads\/2018\/11\/ze-da-zefa-amigos-luiz-gonzaga.png?w=960&amp;ssl=1 960w, https:\/\/i0.wp.com\/blogdoeloiltoncajuhy.com.br\/site\/wp-content\/uploads\/2018\/11\/ze-da-zefa-amigos-luiz-gonzaga.png?resize=150%2C150&amp;ssl=1 150w, https:\/\/i0.wp.com\/blogdoeloiltoncajuhy.com.br\/site\/wp-content\/uploads\/2018\/11\/ze-da-zefa-amigos-luiz-gonzaga.png?resize=300%2C300&amp;ssl=1 300w, https:\/\/i0.wp.com\/blogdoeloiltoncajuhy.com.br\/site\/wp-content\/uploads\/2018\/11\/ze-da-zefa-amigos-luiz-gonzaga.png?resize=768%2C768&amp;ssl=1 768w, https:\/\/i0.wp.com\/blogdoeloiltoncajuhy.com.br\/site\/wp-content\/uploads\/2018\/11\/ze-da-zefa-amigos-luiz-gonzaga.png?resize=250%2C250&amp;ssl=1 250w, https:\/\/i0.wp.com\/blogdoeloiltoncajuhy.com.br\/site\/wp-content\/uploads\/2018\/11\/ze-da-zefa-amigos-luiz-gonzaga.png?resize=48%2C48&amp;ssl=1 48w\" sizes=\"(max-width: 500px) 100vw, 500px\" \/><\/a><figcaption id=\"caption-attachment-29582\" class=\"wp-caption-text\">Foto: Acervo Nelson Roque dos Santos, publicada pela Fan Page Bonfim, Futebol e Hist\u00f3ria<\/figcaption><\/figure>\n<p><strong>*BLOG DO ELOILTON CAJUHY<\/strong><\/p>\n","protected":false},"excerpt":{"rendered":"<p>O vaqueiro se foi de forma prematura e inesperada. A viol\u00eancia humana calou um dos homens mais trabalhadores da regi\u00e3o. De origem simples e humilde, Jos\u00e9 Fernandes, ou carinhosamente Z\u00e9 da Zefa, construiu sua hist\u00f3ria com muito suor e alcan\u00e7ou uma enorme popularidade nas regi\u00f5es de Santa Rosa de Lima, em Jaguarari, Andorinha e Senhor [&hellip;]<\/p>\n","protected":false},"author":2,"featured_media":29582,"comment_status":"open","ping_status":"open","sticky":false,"template":"","format":"standard","meta":{"_acf_changed":false,"_monsterinsights_skip_tracking":false,"_monsterinsights_sitenote_active":false,"_monsterinsights_sitenote_note":"","_monsterinsights_sitenote_category":0,"_jetpack_memberships_contains_paid_content":false,"footnotes":"","jetpack_publicize_message":"","jetpack_publicize_feature_enabled":true,"jetpack_social_post_already_shared":true,"jetpack_social_options":{"image_generator_settings":{"template":"highway","default_image_id":0,"font":"","enabled":false},"version":2}},"categories":[1,11],"tags":[],"class_list":["post-29581","post","type-post","status-publish","format-standard","has-post-thumbnail","hentry","category-noticias","category-regional"],"acf":[],"jetpack_publicize_connections":[],"jetpack_featured_media_url":"https:\/\/i0.wp.com\/blogdoeloiltoncajuhy.com.br\/site\/wp-content\/uploads\/2018\/11\/ze-da-zefa-amigos-luiz-gonzaga.png?fit=960%2C960&ssl=1","jetpack_sharing_enabled":true,"publishpress_future_workflow_manual_trigger":{"enabledWorkflows":[]},"_links":{"self":[{"href":"https:\/\/blogdoeloiltoncajuhy.com.br\/site\/wp-json\/wp\/v2\/posts\/29581","targetHints":{"allow":["GET"]}}],"collection":[{"href":"https:\/\/blogdoeloiltoncajuhy.com.br\/site\/wp-json\/wp\/v2\/posts"}],"about":[{"href":"https:\/\/blogdoeloiltoncajuhy.com.br\/site\/wp-json\/wp\/v2\/types\/post"}],"author":[{"embeddable":true,"href":"https:\/\/blogdoeloiltoncajuhy.com.br\/site\/wp-json\/wp\/v2\/users\/2"}],"replies":[{"embeddable":true,"href":"https:\/\/blogdoeloiltoncajuhy.com.br\/site\/wp-json\/wp\/v2\/comments?post=29581"}],"version-history":[{"count":1,"href":"https:\/\/blogdoeloiltoncajuhy.com.br\/site\/wp-json\/wp\/v2\/posts\/29581\/revisions"}],"predecessor-version":[{"id":29583,"href":"https:\/\/blogdoeloiltoncajuhy.com.br\/site\/wp-json\/wp\/v2\/posts\/29581\/revisions\/29583"}],"wp:featuredmedia":[{"embeddable":true,"href":"https:\/\/blogdoeloiltoncajuhy.com.br\/site\/wp-json\/wp\/v2\/media\/29582"}],"wp:attachment":[{"href":"https:\/\/blogdoeloiltoncajuhy.com.br\/site\/wp-json\/wp\/v2\/media?parent=29581"}],"wp:term":[{"taxonomy":"category","embeddable":true,"href":"https:\/\/blogdoeloiltoncajuhy.com.br\/site\/wp-json\/wp\/v2\/categories?post=29581"},{"taxonomy":"post_tag","embeddable":true,"href":"https:\/\/blogdoeloiltoncajuhy.com.br\/site\/wp-json\/wp\/v2\/tags?post=29581"}],"curies":[{"name":"wp","href":"https:\/\/api.w.org\/{rel}","templated":true}]}}