{"id":29576,"date":"2018-11-29T12:26:24","date_gmt":"2018-11-29T15:26:24","guid":{"rendered":"http:\/\/blogdoeloiltoncajuhy.com.br\/site\/?p=29576"},"modified":"2018-11-29T14:32:25","modified_gmt":"2018-11-29T17:32:25","slug":"prefeito-carlos-brasileiro-prestigia-abertura-do-1o-mega-feirao-de-negocios-de-senhor-do-bonfim","status":"publish","type":"post","link":"https:\/\/blogdoeloiltoncajuhy.com.br\/site\/prefeito-carlos-brasileiro-prestigia-abertura-do-1o-mega-feirao-de-negocios-de-senhor-do-bonfim\/","title":{"rendered":"Prefeito Carlos Brasileiro prestigia abertura do 1\u00ba Mega Feir\u00e3o de Neg\u00f3cios de Senhor do Bonfim"},"content":{"rendered":"<p><a href=\"https:\/\/i0.wp.com\/blogdoeloiltoncajuhy.com.br\/site\/wp-content\/uploads\/2018\/11\/pmsb_mega-feirao.jpg\"><img data-recalc-dims=\"1\" fetchpriority=\"high\" decoding=\"async\" class=\"aligncenter wp-image-29577\" src=\"https:\/\/i0.wp.com\/blogdoeloiltoncajuhy.com.br\/site\/wp-content\/uploads\/2018\/11\/pmsb_mega-feirao.jpg?resize=600%2C400\" alt=\"\" width=\"600\" height=\"400\" srcset=\"https:\/\/i0.wp.com\/blogdoeloiltoncajuhy.com.br\/site\/wp-content\/uploads\/2018\/11\/pmsb_mega-feirao.jpg?w=960&amp;ssl=1 960w, https:\/\/i0.wp.com\/blogdoeloiltoncajuhy.com.br\/site\/wp-content\/uploads\/2018\/11\/pmsb_mega-feirao.jpg?resize=300%2C200&amp;ssl=1 300w, https:\/\/i0.wp.com\/blogdoeloiltoncajuhy.com.br\/site\/wp-content\/uploads\/2018\/11\/pmsb_mega-feirao.jpg?resize=768%2C512&amp;ssl=1 768w, https:\/\/i0.wp.com\/blogdoeloiltoncajuhy.com.br\/site\/wp-content\/uploads\/2018\/11\/pmsb_mega-feirao.jpg?resize=250%2C167&amp;ssl=1 250w\" sizes=\"(max-width: 600px) 100vw, 600px\" \/><\/a>O prefeito Carlos Brasileiro prestigiou nesta quarta-feira (28), a abertura da 1\u00aa edi\u00e7\u00e3o do Mega Feir\u00e3o de Neg\u00f3cios de Senhor Bonfim. O gestor estava acompanhado do secret\u00e1rio de Desenvolvimento Econ\u00f4mico, Turismo e Esporte, Diogo Rios, e do superintendente, Anfil\u00f3fio Pereira, al\u00e9m do secret\u00e1rio de Planejamento e Finan\u00e7as, Benito Brasileiro.<\/p>\n<p>O evento est\u00e1 sendo realizado na Pra\u00e7a Nova do Congresso e na Rua Floriano Peixoto (ao lado da Sociedade 25 de janeiro). No espa\u00e7o, cerca de 70 expositores est\u00e3o apresentado produtos e servi\u00e7os de diversos seguimentos comercias.<\/p>\n<p><em>\u201cTivemos um bom fluxo no primeiro dia. Acredito que vamos alcan\u00e7ar o nosso objetivo\u201d<\/em>, disse o expositor Nilton Sena no estande da Tropical Motos.<\/p>\n<p>O evento, que come\u00e7ou como um feir\u00e3o de autom\u00f3veis em 2017, foi criado e \u00e9 organizado pelo consultor de vendas Ja\u00edlson Oliveira, popular Jaula.\u00a0<em>\u201cAl\u00e9m de ofertar uma diversidade de produtos e servi\u00e7os, o Mega Feir\u00e3o busca oferecer descontos e vantagens para os consumidores de Bonfim e regi\u00e3o nesse momento que antecede o natal\u201d<\/em>, enfatiza Jaula.<\/p>\n<p>A feira funciona das 9 \u00e0s 21 horas e vai acontecer at\u00e9 o dia 1\u00ba de dezembro, s\u00e1bado. A prefeitura de Senhor Bonfim autorizou o uso do espa\u00e7o p\u00fablico, cedeu parte da infraestrutura e est\u00e1 dando apoio log\u00edstico ao evento.<\/p>\n<p><em>\u201cO Mega Feir\u00e3o de Neg\u00f3cios \u00e9 uma prova inconteste que Bonfim \u00e9 um grande polo comercial, um grande centro de desenvolvimento&#8221;<\/em>, destaca o prefeito Carlos Brasileiro.<\/p>\n<p>Al\u00e9m dos estandes, o evento est\u00e1 realizando apresenta\u00e7\u00f5es culturais, shows m\u00fasicas e desfiles de moda.\u00a0O Mega Feir\u00e3o conta com os seguintes parceiros: Prefeitura de Senhor do Bonfim, Sebrae, Casa do Empreendedor, Sindicato dos Comerci\u00e1rios, Associa\u00e7\u00e3o Comercial, C\u00e2mara dos Dirigentes Lojistas, 6\u00ba Batalh\u00e3o de Policia Militar, Sindicato Patronal de Senhor do Bonfim e empresa Engrendrar.<\/p>\n<p><em><strong>*ASCOM &#8211; Prefeitura Municipal de Senhor do Bonfim &#8211; BA<\/strong><\/em><\/p>\n","protected":false},"excerpt":{"rendered":"<p>O prefeito Carlos Brasileiro prestigiou nesta quarta-feira (28), a abertura da 1\u00aa edi\u00e7\u00e3o do Mega Feir\u00e3o de Neg\u00f3cios de Senhor Bonfim. O gestor estava acompanhado do secret\u00e1rio de Desenvolvimento Econ\u00f4mico, Turismo e Esporte, Diogo Rios, e do superintendente, Anfil\u00f3fio Pereira, al\u00e9m do secret\u00e1rio de Planejamento e Finan\u00e7as, Benito Brasileiro. O evento est\u00e1 sendo realizado na [&hellip;]<\/p>\n","protected":false},"author":2,"featured_media":29577,"comment_status":"open","ping_status":"open","sticky":false,"template":"","format":"standard","meta":{"_acf_changed":false,"_monsterinsights_skip_tracking":false,"_monsterinsights_sitenote_active":false,"_monsterinsights_sitenote_note":"","_monsterinsights_sitenote_category":0,"_jetpack_memberships_contains_paid_content":false,"footnotes":"","jetpack_publicize_message":"","jetpack_publicize_feature_enabled":true,"jetpack_social_post_already_shared":true,"jetpack_social_options":{"image_generator_settings":{"template":"highway","default_image_id":0,"font":"","enabled":false},"version":2}},"categories":[1,3,4],"tags":[],"class_list":["post-29576","post","type-post","status-publish","format-standard","has-post-thumbnail","hentry","category-noticias","category-politica","category-local"],"acf":[],"jetpack_publicize_connections":[],"jetpack_featured_media_url":"https:\/\/i0.wp.com\/blogdoeloiltoncajuhy.com.br\/site\/wp-content\/uploads\/2018\/11\/pmsb_mega-feirao.jpg?fit=960%2C640&ssl=1","jetpack_sharing_enabled":true,"publishpress_future_workflow_manual_trigger":{"enabledWorkflows":[]},"_links":{"self":[{"href":"https:\/\/blogdoeloiltoncajuhy.com.br\/site\/wp-json\/wp\/v2\/posts\/29576","targetHints":{"allow":["GET"]}}],"collection":[{"href":"https:\/\/blogdoeloiltoncajuhy.com.br\/site\/wp-json\/wp\/v2\/posts"}],"about":[{"href":"https:\/\/blogdoeloiltoncajuhy.com.br\/site\/wp-json\/wp\/v2\/types\/post"}],"author":[{"embeddable":true,"href":"https:\/\/blogdoeloiltoncajuhy.com.br\/site\/wp-json\/wp\/v2\/users\/2"}],"replies":[{"embeddable":true,"href":"https:\/\/blogdoeloiltoncajuhy.com.br\/site\/wp-json\/wp\/v2\/comments?post=29576"}],"version-history":[{"count":3,"href":"https:\/\/blogdoeloiltoncajuhy.com.br\/site\/wp-json\/wp\/v2\/posts\/29576\/revisions"}],"predecessor-version":[{"id":29580,"href":"https:\/\/blogdoeloiltoncajuhy.com.br\/site\/wp-json\/wp\/v2\/posts\/29576\/revisions\/29580"}],"wp:featuredmedia":[{"embeddable":true,"href":"https:\/\/blogdoeloiltoncajuhy.com.br\/site\/wp-json\/wp\/v2\/media\/29577"}],"wp:attachment":[{"href":"https:\/\/blogdoeloiltoncajuhy.com.br\/site\/wp-json\/wp\/v2\/media?parent=29576"}],"wp:term":[{"taxonomy":"category","embeddable":true,"href":"https:\/\/blogdoeloiltoncajuhy.com.br\/site\/wp-json\/wp\/v2\/categories?post=29576"},{"taxonomy":"post_tag","embeddable":true,"href":"https:\/\/blogdoeloiltoncajuhy.com.br\/site\/wp-json\/wp\/v2\/tags?post=29576"}],"curies":[{"name":"wp","href":"https:\/\/api.w.org\/{rel}","templated":true}]}}