{"id":29566,"date":"2018-11-29T09:17:58","date_gmt":"2018-11-29T12:17:58","guid":{"rendered":"http:\/\/blogdoeloiltoncajuhy.com.br\/site\/?p=29566"},"modified":"2018-11-29T09:17:58","modified_gmt":"2018-11-29T12:17:58","slug":"bonfim-policia-civil-prende-trio-suspeito-de-assaltos-na-regiao","status":"publish","type":"post","link":"https:\/\/blogdoeloiltoncajuhy.com.br\/site\/bonfim-policia-civil-prende-trio-suspeito-de-assaltos-na-regiao\/","title":{"rendered":"BONFIM: Pol\u00edcia Civil prende trio suspeito de assaltos na regi\u00e3o"},"content":{"rendered":"<figure id=\"attachment_29567\" aria-describedby=\"caption-attachment-29567\" style=\"width: 338px\" class=\"wp-caption aligncenter\"><a href=\"https:\/\/i0.wp.com\/blogdoeloiltoncajuhy.com.br\/site\/wp-content\/uploads\/2018\/11\/suspeitos-assaltos.jpg\"><img data-recalc-dims=\"1\" fetchpriority=\"high\" decoding=\"async\" class=\"wp-image-29567\" src=\"https:\/\/i0.wp.com\/blogdoeloiltoncajuhy.com.br\/site\/wp-content\/uploads\/2018\/11\/suspeitos-assaltos.jpg?resize=338%2C600\" alt=\"\" width=\"338\" height=\"600\" srcset=\"https:\/\/i0.wp.com\/blogdoeloiltoncajuhy.com.br\/site\/wp-content\/uploads\/2018\/11\/suspeitos-assaltos.jpg?w=540&amp;ssl=1 540w, https:\/\/i0.wp.com\/blogdoeloiltoncajuhy.com.br\/site\/wp-content\/uploads\/2018\/11\/suspeitos-assaltos.jpg?resize=169%2C300&amp;ssl=1 169w, https:\/\/i0.wp.com\/blogdoeloiltoncajuhy.com.br\/site\/wp-content\/uploads\/2018\/11\/suspeitos-assaltos.jpg?resize=141%2C250&amp;ssl=1 141w\" sizes=\"(max-width: 338px) 100vw, 338px\" \/><\/a><figcaption id=\"caption-attachment-29567\" class=\"wp-caption-text\">Foto: Divulga\u00e7\u00e3o \/ Pol\u00edcia Civil<\/figcaption><\/figure>\n<p>Opera\u00e7\u00e3o da Pol\u00edcia Civil de Senhor do Bonfim prendeu na manh\u00e3 desta quinta-feira (29), tr\u00eas homens suspeitos de promoverem assaltos na regi\u00e3o. Cumprindo mandados de busca, apreens\u00e3o e pris\u00e3o, ap\u00f3s investiga\u00e7\u00e3o das delegacias de Senhor do Bonfim e Ponto Novo, foram presos <strong>M\u00e1rcio Alves da Silva<\/strong>, de 42 anos, <strong>Iago Felipe da Silva<\/strong>, 21 anos e <strong>Welves Reis dos Santos<\/strong>, de 24 anos.<\/p>\n<p>M\u00e1rcio, Iago e Welves tiveram suas pris\u00f5es decretadas pelo Poder Judici\u00e1rio de Senhor do Bonfim e Iago tamb\u00e9m teve sua pris\u00e3o decretada pelo Poder Judici\u00e1rio de Ponto Novo. A pol\u00edcia ainda est\u00e1 a procura de outro suspeito. Trata-se de Jardiel de Souza Pereira, que n\u00e3o foi encontrado durante a opera\u00e7\u00e3o, estando foragido da justi\u00e7a.<\/p>\n<p>Todos eles s\u00e3o acusados de roubo de animais em fazendas da regi\u00e3o, como tamb\u00e9m est\u00e3o sendo investigados como poss\u00edveis autores de roubos, com uso de arma de fogo, a estabelecimentos comerciais, resid\u00eancias rurais e vans que fazem o transporte de passageiros entre Senhor do Bonfim e Jaguarari.<\/p>\n<p>Iago Felipe ser\u00e1 autuado tamb\u00e9m por por tr\u00e1fico de drogas, uma vez que, durante a busca em sua resid\u00eancia, os policiais encontraram coca\u00edna pronta para venda. Foram apreendidos com os presos 32 petecas de coca\u00edna; 02 petecas de coca\u00edna grande; 01 trouxa de maconha; 01 brucutu preto; 01 brucutu verde; 01 luva preta; 01 luva branca e um Fiat Stillo vermelho, possivelmente utilizado para os roubos. Os presos est\u00e3o a disposi\u00e7\u00e3o da Justi\u00e7a de Senhor do Bonfim.<\/p>\n<figure id=\"attachment_29568\" aria-describedby=\"caption-attachment-29568\" style=\"width: 960px\" class=\"wp-caption aligncenter\"><a href=\"https:\/\/i0.wp.com\/blogdoeloiltoncajuhy.com.br\/site\/wp-content\/uploads\/2018\/11\/suspeitos-assaltos_carro-apreendido.jpg\"><img data-recalc-dims=\"1\" decoding=\"async\" class=\"wp-image-29568 size-full\" src=\"https:\/\/i0.wp.com\/blogdoeloiltoncajuhy.com.br\/site\/wp-content\/uploads\/2018\/11\/suspeitos-assaltos_carro-apreendido.jpg?resize=800%2C450\" alt=\"\" width=\"800\" height=\"450\" srcset=\"https:\/\/i0.wp.com\/blogdoeloiltoncajuhy.com.br\/site\/wp-content\/uploads\/2018\/11\/suspeitos-assaltos_carro-apreendido.jpg?w=960&amp;ssl=1 960w, https:\/\/i0.wp.com\/blogdoeloiltoncajuhy.com.br\/site\/wp-content\/uploads\/2018\/11\/suspeitos-assaltos_carro-apreendido.jpg?resize=300%2C169&amp;ssl=1 300w, https:\/\/i0.wp.com\/blogdoeloiltoncajuhy.com.br\/site\/wp-content\/uploads\/2018\/11\/suspeitos-assaltos_carro-apreendido.jpg?resize=768%2C432&amp;ssl=1 768w, https:\/\/i0.wp.com\/blogdoeloiltoncajuhy.com.br\/site\/wp-content\/uploads\/2018\/11\/suspeitos-assaltos_carro-apreendido.jpg?resize=250%2C141&amp;ssl=1 250w\" sizes=\"(max-width: 800px) 100vw, 800px\" \/><\/a><figcaption id=\"caption-attachment-29568\" class=\"wp-caption-text\">Foto: Divulga\u00e7\u00e3o \/ Pol\u00edcia Civil<\/figcaption><\/figure>\n<p><strong>*BLOG DO ELOILTON CAJUHY &#8211; Com informa\u00e7\u00f5es da 19\u00aa Coorpin\/Senhor do Bonfim<\/strong><\/p>\n","protected":false},"excerpt":{"rendered":"<p>Opera\u00e7\u00e3o da Pol\u00edcia Civil de Senhor do Bonfim prendeu na manh\u00e3 desta quinta-feira (29), tr\u00eas homens suspeitos de promoverem assaltos na regi\u00e3o. Cumprindo mandados de busca, apreens\u00e3o e pris\u00e3o, ap\u00f3s investiga\u00e7\u00e3o das delegacias de Senhor do Bonfim e Ponto Novo, foram presos M\u00e1rcio Alves da Silva, de 42 anos, Iago Felipe da Silva, 21 anos [&hellip;]<\/p>\n","protected":false},"author":2,"featured_media":29568,"comment_status":"open","ping_status":"open","sticky":false,"template":"","format":"standard","meta":{"_acf_changed":false,"_monsterinsights_skip_tracking":false,"_monsterinsights_sitenote_active":false,"_monsterinsights_sitenote_note":"","_monsterinsights_sitenote_category":0,"_jetpack_memberships_contains_paid_content":false,"footnotes":"","jetpack_publicize_message":"","jetpack_publicize_feature_enabled":true,"jetpack_social_post_already_shared":true,"jetpack_social_options":{"image_generator_settings":{"template":"highway","default_image_id":0,"font":"","enabled":false},"version":2}},"categories":[5,1,11,4],"tags":[],"class_list":["post-29566","post","type-post","status-publish","format-standard","has-post-thumbnail","hentry","category-cotidiano","category-noticias","category-regional","category-local"],"acf":[],"jetpack_publicize_connections":[],"jetpack_featured_media_url":"https:\/\/i0.wp.com\/blogdoeloiltoncajuhy.com.br\/site\/wp-content\/uploads\/2018\/11\/suspeitos-assaltos_carro-apreendido.jpg?fit=960%2C540&ssl=1","jetpack_sharing_enabled":true,"publishpress_future_workflow_manual_trigger":{"enabledWorkflows":[]},"_links":{"self":[{"href":"https:\/\/blogdoeloiltoncajuhy.com.br\/site\/wp-json\/wp\/v2\/posts\/29566","targetHints":{"allow":["GET"]}}],"collection":[{"href":"https:\/\/blogdoeloiltoncajuhy.com.br\/site\/wp-json\/wp\/v2\/posts"}],"about":[{"href":"https:\/\/blogdoeloiltoncajuhy.com.br\/site\/wp-json\/wp\/v2\/types\/post"}],"author":[{"embeddable":true,"href":"https:\/\/blogdoeloiltoncajuhy.com.br\/site\/wp-json\/wp\/v2\/users\/2"}],"replies":[{"embeddable":true,"href":"https:\/\/blogdoeloiltoncajuhy.com.br\/site\/wp-json\/wp\/v2\/comments?post=29566"}],"version-history":[{"count":1,"href":"https:\/\/blogdoeloiltoncajuhy.com.br\/site\/wp-json\/wp\/v2\/posts\/29566\/revisions"}],"predecessor-version":[{"id":29569,"href":"https:\/\/blogdoeloiltoncajuhy.com.br\/site\/wp-json\/wp\/v2\/posts\/29566\/revisions\/29569"}],"wp:featuredmedia":[{"embeddable":true,"href":"https:\/\/blogdoeloiltoncajuhy.com.br\/site\/wp-json\/wp\/v2\/media\/29568"}],"wp:attachment":[{"href":"https:\/\/blogdoeloiltoncajuhy.com.br\/site\/wp-json\/wp\/v2\/media?parent=29566"}],"wp:term":[{"taxonomy":"category","embeddable":true,"href":"https:\/\/blogdoeloiltoncajuhy.com.br\/site\/wp-json\/wp\/v2\/categories?post=29566"},{"taxonomy":"post_tag","embeddable":true,"href":"https:\/\/blogdoeloiltoncajuhy.com.br\/site\/wp-json\/wp\/v2\/tags?post=29566"}],"curies":[{"name":"wp","href":"https:\/\/api.w.org\/{rel}","templated":true}]}}