{"id":29564,"date":"2018-11-29T07:18:14","date_gmt":"2018-11-29T10:18:14","guid":{"rendered":"http:\/\/blogdoeloiltoncajuhy.com.br\/site\/?p=29564"},"modified":"2018-11-29T07:18:14","modified_gmt":"2018-11-29T10:18:14","slug":"mae-e-presa-na-ba-suspeita-de-matar-filho-de-3-meses-com-tapa-no-rosto-ela-disse-a-policia-que-bebe-estava-chorando-demais","status":"publish","type":"post","link":"https:\/\/blogdoeloiltoncajuhy.com.br\/site\/mae-e-presa-na-ba-suspeita-de-matar-filho-de-3-meses-com-tapa-no-rosto-ela-disse-a-policia-que-bebe-estava-chorando-demais\/","title":{"rendered":"M\u00e3e \u00e9 presa na BA suspeita de matar filho de 3 meses com tapa no rosto; ela disse \u00e0 pol\u00edcia que beb\u00ea estava chorando demais"},"content":{"rendered":"<h5 style=\"text-align: center;\">Caso aconteceu na cidade de Vit\u00f3ria da Conquista. Pol\u00edcia Civil informou que vai pedir exuma\u00e7\u00e3o do corpo de irm\u00e3o g\u00eameo da v\u00edtima, que morreu no dia 6 de novembro<\/h5>\n<p><a href=\"https:\/\/i0.wp.com\/blogdoeloiltoncajuhy.com.br\/site\/wp-content\/uploads\/2015\/12\/pol%C3%ADcia.jpg\"><img data-recalc-dims=\"1\" fetchpriority=\"high\" decoding=\"async\" class=\"size-full wp-image-6606 alignright\" src=\"https:\/\/i0.wp.com\/blogdoeloiltoncajuhy.com.br\/site\/wp-content\/uploads\/2015\/12\/pol%C3%ADcia.jpg?resize=385%2C270\" alt=\"\" width=\"385\" height=\"270\" srcset=\"https:\/\/i0.wp.com\/blogdoeloiltoncajuhy.com.br\/site\/wp-content\/uploads\/2015\/12\/pol%C3%ADcia.jpg?w=385&amp;ssl=1 385w, https:\/\/i0.wp.com\/blogdoeloiltoncajuhy.com.br\/site\/wp-content\/uploads\/2015\/12\/pol%C3%ADcia.jpg?resize=300%2C210&amp;ssl=1 300w, https:\/\/i0.wp.com\/blogdoeloiltoncajuhy.com.br\/site\/wp-content\/uploads\/2015\/12\/pol%C3%ADcia.jpg?resize=250%2C175&amp;ssl=1 250w\" sizes=\"(max-width: 385px) 100vw, 385px\" \/><\/a>Uma mulher de 30 anos foi presa suspeita de matar o filho de tr\u00eas meses com um tapa no rosto do beb\u00ea, na noite de ter\u00e7a-feira (27), em Vit\u00f3ria da Conquista, cidade do sudoeste da Bahia. Segundo a pol\u00edcia, a mulher contou que bateu na crian\u00e7a porque ela estaria chorando demais.<\/p>\n<p>Conforme a Pol\u00edcia Civil, um irm\u00e3o g\u00eameo do beb\u00ea j\u00e1 havia morrido em 6 de novembro, ap\u00f3s sofrer uma parada cardiorrespirat\u00f3ria.<\/p>\n<p>Ainda segundo informa\u00e7\u00f5es da Pol\u00edcia Civil, no caso da \u00faltima ter\u00e7a-feira, em um primeiro momento, <strong>Graciane Almeida Silva<\/strong> disse aos m\u00e9dicos do Servi\u00e7o de Atendimento M\u00f3vel de Urg\u00eancia (Samu) e da Unidade de Pronto Atendimento (Upa), que o filho havia passado mal e morrido em casa. Ela contou a mesma vers\u00e3o aos familiares e \u00e0 pol\u00edcia.<\/p>\n<p>O laudo da necr\u00f3psia, entretanto, apontou traumatismo cr\u00e2nio encef\u00e1lico como causa da morte do beb\u00ea. Isso, aliado ao comportamento agressivo de Graciane com os filhos fez com que a primeira vers\u00e3o da mulher fosse questionada pela pol\u00edcia.<\/p>\n<p>Durante depoimento, segundo informa\u00e7\u00f5es da Pol\u00edcia Civil, Graciane confessou a agress\u00e3o ao beb\u00ea e disse ainda que foi a respons\u00e1vel por uma fratura no f\u00eamur que a mesma crian\u00e7a sofreu no dia 12 de novembro.<\/p>\n<p>Por conta da confiss\u00e3o dela, a pol\u00edcia informou que ser\u00e1 feito um pedido de exuma\u00e7\u00e3o do corpo do beb\u00ea que morreu em 6 de novembro, para verificar se houve algum tipo de viol\u00eancia que n\u00e3o foi percebida na \u00e9poca da morte.<\/p>\n<p><em><strong>*Por G1 BA<\/strong><\/em><\/p>\n","protected":false},"excerpt":{"rendered":"<p>Caso aconteceu na cidade de Vit\u00f3ria da Conquista. Pol\u00edcia Civil informou que vai pedir exuma\u00e7\u00e3o do corpo de irm\u00e3o g\u00eameo da v\u00edtima, que morreu no dia 6 de novembro Uma mulher de 30 anos foi presa suspeita de matar o filho de tr\u00eas meses com um tapa no rosto do beb\u00ea, na noite de ter\u00e7a-feira [&hellip;]<\/p>\n","protected":false},"author":2,"featured_media":0,"comment_status":"open","ping_status":"open","sticky":false,"template":"","format":"standard","meta":{"_acf_changed":false,"_monsterinsights_skip_tracking":false,"_monsterinsights_sitenote_active":false,"_monsterinsights_sitenote_note":"","_monsterinsights_sitenote_category":0,"_jetpack_memberships_contains_paid_content":false,"footnotes":"","jetpack_publicize_message":"","jetpack_publicize_feature_enabled":true,"jetpack_social_post_already_shared":true,"jetpack_social_options":{"image_generator_settings":{"template":"highway","default_image_id":0,"font":"","enabled":false},"version":2}},"categories":[5,1],"tags":[],"class_list":["post-29564","post","type-post","status-publish","format-standard","hentry","category-cotidiano","category-noticias"],"acf":[],"jetpack_publicize_connections":[],"jetpack_featured_media_url":"","jetpack_sharing_enabled":true,"publishpress_future_workflow_manual_trigger":{"enabledWorkflows":[]},"_links":{"self":[{"href":"https:\/\/blogdoeloiltoncajuhy.com.br\/site\/wp-json\/wp\/v2\/posts\/29564","targetHints":{"allow":["GET"]}}],"collection":[{"href":"https:\/\/blogdoeloiltoncajuhy.com.br\/site\/wp-json\/wp\/v2\/posts"}],"about":[{"href":"https:\/\/blogdoeloiltoncajuhy.com.br\/site\/wp-json\/wp\/v2\/types\/post"}],"author":[{"embeddable":true,"href":"https:\/\/blogdoeloiltoncajuhy.com.br\/site\/wp-json\/wp\/v2\/users\/2"}],"replies":[{"embeddable":true,"href":"https:\/\/blogdoeloiltoncajuhy.com.br\/site\/wp-json\/wp\/v2\/comments?post=29564"}],"version-history":[{"count":1,"href":"https:\/\/blogdoeloiltoncajuhy.com.br\/site\/wp-json\/wp\/v2\/posts\/29564\/revisions"}],"predecessor-version":[{"id":29565,"href":"https:\/\/blogdoeloiltoncajuhy.com.br\/site\/wp-json\/wp\/v2\/posts\/29564\/revisions\/29565"}],"wp:attachment":[{"href":"https:\/\/blogdoeloiltoncajuhy.com.br\/site\/wp-json\/wp\/v2\/media?parent=29564"}],"wp:term":[{"taxonomy":"category","embeddable":true,"href":"https:\/\/blogdoeloiltoncajuhy.com.br\/site\/wp-json\/wp\/v2\/categories?post=29564"},{"taxonomy":"post_tag","embeddable":true,"href":"https:\/\/blogdoeloiltoncajuhy.com.br\/site\/wp-json\/wp\/v2\/tags?post=29564"}],"curies":[{"name":"wp","href":"https:\/\/api.w.org\/{rel}","templated":true}]}}