{"id":29561,"date":"2018-11-29T07:09:57","date_gmt":"2018-11-29T10:09:57","guid":{"rendered":"http:\/\/blogdoeloiltoncajuhy.com.br\/site\/?p=29561"},"modified":"2018-11-29T07:10:33","modified_gmt":"2018-11-29T10:10:33","slug":"confira-oportunidades-do-sinebahia-para-senhor-do-bonfim-e-outras-cidades-nesta-quinta-feira-29","status":"publish","type":"post","link":"https:\/\/blogdoeloiltoncajuhy.com.br\/site\/confira-oportunidades-do-sinebahia-para-senhor-do-bonfim-e-outras-cidades-nesta-quinta-feira-29\/","title":{"rendered":"Confira oportunidades do SineBahia para Senhor do Bonfim e outras cidades nesta quinta-feira, 29"},"content":{"rendered":"<h5 style=\"text-align: center;\">Candidatos devem comparecer \u00e0 unidade do seu munic\u00edpio<\/h5>\n<p><a href=\"https:\/\/i0.wp.com\/blogdoeloiltoncajuhy.com.br\/site\/wp-content\/uploads\/2017\/11\/sinebahia_logo_nov17.jpg\"><img data-recalc-dims=\"1\" fetchpriority=\"high\" decoding=\"async\" class=\"aligncenter size-full wp-image-21306\" src=\"https:\/\/i0.wp.com\/blogdoeloiltoncajuhy.com.br\/site\/wp-content\/uploads\/2017\/11\/sinebahia_logo_nov17.jpg?resize=539%2C276\" alt=\"\" width=\"539\" height=\"276\" srcset=\"https:\/\/i0.wp.com\/blogdoeloiltoncajuhy.com.br\/site\/wp-content\/uploads\/2017\/11\/sinebahia_logo_nov17.jpg?w=539&amp;ssl=1 539w, https:\/\/i0.wp.com\/blogdoeloiltoncajuhy.com.br\/site\/wp-content\/uploads\/2017\/11\/sinebahia_logo_nov17.jpg?resize=300%2C154&amp;ssl=1 300w, https:\/\/i0.wp.com\/blogdoeloiltoncajuhy.com.br\/site\/wp-content\/uploads\/2017\/11\/sinebahia_logo_nov17.jpg?resize=250%2C128&amp;ssl=1 250w\" sizes=\"(max-width: 539px) 100vw, 539px\" \/><\/a>O SineBahia divulgou as vagas de emprego dispon\u00edveis para quinta-feira (29), em Senhor do Bonfim e outras cidades do estado.<\/p>\n<p>Os interessados devem se apresentar a uma unidade do \u00f3rg\u00e3o com carteira de trabalho, RG, CPF, comprovante de resid\u00eancia e certificado de escolaridade e laudo m\u00e9dico (PCD).<\/p>\n<p>O SineBahia informa que as vagas divulgadas s\u00e3o apenas algumas entre as dispon\u00edveis. Para consultar a lista completa, o trabalhador deve comparecer \u00e0 unidade do seu munic\u00edpio.<\/p>\n<p><strong>Vagas exclusivas para Senhor do Bonfim (29\/11)<\/strong><\/p>\n<p>REPOSITOR EM SUPERMERCADO<br \/>\nEnsino M\u00e9dio completo<br \/>\nExperi\u00eancia na fun\u00e7\u00e3o<br \/>\nObrigat\u00f3rio possuir CNH \u2018A\/B\u2019<br \/>\n01 VAGA<\/p>\n<p>OPERADOR DE CAIXA<br \/>\nEnsino M\u00e9dio completo<br \/>\nExperi\u00eancia na fun\u00e7\u00e3o<br \/>\n01 VAGA<\/p>\n<p>ELETRICISTA DE INSTALA\u00c7\u00d5ES<br \/>\nEnsino M\u00e9dio completo<br \/>\nExperi\u00eancia na fun\u00e7\u00e3o<br \/>\nObrigat\u00f3rio residir em Andorinha ou media\u00e7\u00f5es<br \/>\n01 VAGA<\/p>\n<p>AUXILIAR ADMINISTRATIVO<br \/>\nEnsino M\u00e9dio completo<br \/>\nExperi\u00eancia na fun\u00e7\u00e3o<br \/>\nObrigat\u00f3rio possuir CNH \u2018A\/B\u2019<br \/>\n01 VAGA<\/p>\n<p>PROMOTOR DE VENDAS<br \/>\nEnsino M\u00e9dio completo<br \/>\nExperi\u00eancia na Fun\u00e7\u00e3o<br \/>\nObrigat\u00f3rio possuir CNH \u2018A\u2019 e moto<br \/>\n01 VAGA<\/p>\n<div class=\"mc-column content-text active-extra-styles \" data-block-type=\"unstyled\" data-block-weight=\"9\" data-block-id=\"5\">\n<p class=\"content-text__container \" data-track-category=\"Link no Texto\" data-track-links=\"\"><strong>Vagas exclusivas para as unidades do SineBahia de Salvador<\/strong><\/p>\n<\/div>\n<div class=\"mc-column content-text active-extra-styles \" data-block-type=\"unstyled\" data-block-weight=\"31\" data-block-id=\"6\">\n<p class=\"content-text__container \" data-track-category=\"Link no Texto\" data-track-links=\"\">AUXILIAR ADMINISTRATIVO (EST\u00c1GIO)<br \/>\nEnsino Superior incompleto em Adm, Gest\u00e3o de RH ou Gest\u00e3o Comercial \u2013 A partir do 2\u00ba Sem.<br \/>\nN\u00e3o exige experi\u00eancia<br \/>\nBolsa aux\u00edlio R$ 477,00 + benef\u00edcios<br \/>\n03 VAGAS<\/p>\n<\/div>\n<div class=\"mc-column content-text active-extra-styles \" data-block-type=\"unstyled\" data-block-weight=\"30\" data-block-id=\"7\">\n<p class=\"content-text__container \" data-track-category=\"Link no Texto\" data-track-links=\"\">ATENDENTE BALCONISTA (EST\u00c1GIO)<br \/>\nEnsino Superior incompleto em Adm, Gest\u00e3o de RH, Gest\u00e3o Comercial &#8211; A partir do 1\u00ba Sem.<br \/>\nN\u00e3o exige experi\u00eancia<br \/>\nBolsa aux\u00edlio R$ 500,00 + benef\u00edcios<br \/>\n01 VAGA<\/p>\n<\/div>\n<div class=\"mc-column content-text active-extra-styles \" data-block-type=\"unstyled\" data-block-weight=\"30\" data-block-id=\"8\">\n<p class=\"content-text__container \" data-track-category=\"Link no Texto\" data-track-links=\"\">CONSULTOR DE VENDAS<br \/>\nEnsino M\u00e9dio completo<br \/>\nExperi\u00eancia m\u00ednima de 06 meses na carteira<br \/>\nObrigat\u00f3rio possuir conhecimento com vendas em geral e disponibilidade de hor\u00e1rio<br \/>\nSal\u00e1rio R$ 954,00+ benef\u00edcios<br \/>\n05 VAGAS<\/p>\n<\/div>\n<div class=\"mc-column content-text active-extra-styles \" data-block-type=\"unstyled\" data-block-weight=\"24\" data-block-id=\"9\">\n<p class=\"content-text__container \" data-track-category=\"Link no Texto\" data-track-links=\"\">BARBEIRO<br \/>\nEnsino M\u00e9dio completo<br \/>\nExperi\u00eancia m\u00ednima de 06 meses na fun\u00e7\u00e3o<br \/>\nObrigat\u00f3rio possuir conhecimento na \u00e1rea com todos os tipos de corte<br \/>\n06 VAGAS<\/p>\n<\/div>\n<div class=\"mc-column content-text active-extra-styles \" data-block-type=\"unstyled\" data-block-weight=\"28\" data-block-id=\"10\">\n<p class=\"content-text__container \" data-track-category=\"Link no Texto\" data-track-links=\"\">CALDEIREIRO SERRALHEIRO<br \/>\nEnsino Fundamental incompleto<br \/>\nExperi\u00eancia m\u00ednima de 06 meses na carteira<br \/>\nObrigat\u00f3rio possuir conhecimento com solda MIG e residir em Lauro de Freitas ou Salvador<br \/>\n02 VAGAS<\/p>\n<\/div>\n<div class=\"mc-column content-text active-extra-styles \" data-block-type=\"unstyled\" data-block-weight=\"22\" data-block-id=\"11\">\n<p class=\"content-text__container \" data-track-category=\"Link no Texto\" data-track-links=\"\">MEC\u00c2NICO DE MOTORES \u00c0 DIESEL<br \/>\nEnsino Fundamental incompleto<br \/>\nExperi\u00eancia m\u00ednima de 06 meses na carteira<br \/>\nObrigat\u00f3rio possuir conhecimento na \u00e1rea<br \/>\n01 VAGA<\/p>\n<\/div>\n<div class=\"mc-column content-text active-extra-styles \" data-block-type=\"unstyled\" data-block-weight=\"33\" data-block-id=\"12\">\n<p class=\"content-text__container \" data-track-category=\"Link no Texto\" data-track-links=\"\">RECEPCIONISTA BIL\u00cdNGUE<br \/>\nEnsino Superior completo em Hotelaria ou Turismo<br \/>\nExperi\u00eancia m\u00ednima de 06 meses na carteira<br \/>\nObrigat\u00f3rio possuir conhecimento b\u00e1sico em ingl\u00eas<br \/>\nDesej\u00e1vel: Flu\u00eancia em ingl\u00eas<br \/>\nSal\u00e1rio R$ 1.792,78 + benef\u00edcios<br \/>\n01 VAGA<\/p>\n<\/div>\n<div class=\"mc-column content-text active-extra-styles \" data-block-type=\"unstyled\" data-block-weight=\"25\" data-block-id=\"13\">\n<p class=\"content-text__container \" data-track-category=\"Link no Texto\" data-track-links=\"\">AGENTE DE MICROCR\u00c9DITO<br \/>\nEnsino M\u00e9dio completo<br \/>\nExperi\u00eancia m\u00ednima de 06 meses na carteira<br \/>\nObrigat\u00f3rio possuir viv\u00eancia com empr\u00e9stimo consignado<br \/>\nSal\u00e1rio R$ 954,00+ benef\u00edcios<br \/>\n04 VAGAS<\/p>\n<p class=\"content-text__container \" data-track-category=\"Link no Texto\" data-track-links=\"\"><span style=\"font-weight: 300; text-align: center;\">EDITOR DE TEXTO E IMAGEM<br \/>\n<\/span><span style=\"font-weight: 300;\">Ensino M\u00e9dio completo<br \/>\n<\/span><span style=\"font-weight: 300;\">Experi\u00eancia m\u00ednima de 06 meses na fun\u00e7\u00e3o<br \/>\n<\/span><span style=\"font-weight: 300;\">Obrigat\u00f3rio possuir viv\u00eancia na \u00e1rea, curso conclu\u00eddo de Web Design, MKT ou afins, amplo dom\u00ednio no CorelDRAW, PowerPoint e Office e habilidade em elabora\u00e7\u00e3o de Layout para banner e folheteria<br \/>\n<\/span><span style=\"font-weight: 300;\">01 VAGA<\/span><\/p>\n<\/div>\n<div class=\"mc-column content-text active-extra-styles \" data-block-type=\"unstyled\" data-block-weight=\"21\" data-block-id=\"16\">\n<p class=\"content-text__container \" data-track-category=\"Link no Texto\" data-track-links=\"\">VENDEDOR INTERNO<br \/>\nEnsino M\u00e9dio completo<br \/>\nExperi\u00eancia m\u00ednima de 06 meses na carteira<br \/>\nObrigat\u00f3rio possuir viv\u00eancia como vendedor de \u00f3ticas<br \/>\n02 VAGAS<\/p>\n<\/div>\n<div class=\"mc-column content-text active-extra-styles \" data-block-type=\"unstyled\" data-block-weight=\"10\" data-block-id=\"17\">\n<p class=\"content-text__container \" data-track-category=\"Link no Texto\" data-track-links=\"\"><strong>Vagas EXCLUSIVAS para a Unidade Central do SineBahia de Salvador<\/strong><\/p>\n<\/div>\n<div class=\"mc-column content-text active-extra-styles \" data-block-type=\"unstyled\" data-block-weight=\"28\" data-block-id=\"18\">\n<p class=\"content-text__container \" data-track-category=\"Link no Texto\" data-track-links=\"\">JARDINEIRO PAISAGISTA<br \/>\nEnsino Fundamental incompleto<br \/>\nExperi\u00eancia m\u00ednima de 06 meses na carteira<br \/>\nObrigat\u00f3rio residir em Lauro de Freitas, Itapu\u00e3, S\u00e3o Crist\u00f3v\u00e3o, Itinga ou Vila de Abrantes<br \/>\n02 VAGAS<\/p>\n<\/div>\n<div class=\"mc-column content-text active-extra-styles \" data-block-type=\"unstyled\" data-block-weight=\"43\" data-block-id=\"19\">\n<p class=\"content-text__container \" data-track-category=\"Link no Texto\" data-track-links=\"\">CONSULTOR DE VENDAS<br \/>\nEnsino Superior incompleto em ADM, MKT, Publicidade ou afins &#8211; A partir do 2\u00ba Sem.<br \/>\nExperi\u00eancia m\u00ednima de 06 meses na fun\u00e7\u00e3o<br \/>\nObrigat\u00f3rio possuir CNH \u2018A\u2019 ou \u2018B\u2019 e moto ou carro pr\u00f3prio<br \/>\nSal\u00e1rio R$ 1.100,00 + benef\u00edcios<br \/>\n02 VAGAS<\/p>\n<\/div>\n<div class=\"mc-column content-text active-extra-styles \" data-block-type=\"unstyled\" data-block-weight=\"30\" data-block-id=\"20\">\n<p class=\"content-text__container \" data-track-category=\"Link no Texto\" data-track-links=\"\">ANALISTA DE NEG\u00d3CIOS<br \/>\nEnsino Superior completo em ADM, Ci\u00eancias Cont\u00e1beis ou Gest\u00e3o Empresarial<br \/>\nExperi\u00eancia m\u00ednima de 06 meses na fun\u00e7\u00e3o<br \/>\nObrigat\u00f3rio possuir viv\u00eancia com atendimento e rotinas administrativas<br \/>\n06 VAGAS<\/p>\n<\/div>\n<div class=\"mc-column content-text active-extra-styles \" data-block-type=\"unstyled\" data-block-weight=\"33\" data-block-id=\"21\">\n<p class=\"content-text__container \" data-track-category=\"Link no Texto\" data-track-links=\"\">CABELEIREIRO AFRO<br \/>\nEnsino Fundamental incompleto<br \/>\nExperi\u00eancia m\u00ednima de 06 meses na fun\u00e7\u00e3o<br \/>\nObrigat\u00f3rio possuir curso de Cabeleireiro, viv\u00eancia com escova e disponibilidade para contrata\u00e7\u00e3o por MEI, conforme lei 13.352\/16 (Sal\u00e3o-Parceiro Profissional-Parceiro)<br \/>\n01 VAGA<\/p>\n<\/div>\n<div class=\"mc-column content-text active-extra-styles \" data-block-type=\"unstyled\" data-block-weight=\"33\" data-block-id=\"22\">\n<p class=\"content-text__container \" data-track-category=\"Link no Texto\" data-track-links=\"\">CABELEIREIRO UNISSEX<br \/>\nEnsino Fundamental incompleto<br \/>\nExperi\u00eancia m\u00ednima de 06 meses na fun\u00e7\u00e3o<br \/>\nObrigat\u00f3rio possuir curso de Cabeleireiro, viv\u00eancia em escova e disponibilidade para contrata\u00e7\u00e3o por MEI, conforme lei 13.352\/16 (Sal\u00e3o-Parceiro Profissional-Parceiro)<br \/>\n01 VAGA<\/p>\n<\/div>\n<div class=\"mc-column content-text active-extra-styles \" data-block-type=\"unstyled\" data-block-weight=\"40\" data-block-id=\"23\">\n<p class=\"content-text__container \" data-track-category=\"Link no Texto\" data-track-links=\"\">ANALISTA CONT\u00c1BIL<br \/>\nEnsino Superior completo em Ci\u00eancias Cont\u00e1beis<br \/>\nExperi\u00eancia m\u00ednima de 06 meses na carteira<br \/>\nObrigat\u00f3rio possuir viv\u00eancia na \u00e1rea, com sistema RM, com controle do ativo fixo e conhecimento avan\u00e7ado do Excel<br \/>\nSal\u00e1rio R$ 1.926,22 + benef\u00edcios<br \/>\n01 VAGA<\/p>\n<\/div>\n<div class=\"mc-column content-text active-extra-styles \" data-block-type=\"unstyled\" data-block-weight=\"32\" data-block-id=\"24\">\n<p class=\"content-text__container \" data-track-category=\"Link no Texto\" data-track-links=\"\">FIGURINISTA DE ESPET\u00c1CULO<br \/>\nEnsino M\u00e9dio completo<br \/>\nExperi\u00eancia m\u00ednima de 06 meses na carteira<br \/>\nObrigat\u00f3rio possuir viv\u00eancia na \u00e1rea com costura, cortes e figurinos<br \/>\nDesej\u00e1vel: Ensino Superior em Design ou Moda<br \/>\n02 VAGAS<\/p>\n<p class=\"content-text__container \" data-track-category=\"Link no Texto\" data-track-links=\"\"><span style=\"font-weight: 300; text-align: center;\">AUXILIAR DE LOG\u00cdSTICA<br \/>\n<\/span><span style=\"font-weight: 300;\">Ensino T\u00e9cnico completo em Log\u00edstica<br \/>\n<\/span><span style=\"font-weight: 300;\">Experi\u00eancia m\u00ednima de 06 meses na carteira<br \/>\n<\/span><span style=\"font-weight: 300;\">Obrigat\u00f3rio possuir viv\u00eancia na \u00e1rea de transporte<br \/>\n<\/span><span style=\"font-weight: 300;\">01 VAGA<\/span><\/p>\n<\/div>\n<div class=\"mc-column content-text active-extra-styles \" data-block-type=\"unstyled\" data-block-weight=\"10\" data-block-id=\"27\">\n<p class=\"content-text__container \" data-track-category=\"Link no Texto\" data-track-links=\"\"><strong>Vaga exclusiva para a unidade CAPAZ do SineBahia de Salvador<\/strong><\/p>\n<\/div>\n<div class=\"mc-column content-text active-extra-styles \" data-block-type=\"unstyled\" data-block-weight=\"26\" data-block-id=\"28\">\n<p class=\"content-text__container \" data-track-category=\"Link no Texto\" data-track-links=\"\">MONITOR DE RESSOCIALIZA\u00c7\u00c3O (PCD)<br \/>\nExclusiva para Pessoas com Defici\u00eancia<br \/>\nEnsino M\u00e9dio completo<br \/>\nExperi\u00eancia m\u00ednima de 06 meses na carteira<br \/>\nObrigat\u00f3rio possuir curso de Vigilante<br \/>\n01 VAGA<\/p>\n<\/div>\n<div class=\"mc-column content-text active-extra-styles \" data-block-type=\"unstyled\" data-block-weight=\"6\" data-block-id=\"29\">\n<p class=\"content-text__container \" data-track-category=\"Link no Texto\" data-track-links=\"\"><strong>Vagas exclusivas para Lauro de Freitas<\/strong><\/p>\n<\/div>\n<div class=\"mc-column content-text active-extra-styles \" data-block-type=\"unstyled\" data-block-weight=\"30\" data-block-id=\"30\">\n<p class=\"content-text__container \" data-track-category=\"Link no Texto\" data-track-links=\"\">GERENTE DE LOJA DE TINTAS<br \/>\nEnsino M\u00e9dio completo<br \/>\nExperi\u00eancia m\u00ednima de 06 meses na carteira<br \/>\nObrigat\u00f3rio possuir conhecimento em abertura\/fechamento de loja e planejamento\/controle de execu\u00e7\u00e3o de trabalho<br \/>\n02 VAGAS<\/p>\n<\/div>\n<div class=\"mc-column content-text active-extra-styles \" data-block-type=\"unstyled\" data-block-weight=\"36\" data-block-id=\"31\">\n<p class=\"content-text__container \" data-track-category=\"Link no Texto\" data-track-links=\"\">PATISSEIRO\/CONFEITEIRO<br \/>\nEnsino M\u00e9dio completo<br \/>\nExperi\u00eancia m\u00ednima de 06 meses na carteira<br \/>\nObrigat\u00f3rio residir em Lauro de Freitas e possuir conhecimento em produ\u00e7\u00e3o de bolos\/doces\/salgados em geral<br \/>\nDesej\u00e1vel: Curso de Confeiteiro ou T\u00e9cnico em Gastronomia<br \/>\n01 VAGA<\/p>\n<\/div>\n<div class=\"mc-column content-text active-extra-styles \" data-block-type=\"unstyled\" data-block-weight=\"24\" data-block-id=\"32\">\n<p class=\"content-text__container \" data-track-category=\"Link no Texto\" data-track-links=\"\">ESTETICISTA<br \/>\nEnsino M\u00e9dio completo<br \/>\nExperi\u00eancia m\u00ednima de 03 meses na fun\u00e7\u00e3o<br \/>\nObrigat\u00f3rio residir em Lauro de Freitas e possuir curso na \u00e1rea<br \/>\n01 VAGA<\/p>\n<\/div>\n<div class=\"mc-column content-text active-extra-styles \" data-block-type=\"unstyled\" data-block-weight=\"31\" data-block-id=\"33\">\n<p class=\"content-text__container \" data-track-category=\"Link no Texto\" data-track-links=\"\">DEPILADOR<br \/>\nEnsino M\u00e9dio completo<br \/>\nExperi\u00eancia m\u00ednima de 03 meses na fun\u00e7\u00e3o<br \/>\nObrigat\u00f3rio residir em Lauro de Freitas, possuir curso na \u00e1rea e habilidade para atuar em sal\u00e3o de beleza<br \/>\n01 VAGA<\/p>\n<\/div>\n<div class=\"mc-column content-text active-extra-styles \" data-block-type=\"unstyled\" data-block-weight=\"31\" data-block-id=\"34\">\n<p class=\"content-text__container \" data-track-category=\"Link no Texto\" data-track-links=\"\">FISIOTERAPEUTA<br \/>\nEnsino Superior completo<br \/>\nExperi\u00eancia m\u00ednima de 03 meses na fun\u00e7\u00e3o<br \/>\nObrigat\u00f3rio residir em Lauro de Freitas, possuir curso em Est\u00e9tica e habilidade para atuar em sal\u00e3o de beleza<br \/>\n01 VAGA<\/p>\n<\/div>\n<div class=\"mc-column content-text active-extra-styles \" data-block-type=\"unstyled\" data-block-weight=\"7\" data-block-id=\"35\">\n<p class=\"content-text__container \" data-track-category=\"Link no Texto\" data-track-links=\"\">Vagas exclusivas para Santo Ant\u00f4nio de Jesus<\/p>\n<\/div>\n<div class=\"mc-column content-text active-extra-styles \" data-block-type=\"unstyled\" data-block-weight=\"13\" data-block-id=\"36\">\n<p class=\"content-text__container \" data-track-category=\"Link no Texto\" data-track-links=\"\">AUXILIAR DE LINHA DE PRODU\u00c7\u00c3O (PCD)<br \/>\nExclusiva para Pessoas com Defici\u00eancia<br \/>\n01 VAGA<\/p>\n<\/div>\n<div class=\"mc-column content-text active-extra-styles \" data-block-type=\"unstyled\" data-block-weight=\"10\" data-block-id=\"37\">\n<p class=\"content-text__container \" data-track-category=\"Link no Texto\" data-track-links=\"\">AUXILIAR ADMINISTRATIVO (PCD)<br \/>\nExclusiva para Pessoas com Defici\u00eancia<br \/>\n02 VAGAS<\/p>\n<\/div>\n<div class=\"mc-column content-text active-extra-styles \" data-block-type=\"unstyled\" data-block-weight=\"33\" data-block-id=\"38\">\n<p class=\"content-text__container \" data-track-category=\"Link no Texto\" data-track-links=\"\">AGENTE DE PORTARIA (PCD)<br \/>\nExclusiva para Pessoas com Defici\u00eancia<br \/>\n02 VAGAS<br \/>\nANALISTA DE SUPORTE<br \/>\nEnsino Superior em Ci\u00eancias da Computa\u00e7\u00e3o ou Sistema de Informa\u00e7\u00e3o ou Redes de Computadores<br \/>\nExperi\u00eancia na fun\u00e7\u00e3o<br \/>\n01 VAGA<\/p>\n<\/div>\n<div class=\"mc-column content-text active-extra-styles \" data-block-type=\"unstyled\" data-block-weight=\"11\" data-block-id=\"39\">\n<p class=\"content-text__container \" data-track-category=\"Link no Texto\" data-track-links=\"\">INSTRUTOR DE INFORM\u00c1TICA<br \/>\nEnsino M\u00e9dio completo<br \/>\nExperi\u00eancia na fun\u00e7\u00e3o<br \/>\n01 VAGA<\/p>\n<\/div>\n<div class=\"mc-column content-text active-extra-styles \" data-block-type=\"unstyled\" data-block-weight=\"14\" data-block-id=\"40\">\n<p class=\"content-text__container \" data-track-category=\"Link no Texto\" data-track-links=\"\">MEC\u00c2NICO GERAL<br \/>\nEnsino M\u00e9dio completo<br \/>\nExperi\u00eancia na fun\u00e7\u00e3o<br \/>\nObrigat\u00f3rio possuir CNH \u2018B\u2019<br \/>\n03 VAGAS<\/p>\n<p class=\"content-text__container \" data-track-category=\"Link no Texto\" data-track-links=\"\"><span style=\"font-weight: 300; text-align: center;\">ALINHADOR<br \/>\n<\/span><span style=\"font-weight: 300;\">Ensino M\u00e9dio completo<br \/>\n<\/span><span style=\"font-weight: 300;\">Experi\u00eancia na fun\u00e7\u00e3o<br \/>\n<\/span><span style=\"font-weight: 300;\">Obrigat\u00f3rio possuir CNH \u2018B\u2019<br \/>\n<\/span><span style=\"font-weight: 300;\">01 VAGA<\/span><\/p>\n<\/div>\n<div class=\"mc-column content-text active-extra-styles \" data-block-type=\"unstyled\" data-block-weight=\"9\" data-block-id=\"43\">\n<p class=\"content-text__container \" data-track-category=\"Link no Texto\" data-track-links=\"\">COLCHOEIRO<br \/>\nEnsino M\u00e9dio completo<br \/>\nExperi\u00eancia na fun\u00e7\u00e3o<br \/>\n01 VAGA<\/p>\n<\/div>\n<div class=\"mc-column content-text active-extra-styles \" data-block-type=\"unstyled\" data-block-weight=\"21\" data-block-id=\"44\">\n<p class=\"content-text__container \" data-track-category=\"Link no Texto\" data-track-links=\"\">ANALISTA FISCAL<br \/>\nEnsino Superior completo em Cont\u00e1beis<br \/>\nExperi\u00eancia na \u00e1rea fiscal ou cont\u00e1bil<br \/>\nObrigat\u00f3rio residir em Cruz das Almas<br \/>\n01 VAGA<\/p>\n<\/div>\n<div class=\"mc-column content-text active-extra-styles \" data-block-type=\"unstyled\" data-block-weight=\"11\" data-block-id=\"45\">\n<p class=\"content-text__container \" data-track-category=\"Link no Texto\" data-track-links=\"\">COSTUREIRA<br \/>\nEnsino M\u00e9dio incompleto<br \/>\nExperi\u00eancia na fun\u00e7\u00e3o em estofados<br \/>\n01 VAGA<\/p>\n<\/div>\n<div class=\"mc-column content-text active-extra-styles \" data-block-type=\"unstyled\" data-block-weight=\"13\" data-block-id=\"46\">\n<p class=\"content-text__container \" data-track-category=\"Link no Texto\" data-track-links=\"\">REPRESENTANTE COMERCIAL<br \/>\nEnsino M\u00e9dio completo<br \/>\nExperi\u00eancia na fun\u00e7\u00e3o<br \/>\nObrigat\u00f3rio possuir carro<br \/>\n01 VAGA<\/p>\n<\/div>\n<div class=\"mc-column content-text active-extra-styles \" data-block-type=\"unstyled\" data-block-weight=\"6\" data-block-id=\"47\">\n<p class=\"content-text__container \" data-track-category=\"Link no Texto\" data-track-links=\"\"><strong>Vagas exclusivas para Morro do Chap\u00e9u<\/strong><\/p>\n<\/div>\n<div class=\"mc-column content-text active-extra-styles \" data-block-type=\"unstyled\" data-block-weight=\"27\" data-block-id=\"48\">\n<p class=\"content-text__container \" data-track-category=\"Link no Texto\" data-track-links=\"\">ADMINISTRADOR DE FAZENDA<br \/>\nEnsino T\u00e9cnico completo em Agricultura<br \/>\nExperi\u00eancia na fun\u00e7\u00e3o<br \/>\nObrigat\u00f3rio possuir CNH \u2018B\u2019 e residir na regi\u00e3o de Utinga\/BA<br \/>\nDesej\u00e1vel: Viv\u00eancia com cafeicultura<br \/>\n01 VAGA<\/p>\n<\/div>\n<div class=\"mc-column content-text active-extra-styles \" data-block-type=\"unstyled\" data-block-weight=\"4\" data-block-id=\"49\">\n<p class=\"content-text__container \" data-track-category=\"Link no Texto\" data-track-links=\"\"><strong>Vagas exclusivas para Ilh\u00e9us<\/strong><\/p>\n<\/div>\n<div class=\"mc-column content-text active-extra-styles \" data-block-type=\"unstyled\" data-block-weight=\"19\" data-block-id=\"50\">\n<p class=\"content-text__container \" data-track-category=\"Link no Texto\" data-track-links=\"\">AUXILIAR DE LINHA DE PRODU\u00c7\u00c3O (PCD)<br \/>\nExclusiva para Pessoas com Defici\u00eancia<br \/>\nEnsino M\u00e9dio completo<br \/>\nObrigat\u00f3rio apresentar laudo<br \/>\n01 VAGA<\/p>\n<\/div>\n<div class=\"mc-column content-text active-extra-styles \" data-block-type=\"unstyled\" data-block-weight=\"20\" data-block-id=\"51\">\n<p class=\"content-text__container \" data-track-category=\"Link no Texto\" data-track-links=\"\">VENDEDOR INTERNO (PCD)<br \/>\nExclusiva para Pessoas com Defici\u00eancia<br \/>\nEnsino M\u00e9dio completo<br \/>\nExperi\u00eancia m\u00ednima de 06 meses na fun\u00e7\u00e3o<br \/>\n01 VAGA<\/p>\n<\/div>\n<div class=\"mc-column content-text active-extra-styles \" data-block-type=\"unstyled\" data-block-weight=\"15\" data-block-id=\"52\">\n<p class=\"content-text__container \" data-track-category=\"Link no Texto\" data-track-links=\"\">AGENTE DE VENDAS<br \/>\nEnsino M\u00e9dio completo<br \/>\nExperi\u00eancia m\u00ednima de 06 meses na carteira<br \/>\n02 VAGAS<\/p>\n<\/div>\n<div class=\"mc-column content-text active-extra-styles \" data-block-type=\"unstyled\" data-block-weight=\"18\" data-block-id=\"53\">\n<p class=\"content-text__container \" data-track-category=\"Link no Texto\" data-track-links=\"\">ELETRICISTA DE MANUTEN\u00c7\u00c3O<br \/>\nEnsino M\u00e9dio completo<br \/>\nObrigat\u00f3rio possuir cursos NR10, NR33 e NR35<br \/>\nDesej\u00e1vel: CNH \u2018B\u2019<br \/>\n01 VAGA<\/p>\n<\/div>\n<div class=\"mc-column content-text active-extra-styles \" data-block-type=\"unstyled\" data-block-weight=\"26\" data-block-id=\"54\">\n<p class=\"content-text__container \" data-track-category=\"Link no Texto\" data-track-links=\"\">ASSISTENTE DE PRODU\u00c7\u00c3O<br \/>\nEnsino Superior completo em Engenharia de Produ\u00e7\u00e3o<br \/>\nExperi\u00eancia m\u00ednima de 06 meses na carteira<br \/>\nDesej\u00e1vel: Residir na Zona Norte de Ilh\u00e9us<br \/>\n01 VAGA<\/p>\n<\/div>\n<div class=\"mc-column content-text active-extra-styles \" data-block-type=\"unstyled\" data-block-weight=\"18\" data-block-id=\"55\">\n<p class=\"content-text__container \" data-track-category=\"Link no Texto\" data-track-links=\"\">SUPERVISOR DE VENDAS<br \/>\nEnsino M\u00e9dio completo<br \/>\nExperi\u00eancia m\u00ednima de 06 meses na fun\u00e7\u00e3o<br \/>\nDesej\u00e1vel: CNH \u2018A\/B\u2019<br \/>\n01 VAGA<\/p>\n<\/div>\n<div class=\"mc-column content-text active-extra-styles \" data-block-type=\"unstyled\" data-block-weight=\"13\" data-block-id=\"56\">\n<p class=\"content-text__container \" data-track-category=\"Link no Texto\" data-track-links=\"\">CABELEIREIRA<br \/>\nEnsino M\u00e9dio completo<br \/>\nExperi\u00eancia m\u00ednima de 06 meses na fun\u00e7\u00e3o<br \/>\n01 VAGA<\/p>\n<\/div>\n<div class=\"mc-column content-text active-extra-styles \" data-block-type=\"unstyled\" data-block-weight=\"14\" data-block-id=\"57\">\n<p class=\"content-text__container \" data-track-category=\"Link no Texto\" data-track-links=\"\">VENDEDOR EXTERNO<br \/>\nEnsino M\u00e9dio completo<br \/>\nExperi\u00eancia m\u00ednima de 06 meses na fun\u00e7\u00e3o<br \/>\n01 VAGA<\/p>\n<\/div>\n<div class=\"mc-column content-text active-extra-styles \" data-block-type=\"unstyled\" data-block-weight=\"33\" data-block-id=\"58\">\n<p class=\"content-text__container \" data-track-category=\"Link no Texto\" data-track-links=\"\">OPERADOR DE M\u00c1QUINAS EM LINHA DE PRODU\u00c7\u00c3O<br \/>\nEnsino M\u00e9dio completo<br \/>\nExperi\u00eancia m\u00ednima de 06 meses na carteira<br \/>\nObrigat\u00f3rio possuir certificado de curso na \u00e1rea<br \/>\nDesej\u00e1vel: Residir na Zona Norte de Ilh\u00e9us<br \/>\n01 VAGA<\/p>\n<\/div>\n<div class=\"mc-column content-text active-extra-styles \" data-block-type=\"unstyled\" data-block-weight=\"17\" data-block-id=\"59\">\n<p class=\"content-text__container \" data-track-category=\"Link no Texto\" data-track-links=\"\">ALINHADOR DE DIRE\u00c7\u00c3O<br \/>\nEnsino Fundamental completo ou T\u00e9cnico<br \/>\nExperi\u00eancia m\u00ednima de 06 meses na fun\u00e7\u00e3o<br \/>\n01 VAGA<\/p>\n<\/div>\n<div class=\"mc-column content-text active-extra-styles \" data-block-type=\"unstyled\" data-block-weight=\"20\" data-block-id=\"60\">\n<p class=\"content-text__container \" data-track-category=\"Link no Texto\" data-track-links=\"\">GAR\u00c7ONETE<br \/>\nEnsino M\u00e9dio completo<br \/>\nExperi\u00eancia m\u00ednima de 06 meses na carteira<br \/>\nDesej\u00e1vel: Residir na Zona Sul de Ilh\u00e9us<br \/>\n01 VAGA<\/p>\n<p class=\"content-text__container \" data-track-category=\"Link no Texto\" data-track-links=\"\"><span style=\"font-weight: 300; text-align: center;\">MEC\u00c2NICO DE AUTOM\u00d3VEL<br \/>\n<\/span><span style=\"font-weight: 300;\">Ensino Fundamental completo<br \/>\n<\/span><span style=\"font-weight: 300;\">Experi\u00eancia m\u00ednima de 06 meses na fun\u00e7\u00e3o<br \/>\n<\/span><span style=\"font-weight: 300;\">01 VAGA<\/span><\/p>\n<\/div>\n<div class=\"mc-column content-text active-extra-styles \" data-block-type=\"unstyled\" data-block-weight=\"22\" data-block-id=\"63\">\n<p class=\"content-text__container \" data-track-category=\"Link no Texto\" data-track-links=\"\">AUXILIAR DE COZINHA<br \/>\nEnsino Fundamental completo<br \/>\nExperi\u00eancia m\u00ednima de 06 meses na carteira<br \/>\nDesej\u00e1vel: Residir na Zona Sul de Ilh\u00e9us<br \/>\n02 VAGAS<\/p>\n<\/div>\n<div class=\"mc-column content-text active-extra-styles \" data-block-type=\"unstyled\" data-block-weight=\"15\" data-block-id=\"64\">\n<p class=\"content-text__container \" data-track-category=\"Link no Texto\" data-track-links=\"\">CHAPISTA DE LANCHONETE<br \/>\nEnsino M\u00e9dio completo<br \/>\nExperi\u00eancia m\u00ednima de 06 meses na carteira<br \/>\n01 VAGA<\/p>\n<\/div>\n<div class=\"mc-column content-text active-extra-styles \" data-block-type=\"unstyled\" data-block-weight=\"12\" data-block-id=\"65\">\n<p class=\"content-text__container \" data-track-category=\"Link no Texto\" data-track-links=\"\">COSTUREIRA DE M\u00c1QUINA RETA<br \/>\nEnsino Fundamental completo<br \/>\nExperi\u00eancia na fun\u00e7\u00e3o<br \/>\n01 VAGA<\/p>\n<\/div>\n<div class=\"mc-column content-text active-extra-styles \" data-block-type=\"unstyled\" data-block-weight=\"15\" data-block-id=\"66\">\n<p class=\"content-text__container \" data-track-category=\"Link no Texto\" data-track-links=\"\">MASSEIRO DE PIZZAS<br \/>\nEnsino M\u00e9dio completo<br \/>\nExperi\u00eancia m\u00ednima de 06 meses na fun\u00e7\u00e3o<br \/>\n01 VAGA<\/p>\n<\/div>\n<div class=\"mc-column content-text active-extra-styles \" data-block-type=\"unstyled\" data-block-weight=\"23\" data-block-id=\"67\">\n<p class=\"content-text__container \" data-track-category=\"Link no Texto\" data-track-links=\"\">EMPREGADA DOM\u00c9STICA<br \/>\nEnsino M\u00e9dio completo<br \/>\nExperi\u00eancia m\u00ednima de 06 meses na carteira<br \/>\nObrigat\u00f3rio possuir disponibilidade de residir no local de trabalho<br \/>\n01 VAGA<\/p>\n<\/div>\n<div class=\"mc-column content-text active-extra-styles \" data-block-type=\"unstyled\" data-block-weight=\"23\" data-block-id=\"68\">\n<p class=\"content-text__container \" data-track-category=\"Link no Texto\" data-track-links=\"\">AGENTE DE NEG\u00d3CIOS<br \/>\nEnsino T\u00e9cnico, Tecn\u00f3logo ou Superior completo em ADM ou \u00e1reas afins<br \/>\nExperi\u00eancia m\u00ednima de 06 meses na carteira<br \/>\n01 VAGA<\/p>\n<\/div>\n<div class=\"mc-column content-text active-extra-styles \" data-block-type=\"unstyled\" data-block-weight=\"23\" data-block-id=\"69\">\n<p class=\"content-text__container \" data-track-category=\"Link no Texto\" data-track-links=\"\">ASSISTENTE DE RH<br \/>\nEnsino Superior completo em Ci\u00eancias Cont\u00e1beis<br \/>\nExperi\u00eancia m\u00ednima de 06 meses na carteira com a \u00e1rea de RH<br \/>\n01 VAGA<\/p>\n<\/div>\n<div class=\"mc-column content-text active-extra-styles \" data-block-type=\"unstyled\" data-block-weight=\"23\" data-block-id=\"70\">\n<p class=\"content-text__container \" data-track-category=\"Link no Texto\" data-track-links=\"\">COZINHEIRO DE RESTAURANTE<br \/>\nEnsino M\u00e9dio completo<br \/>\nExperi\u00eancia m\u00ednima de 06 meses na carteira<br \/>\nObrigat\u00f3rio possuir conhecimento em comida Italiana e Contempor\u00e2nea<br \/>\n01 VAGA<\/p>\n<\/div>\n<div class=\"mc-column content-text active-extra-styles \" data-block-type=\"unstyled\" data-block-weight=\"4\" data-block-id=\"71\">\n<p class=\"content-text__container \" data-track-category=\"Link no Texto\" data-track-links=\"\"><strong>Vagas exclusivas para Itabuna<\/strong><\/p>\n<\/div>\n<div class=\"mc-column content-text active-extra-styles \" data-block-type=\"unstyled\" data-block-weight=\"19\" data-block-id=\"72\">\n<p class=\"content-text__container \" data-track-category=\"Link no Texto\" data-track-links=\"\">AUXILIAR DE LINHA DE PRODU\u00c7\u00c3O (PCD)<br \/>\nExclusivo para Pessoas Com Defici\u00eancia<br \/>\nN\u00e3o exige escolaridade<br \/>\nN\u00e3o exige experi\u00eancia<br \/>\n05 VAGAS<\/p>\n<\/div>\n<div class=\"mc-column content-text active-extra-styles \" data-block-type=\"unstyled\" data-block-weight=\"24\" data-block-id=\"73\">\n<p class=\"content-text__container \" data-track-category=\"Link no Texto\" data-track-links=\"\">T\u00c9CNICO EM REFRIGERA\u00c7\u00c3O<br \/>\nEnsino Fundamental completo<br \/>\nExperi\u00eancia m\u00ednima de 06 meses na fun\u00e7\u00e3o<br \/>\nObrigat\u00f3rio possuir CNH \u2018A\/B\u2019 e curso T\u00e9cnico de Refrigera\u00e7\u00e3o<br \/>\n01 VAGA<\/p>\n<\/div>\n<div class=\"mc-column content-text active-extra-styles \" data-block-type=\"unstyled\" data-block-weight=\"18\" data-block-id=\"74\">\n<p class=\"content-text__container \" data-track-category=\"Link no Texto\" data-track-links=\"\">VENDEDOR PRACISTA<br \/>\nEnsino M\u00e9dio completo<br \/>\nExperi\u00eancia m\u00ednima de 06 meses com vendas<br \/>\nObrigat\u00f3rio possuir CNH \u2018A\/B\u2019<br \/>\n03 VAGAS<\/p>\n<\/div>\n<div class=\"mc-column content-text active-extra-styles \" data-block-type=\"unstyled\" data-block-weight=\"21\" data-block-id=\"75\">\n<p class=\"content-text__container \" data-track-category=\"Link no Texto\" data-track-links=\"\">COORDENADOR DE VENDAS<br \/>\nEnsino Superior incompleto<br \/>\nExperi\u00eancia m\u00ednima de 06 meses na fun\u00e7\u00e3o<br \/>\nObrigat\u00f3rio possuir conhecimento avan\u00e7ado em inform\u00e1tica<br \/>\n01 VAGA<\/p>\n<\/div>\n<div class=\"mc-column content-text active-extra-styles \" data-block-type=\"unstyled\" data-block-weight=\"19\" data-block-id=\"76\">\n<p class=\"content-text__container \" data-track-category=\"Link no Texto\" data-track-links=\"\">COORDENADOR DE VENDAS<br \/>\nEnsino Superior completo<br \/>\nExperi\u00eancia m\u00ednima de 06 meses na carteira<br \/>\nObrigat\u00f3rio possuir CNH \u2018B\u2019<br \/>\n01 VAGA<\/p>\n<\/div>\n<div class=\"mc-column content-text active-extra-styles \" data-block-type=\"unstyled\" data-block-weight=\"13\" data-block-id=\"77\">\n<p class=\"content-text__container \" data-track-category=\"Link no Texto\" data-track-links=\"\">MANICURE<br \/>\nN\u00e3o exige escolaridade<br \/>\nExperi\u00eancia m\u00ednima de 06 meses na fun\u00e7\u00e3o<br \/>\n01 VAGA<\/p>\n<\/div>\n<div class=\"mc-column content-text active-extra-styles \" data-block-type=\"unstyled\" data-block-weight=\"13\" data-block-id=\"78\">\n<p class=\"content-text__container \" data-track-category=\"Link no Texto\" data-track-links=\"\">CABELEIREIRO<br \/>\nN\u00e3o exige escolaridade<br \/>\nExperi\u00eancia m\u00ednima de 06 meses na fun\u00e7\u00e3o<br \/>\n02 VAGAS<\/p>\n<p class=\"content-text__container \" data-track-category=\"Link no Texto\" data-track-links=\"\"><span style=\"font-weight: 300; text-align: center;\">AUXILIAR DE SA\u00daDE BUCAL<br \/>\n<\/span><span style=\"font-weight: 300;\">Ensino M\u00e9dio completo<br \/>\n<\/span><span style=\"font-weight: 300;\">Experi\u00eancia m\u00ednima de 06 meses na fun\u00e7\u00e3o<br \/>\n<\/span><span style=\"font-weight: 300;\">Obrigat\u00f3rio possuir curso em andamento ou completo em Sa\u00fade Bucal<br \/>\n<\/span><span style=\"font-weight: 300;\">01 VAGA<\/span><\/p>\n<\/div>\n<div class=\"mc-column content-text active-extra-styles \" data-block-type=\"unstyled\" data-block-weight=\"25\" data-block-id=\"81\">\n<p class=\"content-text__container \" data-track-category=\"Link no Texto\" data-track-links=\"\">MOTORISTA ENTREGADOR DE BOTIJ\u00c3O A G\u00c1S<br \/>\nEnsino Fundamental completo<br \/>\nExperi\u00eancia m\u00ednima de 06 meses com entregas<br \/>\nObrigat\u00f3rio possuir CNH \u2018A\/B\u2019 e curso \u2018MOPP\u2019<br \/>\n03 VAGAS<\/p>\n<\/div>\n<div class=\"mc-column content-text active-extra-styles \" data-block-type=\"unstyled\" data-block-weight=\"20\" data-block-id=\"82\">\n<p class=\"content-text__container \" data-track-category=\"Link no Texto\" data-track-links=\"\">AUXILIAR DE CONTABILIDADE<br \/>\nEnsino Superior cursando Ci\u00eancias Cont\u00e1beis &#8211; A partir 3\u00ba Sem.<br \/>\nExperi\u00eancia em Excel (n\u00edvel intermedi\u00e1rio)<br \/>\n01 VAGA<\/p>\n<p data-track-category=\"Link no Texto\" data-track-links=\"\"><em><strong>*Por G1 BA<\/strong><\/em><\/p>\n<\/div>\n","protected":false},"excerpt":{"rendered":"<p>Candidatos devem comparecer \u00e0 unidade do seu munic\u00edpio O SineBahia divulgou as vagas de emprego dispon\u00edveis para quinta-feira (29), em Senhor do Bonfim e outras cidades do estado. Os interessados devem se apresentar a uma unidade do \u00f3rg\u00e3o com carteira de trabalho, RG, CPF, comprovante de resid\u00eancia e certificado de escolaridade e laudo m\u00e9dico (PCD). [&hellip;]<\/p>\n","protected":false},"author":2,"featured_media":0,"comment_status":"open","ping_status":"open","sticky":false,"template":"","format":"standard","meta":{"_acf_changed":false,"_monsterinsights_skip_tracking":false,"_monsterinsights_sitenote_active":false,"_monsterinsights_sitenote_note":"","_monsterinsights_sitenote_category":0,"_jetpack_memberships_contains_paid_content":false,"footnotes":"","jetpack_publicize_message":"","jetpack_publicize_feature_enabled":true,"jetpack_social_post_already_shared":true,"jetpack_social_options":{"image_generator_settings":{"template":"highway","default_image_id":0,"font":"","enabled":false},"version":2}},"categories":[5,1,4],"tags":[],"class_list":["post-29561","post","type-post","status-publish","format-standard","hentry","category-cotidiano","category-noticias","category-local"],"acf":[],"jetpack_publicize_connections":[],"jetpack_featured_media_url":"","jetpack_sharing_enabled":true,"publishpress_future_workflow_manual_trigger":{"enabledWorkflows":[]},"_links":{"self":[{"href":"https:\/\/blogdoeloiltoncajuhy.com.br\/site\/wp-json\/wp\/v2\/posts\/29561","targetHints":{"allow":["GET"]}}],"collection":[{"href":"https:\/\/blogdoeloiltoncajuhy.com.br\/site\/wp-json\/wp\/v2\/posts"}],"about":[{"href":"https:\/\/blogdoeloiltoncajuhy.com.br\/site\/wp-json\/wp\/v2\/types\/post"}],"author":[{"embeddable":true,"href":"https:\/\/blogdoeloiltoncajuhy.com.br\/site\/wp-json\/wp\/v2\/users\/2"}],"replies":[{"embeddable":true,"href":"https:\/\/blogdoeloiltoncajuhy.com.br\/site\/wp-json\/wp\/v2\/comments?post=29561"}],"version-history":[{"count":2,"href":"https:\/\/blogdoeloiltoncajuhy.com.br\/site\/wp-json\/wp\/v2\/posts\/29561\/revisions"}],"predecessor-version":[{"id":29563,"href":"https:\/\/blogdoeloiltoncajuhy.com.br\/site\/wp-json\/wp\/v2\/posts\/29561\/revisions\/29563"}],"wp:attachment":[{"href":"https:\/\/blogdoeloiltoncajuhy.com.br\/site\/wp-json\/wp\/v2\/media?parent=29561"}],"wp:term":[{"taxonomy":"category","embeddable":true,"href":"https:\/\/blogdoeloiltoncajuhy.com.br\/site\/wp-json\/wp\/v2\/categories?post=29561"},{"taxonomy":"post_tag","embeddable":true,"href":"https:\/\/blogdoeloiltoncajuhy.com.br\/site\/wp-json\/wp\/v2\/tags?post=29561"}],"curies":[{"name":"wp","href":"https:\/\/api.w.org\/{rel}","templated":true}]}}