{"id":29559,"date":"2018-11-28T21:47:50","date_gmt":"2018-11-29T00:47:50","guid":{"rendered":"http:\/\/blogdoeloiltoncajuhy.com.br\/site\/?p=29559"},"modified":"2018-11-28T21:47:50","modified_gmt":"2018-11-29T00:47:50","slug":"comece-a-quinta-feira-meditando-evangelho-lc-2120-28","status":"publish","type":"post","link":"https:\/\/blogdoeloiltoncajuhy.com.br\/site\/comece-a-quinta-feira-meditando-evangelho-lc-2120-28\/","title":{"rendered":"Comece a quinta-feira meditando (Evangelho &#8211; Lc 21,20-28)"},"content":{"rendered":"<h5 style=\"text-align: center;\"><span style=\"color: #800080;\"><strong>Jerusal\u00e9m ser\u00e1 pisada pelos infi\u00e9is,\u00a0at\u00e9 que o tempo dos pag\u00e3os se complete<\/strong><\/span><\/h5>\n<p><a href=\"https:\/\/i0.wp.com\/blogdoeloiltoncajuhy.com.br\/site\/wp-content\/uploads\/2017\/05\/liturgia_diaria_2-e1496227097750.jpg\"><img data-recalc-dims=\"1\" fetchpriority=\"high\" decoding=\"async\" class=\"wp-image-17809 size-medium alignleft\" src=\"https:\/\/i0.wp.com\/blogdoeloiltoncajuhy.com.br\/site\/wp-content\/uploads\/2017\/05\/liturgia_diaria_2.jpg?resize=300%2C227\" alt=\"\" width=\"300\" height=\"227\" \/><\/a>Naquele tempo, disse Jesus aos seus disc\u00edpulos: Quando virdes Jerusal\u00e9m cercada de ex\u00e9rcitos, ficai sabendo que a sua destrui\u00e7\u00e3o est\u00e1 pr\u00f3xima.<\/p>\n<p>Ent\u00e3o, os que estiverem na Jud\u00e9ia, devem fugir para as montanhas; os que estiverem no meio da cidade, devem afastar-se; os que estiverem no campo, n\u00e3o entrem na cidade. Pois esses dias s\u00e3o de vingan\u00e7a, para que se cumpra tudo o que dizem as Escrituras.<\/p>\n<p>Infelizes das mulheres gr\u00e1vidas e daquelas que estiverem amamentando naqueles dias, pois haver\u00e1 uma grande calamidade na terra e ira contra este povo. Ser\u00e3o mortos pela espada e levados presos para todas as na\u00e7\u00f5es e Jerusal\u00e9m ser\u00e1 pisada pelos infi\u00e9is, at\u00e9 que o tempo dos pag\u00e3os se complete.<\/p>\n<p>Haver\u00e1 sinais no sol, na lua e nas estrelas. Na terra, as na\u00e7\u00f5es ficar\u00e3o angustiadas, com pavor do barulho do mar e das ondas. Os homens v\u00e3o desmaiar de medo, s\u00f3 em pensar no que vai acontecer ao mundo, porque as for\u00e7as do c\u00e9u ser\u00e3o abaladas.<\/p>\n<p>Ent\u00e3o eles ver\u00e3o o Filho do Homem, vindo numa nuvem com grande poder e gl\u00f3ria. Quando estas coisas come\u00e7arem a acontecer, levantai-vos e erguei a cabe\u00e7a, porque a vossa liberta\u00e7\u00e3o est\u00e1 pr\u00f3xima&#8217;.<\/p>\n<p><strong>Palavra da Salva\u00e7\u00e3o!<\/strong><\/p>\n<p><a href=\"http:\/\/liturgiadiaria.cnbb.org.br\/app\/user\/user\/UserView.php?ano=2018&amp;mes=11&amp;dia=29\"><em><strong>*CNBB<\/strong><\/em><\/a><\/p>\n","protected":false},"excerpt":{"rendered":"<p>Jerusal\u00e9m ser\u00e1 pisada pelos infi\u00e9is,\u00a0at\u00e9 que o tempo dos pag\u00e3os se complete Naquele tempo, disse Jesus aos seus disc\u00edpulos: Quando virdes Jerusal\u00e9m cercada de ex\u00e9rcitos, ficai sabendo que a sua destrui\u00e7\u00e3o est\u00e1 pr\u00f3xima. Ent\u00e3o, os que estiverem na Jud\u00e9ia, devem fugir para as montanhas; os que estiverem no meio da cidade, devem afastar-se; os que [&hellip;]<\/p>\n","protected":false},"author":2,"featured_media":0,"comment_status":"open","ping_status":"open","sticky":false,"template":"","format":"standard","meta":{"_acf_changed":false,"_monsterinsights_skip_tracking":false,"_monsterinsights_sitenote_active":false,"_monsterinsights_sitenote_note":"","_monsterinsights_sitenote_category":0,"_jetpack_memberships_contains_paid_content":false,"footnotes":"","jetpack_publicize_message":"","jetpack_publicize_feature_enabled":true,"jetpack_social_post_already_shared":true,"jetpack_social_options":{"image_generator_settings":{"template":"highway","default_image_id":0,"font":"","enabled":false},"version":2}},"categories":[1,9],"tags":[],"class_list":["post-29559","post","type-post","status-publish","format-standard","hentry","category-noticias","category-reflexao"],"acf":[],"jetpack_publicize_connections":[],"jetpack_featured_media_url":"","jetpack_sharing_enabled":true,"publishpress_future_workflow_manual_trigger":{"enabledWorkflows":[]},"_links":{"self":[{"href":"https:\/\/blogdoeloiltoncajuhy.com.br\/site\/wp-json\/wp\/v2\/posts\/29559","targetHints":{"allow":["GET"]}}],"collection":[{"href":"https:\/\/blogdoeloiltoncajuhy.com.br\/site\/wp-json\/wp\/v2\/posts"}],"about":[{"href":"https:\/\/blogdoeloiltoncajuhy.com.br\/site\/wp-json\/wp\/v2\/types\/post"}],"author":[{"embeddable":true,"href":"https:\/\/blogdoeloiltoncajuhy.com.br\/site\/wp-json\/wp\/v2\/users\/2"}],"replies":[{"embeddable":true,"href":"https:\/\/blogdoeloiltoncajuhy.com.br\/site\/wp-json\/wp\/v2\/comments?post=29559"}],"version-history":[{"count":1,"href":"https:\/\/blogdoeloiltoncajuhy.com.br\/site\/wp-json\/wp\/v2\/posts\/29559\/revisions"}],"predecessor-version":[{"id":29560,"href":"https:\/\/blogdoeloiltoncajuhy.com.br\/site\/wp-json\/wp\/v2\/posts\/29559\/revisions\/29560"}],"wp:attachment":[{"href":"https:\/\/blogdoeloiltoncajuhy.com.br\/site\/wp-json\/wp\/v2\/media?parent=29559"}],"wp:term":[{"taxonomy":"category","embeddable":true,"href":"https:\/\/blogdoeloiltoncajuhy.com.br\/site\/wp-json\/wp\/v2\/categories?post=29559"},{"taxonomy":"post_tag","embeddable":true,"href":"https:\/\/blogdoeloiltoncajuhy.com.br\/site\/wp-json\/wp\/v2\/tags?post=29559"}],"curies":[{"name":"wp","href":"https:\/\/api.w.org\/{rel}","templated":true}]}}