{"id":29556,"date":"2018-11-28T20:39:24","date_gmt":"2018-11-28T23:39:24","guid":{"rendered":"http:\/\/blogdoeloiltoncajuhy.com.br\/site\/?p=29556"},"modified":"2018-11-28T20:39:24","modified_gmt":"2018-11-28T23:39:24","slug":"brasileiro-visita-mais-uma-vez-canteiro-de-obras-do-mercado-popular-de-senhor-do-bonfim","status":"publish","type":"post","link":"https:\/\/blogdoeloiltoncajuhy.com.br\/site\/brasileiro-visita-mais-uma-vez-canteiro-de-obras-do-mercado-popular-de-senhor-do-bonfim\/","title":{"rendered":"Brasileiro visita mais uma vez canteiro de obras do Mercado Popular de Senhor do Bonfim"},"content":{"rendered":"<p><a href=\"https:\/\/i0.wp.com\/blogdoeloiltoncajuhy.com.br\/site\/wp-content\/uploads\/2018\/11\/pmsb_visita-mercado-popular.png\"><img data-recalc-dims=\"1\" fetchpriority=\"high\" decoding=\"async\" class=\"aligncenter wp-image-29557\" src=\"https:\/\/i0.wp.com\/blogdoeloiltoncajuhy.com.br\/site\/wp-content\/uploads\/2018\/11\/pmsb_visita-mercado-popular.png?resize=550%2C363\" alt=\"\" width=\"550\" height=\"363\" srcset=\"https:\/\/i0.wp.com\/blogdoeloiltoncajuhy.com.br\/site\/wp-content\/uploads\/2018\/11\/pmsb_visita-mercado-popular.png?w=795&amp;ssl=1 795w, https:\/\/i0.wp.com\/blogdoeloiltoncajuhy.com.br\/site\/wp-content\/uploads\/2018\/11\/pmsb_visita-mercado-popular.png?resize=300%2C198&amp;ssl=1 300w, https:\/\/i0.wp.com\/blogdoeloiltoncajuhy.com.br\/site\/wp-content\/uploads\/2018\/11\/pmsb_visita-mercado-popular.png?resize=768%2C506&amp;ssl=1 768w, https:\/\/i0.wp.com\/blogdoeloiltoncajuhy.com.br\/site\/wp-content\/uploads\/2018\/11\/pmsb_visita-mercado-popular.png?resize=250%2C165&amp;ssl=1 250w\" sizes=\"(max-width: 550px) 100vw, 550px\" \/><\/a>O acompanhamento passo a passo das obras em andamento no munic\u00edpio de Senhor do Bonfim tem sido uma rotina na agenda do gestor, que alterna os compromissos de gabinete, para ver de perto as obras e conversar com \u00e0 popula\u00e7\u00e3o.<\/p>\n<p><em>\u201cFa\u00e7o quest\u00e3o de andar por todo munic\u00edpio e acompanhar de perto todas as obras que estamos executando. Essas visitas s\u00e3o importantes para garantir mais agilidade e sanar eventuais problemas antes de serem entregues \u00e0 popula\u00e7\u00e3o<\/em>\u201d, salientou o prefeito Carlos Brasileiro.<\/p>\n<p>O Mercado Popular vai atender as necessidades de mais de 160 feirantes em espa\u00e7os adequados para diversos seguimentos comerciais. O projeto contempla a constru\u00e7\u00e3o de boxes comerciais, pra\u00e7a de eventos, pra\u00e7a de alimenta\u00e7\u00e3o, jardinagem e arboriza\u00e7\u00e3o.<\/p>\n<p>O equipamento p\u00fablico est\u00e1 sendo constru\u00eddo na Pra\u00e7a Augusto Sena Gomes e tem um investimento de R$ 1,9 milh\u00e3o. Os recursos s\u00e3o oriundos de emenda parlamentar do deputado Valmir Assun\u00e7\u00e3o. At\u00e9 o momento, 42 boxes foram constru\u00eddos.<\/p>\n<p><em><strong>*ASCOM &#8211; Prefeitura Municipal de Senhor do Bonfim &#8211; BA<br \/>\n<\/strong>Telefones: 74 3541-8366 \/ 99110-9117<\/em><br \/>\n<em>Endere\u00e7o: Pra\u00e7a Juracy Magalh\u00e3es, 126<\/em><br \/>\n<em>E-MAIL: ascom@pmsb.ba.gov.br <\/em><br \/>\n<em>SITE OFICIAL: www.pmsb.ba.gov.br<\/em><br \/>\n<em>FAN PAGE: www.facebook.com\/oficialpmsb<\/em><\/p>\n","protected":false},"excerpt":{"rendered":"<p>O acompanhamento passo a passo das obras em andamento no munic\u00edpio de Senhor do Bonfim tem sido uma rotina na agenda do gestor, que alterna os compromissos de gabinete, para ver de perto as obras e conversar com \u00e0 popula\u00e7\u00e3o. \u201cFa\u00e7o quest\u00e3o de andar por todo munic\u00edpio e acompanhar de perto todas as obras que [&hellip;]<\/p>\n","protected":false},"author":2,"featured_media":29557,"comment_status":"open","ping_status":"open","sticky":false,"template":"","format":"standard","meta":{"_acf_changed":false,"_monsterinsights_skip_tracking":false,"_monsterinsights_sitenote_active":false,"_monsterinsights_sitenote_note":"","_monsterinsights_sitenote_category":0,"_jetpack_memberships_contains_paid_content":false,"footnotes":"","jetpack_publicize_message":"","jetpack_publicize_feature_enabled":true,"jetpack_social_post_already_shared":true,"jetpack_social_options":{"image_generator_settings":{"template":"highway","default_image_id":0,"font":"","enabled":false},"version":2}},"categories":[1,3,4],"tags":[],"class_list":["post-29556","post","type-post","status-publish","format-standard","has-post-thumbnail","hentry","category-noticias","category-politica","category-local"],"acf":[],"jetpack_publicize_connections":[],"jetpack_featured_media_url":"https:\/\/i0.wp.com\/blogdoeloiltoncajuhy.com.br\/site\/wp-content\/uploads\/2018\/11\/pmsb_visita-mercado-popular.png?fit=795%2C524&ssl=1","jetpack_sharing_enabled":true,"publishpress_future_workflow_manual_trigger":{"enabledWorkflows":[]},"_links":{"self":[{"href":"https:\/\/blogdoeloiltoncajuhy.com.br\/site\/wp-json\/wp\/v2\/posts\/29556","targetHints":{"allow":["GET"]}}],"collection":[{"href":"https:\/\/blogdoeloiltoncajuhy.com.br\/site\/wp-json\/wp\/v2\/posts"}],"about":[{"href":"https:\/\/blogdoeloiltoncajuhy.com.br\/site\/wp-json\/wp\/v2\/types\/post"}],"author":[{"embeddable":true,"href":"https:\/\/blogdoeloiltoncajuhy.com.br\/site\/wp-json\/wp\/v2\/users\/2"}],"replies":[{"embeddable":true,"href":"https:\/\/blogdoeloiltoncajuhy.com.br\/site\/wp-json\/wp\/v2\/comments?post=29556"}],"version-history":[{"count":1,"href":"https:\/\/blogdoeloiltoncajuhy.com.br\/site\/wp-json\/wp\/v2\/posts\/29556\/revisions"}],"predecessor-version":[{"id":29558,"href":"https:\/\/blogdoeloiltoncajuhy.com.br\/site\/wp-json\/wp\/v2\/posts\/29556\/revisions\/29558"}],"wp:featuredmedia":[{"embeddable":true,"href":"https:\/\/blogdoeloiltoncajuhy.com.br\/site\/wp-json\/wp\/v2\/media\/29557"}],"wp:attachment":[{"href":"https:\/\/blogdoeloiltoncajuhy.com.br\/site\/wp-json\/wp\/v2\/media?parent=29556"}],"wp:term":[{"taxonomy":"category","embeddable":true,"href":"https:\/\/blogdoeloiltoncajuhy.com.br\/site\/wp-json\/wp\/v2\/categories?post=29556"},{"taxonomy":"post_tag","embeddable":true,"href":"https:\/\/blogdoeloiltoncajuhy.com.br\/site\/wp-json\/wp\/v2\/tags?post=29556"}],"curies":[{"name":"wp","href":"https:\/\/api.w.org\/{rel}","templated":true}]}}