{"id":29553,"date":"2018-11-28T20:27:16","date_gmt":"2018-11-28T23:27:16","guid":{"rendered":"http:\/\/blogdoeloiltoncajuhy.com.br\/site\/?p=29553"},"modified":"2018-11-28T20:27:16","modified_gmt":"2018-11-28T23:27:16","slug":"prefeito-de-andorinha-mostra-prestigio-e-superintendencia-do-banco-do-brasil-sinaliza-reabertura-da-agencia-no-municipio","status":"publish","type":"post","link":"https:\/\/blogdoeloiltoncajuhy.com.br\/site\/prefeito-de-andorinha-mostra-prestigio-e-superintendencia-do-banco-do-brasil-sinaliza-reabertura-da-agencia-no-municipio\/","title":{"rendered":"Prefeito de Andorinha mostra prestigio e superintend\u00eancia do Banco do Brasil sinaliza reabertura da ag\u00eancia no munic\u00edpio"},"content":{"rendered":"<p><a href=\"https:\/\/i0.wp.com\/blogdoeloiltoncajuhy.com.br\/site\/wp-content\/uploads\/2018\/11\/prefeito-pede-reabertura-BB.jpg\"><img data-recalc-dims=\"1\" fetchpriority=\"high\" decoding=\"async\" class=\"aligncenter wp-image-29554\" src=\"https:\/\/i0.wp.com\/blogdoeloiltoncajuhy.com.br\/site\/wp-content\/uploads\/2018\/11\/prefeito-pede-reabertura-BB.jpg?resize=600%2C518\" alt=\"\" width=\"600\" height=\"518\" srcset=\"https:\/\/i0.wp.com\/blogdoeloiltoncajuhy.com.br\/site\/wp-content\/uploads\/2018\/11\/prefeito-pede-reabertura-BB.jpg?w=834&amp;ssl=1 834w, https:\/\/i0.wp.com\/blogdoeloiltoncajuhy.com.br\/site\/wp-content\/uploads\/2018\/11\/prefeito-pede-reabertura-BB.jpg?resize=300%2C259&amp;ssl=1 300w, https:\/\/i0.wp.com\/blogdoeloiltoncajuhy.com.br\/site\/wp-content\/uploads\/2018\/11\/prefeito-pede-reabertura-BB.jpg?resize=768%2C663&amp;ssl=1 768w, https:\/\/i0.wp.com\/blogdoeloiltoncajuhy.com.br\/site\/wp-content\/uploads\/2018\/11\/prefeito-pede-reabertura-BB.jpg?resize=250%2C216&amp;ssl=1 250w\" sizes=\"(max-width: 600px) 100vw, 600px\" \/><\/a>Durante reuni\u00e3o com superintendente Estadual do Banco do Brasil, Cristiano Jos\u00e9 dos Santos Carvalho, o prefeito de Andorinha, Renato Brand\u00e3o, juntamente com o deputado estadual Euclides Fernandes (PDT), solicitou a reabertura do Banco do Brasil no munic\u00edpio.\u00a0A ag\u00eancia do Banco do Brasil est\u00e1 sem funcionar desde que foi explodida e assaltada por bandidos fortemente armados no in\u00edcio do m\u00eas de novembro deste ano.<\/p>\n<p>Durante visita a superintend\u00eancia do BB, o chefe do executivo mostrou o desconforto que os usu\u00e1rios est\u00e3o vivendo se deslocando para ter atendimento fora da cidade e cobrou mais uma vez a reabertura da ag\u00eancia que \u00e9 de fundamental import\u00e2ncia para o desenvolvimento econ\u00f4mico do munic\u00edpio.<\/p>\n<p><em>\u201cFomos muito bem recebidos e atendidos pelo senhor Cristiano. Nossa boa rela\u00e7\u00e3o com a institui\u00e7\u00e3o e o respeito que a institui\u00e7\u00e3o tem com os correntistas andorinhenses s\u00e3o pontos positivos para reabertura. Estamos todos empenhados para que seja solucionado o mais r\u00e1pido poss\u00edvel esse problema\u201d<\/em>, destacou o prefeito Renato Brand\u00e3o.<\/p>\n<p>Segundo o prefeito, na reuni\u00e3o que aconteceu em Salvador, o superintendente ficou sensibilizado com o problema enfrentado pela popula\u00e7\u00e3o, que est\u00e1 impedida de realizar qualquer tipo de transa\u00e7\u00e3o banc\u00e1ria, e tendo em vista a import\u00e2ncia da ag\u00eancia, enviou parecer a diretoria da institui\u00e7\u00e3o financeira em Bras\u00edlia favor\u00e1vel \u00e0 reabertura. O comunicado oficial deve acontecer em at\u00e9 15 dias.<\/p>\n<p>Na oportunidade, Renato agradeceu o empenho do deputado Euclides Fernandes e do superintendente do BB e ainda elogiou a postura dos vereadores comprometidos com o povo e a gest\u00e3o municipal.<\/p>\n<p><em>&#8220;Quero agradecer o presidente da C\u00e2mara de Vereadores e demais edis da nossa base, que est\u00e3o nessa luta pela reabertura do Banco do Brasil. Tenho orgulho de termos representantes no legislativo que n\u00e3o medem esfor\u00e7os para melhorar a vida dos nossos mun\u00edcipes\u201d<\/em>, pontuou Renato.<\/p>\n<p><em><strong>*Ascom Prefeitura Municipal de Andorinha-BA<\/strong><\/em><\/p>\n","protected":false},"excerpt":{"rendered":"<p>Durante reuni\u00e3o com superintendente Estadual do Banco do Brasil, Cristiano Jos\u00e9 dos Santos Carvalho, o prefeito de Andorinha, Renato Brand\u00e3o, juntamente com o deputado estadual Euclides Fernandes (PDT), solicitou a reabertura do Banco do Brasil no munic\u00edpio.\u00a0A ag\u00eancia do Banco do Brasil est\u00e1 sem funcionar desde que foi explodida e assaltada por bandidos fortemente armados [&hellip;]<\/p>\n","protected":false},"author":2,"featured_media":29554,"comment_status":"open","ping_status":"open","sticky":false,"template":"","format":"standard","meta":{"_acf_changed":false,"_monsterinsights_skip_tracking":false,"_monsterinsights_sitenote_active":false,"_monsterinsights_sitenote_note":"","_monsterinsights_sitenote_category":0,"_jetpack_memberships_contains_paid_content":false,"footnotes":"","jetpack_publicize_message":"","jetpack_publicize_feature_enabled":true,"jetpack_social_post_already_shared":true,"jetpack_social_options":{"image_generator_settings":{"template":"highway","default_image_id":0,"font":"","enabled":false},"version":2}},"categories":[1,11],"tags":[],"class_list":["post-29553","post","type-post","status-publish","format-standard","has-post-thumbnail","hentry","category-noticias","category-regional"],"acf":[],"jetpack_publicize_connections":[],"jetpack_featured_media_url":"https:\/\/i0.wp.com\/blogdoeloiltoncajuhy.com.br\/site\/wp-content\/uploads\/2018\/11\/prefeito-pede-reabertura-BB.jpg?fit=834%2C720&ssl=1","jetpack_sharing_enabled":true,"publishpress_future_workflow_manual_trigger":{"enabledWorkflows":[]},"_links":{"self":[{"href":"https:\/\/blogdoeloiltoncajuhy.com.br\/site\/wp-json\/wp\/v2\/posts\/29553","targetHints":{"allow":["GET"]}}],"collection":[{"href":"https:\/\/blogdoeloiltoncajuhy.com.br\/site\/wp-json\/wp\/v2\/posts"}],"about":[{"href":"https:\/\/blogdoeloiltoncajuhy.com.br\/site\/wp-json\/wp\/v2\/types\/post"}],"author":[{"embeddable":true,"href":"https:\/\/blogdoeloiltoncajuhy.com.br\/site\/wp-json\/wp\/v2\/users\/2"}],"replies":[{"embeddable":true,"href":"https:\/\/blogdoeloiltoncajuhy.com.br\/site\/wp-json\/wp\/v2\/comments?post=29553"}],"version-history":[{"count":1,"href":"https:\/\/blogdoeloiltoncajuhy.com.br\/site\/wp-json\/wp\/v2\/posts\/29553\/revisions"}],"predecessor-version":[{"id":29555,"href":"https:\/\/blogdoeloiltoncajuhy.com.br\/site\/wp-json\/wp\/v2\/posts\/29553\/revisions\/29555"}],"wp:featuredmedia":[{"embeddable":true,"href":"https:\/\/blogdoeloiltoncajuhy.com.br\/site\/wp-json\/wp\/v2\/media\/29554"}],"wp:attachment":[{"href":"https:\/\/blogdoeloiltoncajuhy.com.br\/site\/wp-json\/wp\/v2\/media?parent=29553"}],"wp:term":[{"taxonomy":"category","embeddable":true,"href":"https:\/\/blogdoeloiltoncajuhy.com.br\/site\/wp-json\/wp\/v2\/categories?post=29553"},{"taxonomy":"post_tag","embeddable":true,"href":"https:\/\/blogdoeloiltoncajuhy.com.br\/site\/wp-json\/wp\/v2\/tags?post=29553"}],"curies":[{"name":"wp","href":"https:\/\/api.w.org\/{rel}","templated":true}]}}