{"id":29551,"date":"2018-11-28T20:08:21","date_gmt":"2018-11-28T23:08:21","guid":{"rendered":"http:\/\/blogdoeloiltoncajuhy.com.br\/site\/?p=29551"},"modified":"2018-11-28T20:08:21","modified_gmt":"2018-11-28T23:08:21","slug":"oportunidade-prf-abre-concurso-para-500-vagas-de-policial-rodoviario-17-vagas-na-bahia","status":"publish","type":"post","link":"https:\/\/blogdoeloiltoncajuhy.com.br\/site\/oportunidade-prf-abre-concurso-para-500-vagas-de-policial-rodoviario-17-vagas-na-bahia\/","title":{"rendered":"Oportunidade: PRF abre concurso para 500 vagas de policial rodovi\u00e1rio; 17 vagas na Bahia"},"content":{"rendered":"<h5 style=\"text-align: center;\">Os candidatos devem ter gradua\u00e7\u00e3o de n\u00edvel superior em qualquer \u00e1rea. O sal\u00e1rio \u00e9 de R$ 9.473,57; edital foi divulgado nesta quarta<\/h5>\n<div class=\"mc-column content-text active-extra-styles active-capital-letter\" data-block-type=\"unstyled\" data-block-weight=\"23\" data-block-id=\"2\">\n<p class=\"content-text__container theme-color-primary-first-letter\" data-track-category=\"Link no Texto\" data-track-links=\"\"><a href=\"https:\/\/i0.wp.com\/blogdoeloiltoncajuhy.com.br\/site\/wp-content\/uploads\/2015\/09\/Opera%C3%A7%C3%A3oPRF-e1484874588689.jpg\"><img data-recalc-dims=\"1\" fetchpriority=\"high\" decoding=\"async\" class=\"aligncenter size-full wp-image-3704\" src=\"https:\/\/i0.wp.com\/blogdoeloiltoncajuhy.com.br\/site\/wp-content\/uploads\/2015\/09\/Opera%C3%A7%C3%A3oPRF-e1484874588689.jpg?resize=600%2C450\" alt=\"\" width=\"600\" height=\"450\" \/><\/a>A\u00a0<strong><a href=\"http:\/\/g1.globo.com\/tudo-sobre\/policia-rodoviaria-federal\"><span style=\"color: #ff0000;\">Pol\u00edcia Rodovi\u00e1ria Federal (PRF)<\/span><\/a><\/strong>\u00a0divulgou edital de concurso p\u00fablico para 500 vagas de policial rodovi\u00e1rio federal. O sal\u00e1rio \u00e9 de R$ 9.473,57.<\/p>\n<\/div>\n<div class=\"wall protected-content\">\n<div class=\"mc-column content-text active-extra-styles\" data-block-type=\"raw\" data-block-weight=\"9\" data-block-id=\"3\">\n<ul class=\"content-unordered-list\">\n<li><a href=\"http:\/\/www.cespe.unb.br\/concursos\/prf_18\/\" target=\"_blank\" rel=\"noopener\"><span style=\"color: #ff0000;\">No site do Cebraspe, \u00e9 poss\u00edvel ver o edital<\/span><\/a><\/li>\n<\/ul>\n<\/div>\n<div class=\"mc-column content-text active-extra-styles \" data-block-type=\"unstyled\" data-block-weight=\"16\" data-block-id=\"4\">\n<p class=\"content-text__container \" data-track-category=\"Link no Texto\" data-track-links=\"\">Do total de vagas, 100 s\u00e3o reservadas para candidatos negros e 33 para pessoas com defici\u00eancia.\u00a0<span style=\"font-weight: 300;\">Os candidatos devem ter gradua\u00e7\u00e3o de n\u00edvel superior em qualquer \u00e1rea e Carteira Nacional de Habilita\u00e7\u00e3o no m\u00ednimo de categoria &#8220;B&#8221; e que n\u00e3o possua observa\u00e7\u00e3o de adapta\u00e7\u00e3o veicular ou restri\u00e7\u00e3o de locais e hor\u00e1rio para dirigir.<\/span><\/p>\n<\/div>\n<div class=\"mc-column content-text active-extra-styles \" data-block-type=\"unstyled\" data-block-weight=\"39\" data-block-id=\"6\">\n<p class=\"content-text__container \" data-track-category=\"Link no Texto\" data-track-links=\"\">O policial rodovi\u00e1rio tem jornada de 40 horas semanais e realiza atividades de natureza policial envolvendo fiscaliza\u00e7\u00e3o, patrulhamento e policiamento ostensivo, atendimento e socorro \u00e0s v\u00edtimas de acidentes rodovi\u00e1rios e demais atribui\u00e7\u00f5es relacionadas com a \u00e1rea operacional da PRF.<\/p>\n<\/div>\n<div class=\"mc-column content-text active-extra-styles \" data-block-type=\"unstyled\" data-block-weight=\"24\" data-block-id=\"7\">\n<p class=\"content-text__container \" data-track-category=\"Link no Texto\" data-track-links=\"\">As inscri\u00e7\u00f5es devem ser feitas de 3 a 18 de dezembro pelo site da organizadora, a\u00a0<span style=\"color: #ff0000;\"><a style=\"color: #ff0000;\" href=\"https:\/\/g1.globo.com\/busca\/click?q=cespe&amp;p=0&amp;r=1543425778625&amp;u=http%3A%2F%2Fg1.globo.com%2Ftopico%2Fcespe&amp;key=680dbf2e10e0eb668afdcac03b75e000\">Cespe<\/a>:\u00a0<a style=\"color: #ff0000;\" href=\"http:\/\/www.cespe.unb.br\/concursos\/prf_18\" target=\"_blank\" rel=\"noopener\">http:\/\/www.cespe.unb.br\/concursos\/prf_18<\/a><\/span>. A taxa \u00e9 de R$ 150,00.<\/p>\n<\/div>\n<div class=\"mc-column content-text active-extra-styles \" data-block-type=\"unstyled\" data-block-weight=\"35\" data-block-id=\"8\">\n<p class=\"content-text__container \" data-track-category=\"Link no Texto\" data-track-links=\"\">Podem pedir isen\u00e7\u00e3o da taxa candidatos inscritos no Cadastro \u00danico para Programas Sociais do Governo Federal (Cad\u00danico), membros de fam\u00edlia de baixa renda ou doadores de medula \u00f3ssea em entidades reconhecidas pelo Minist\u00e9rio da Sa\u00fade.<\/p>\n<\/div>\n<div class=\"mc-column content-text active-extra-styles\" data-block-type=\"raw\" data-block-weight=\"3\" data-block-id=\"9\">\n<div class=\"content-intertitle\">\n<h2><strong>Locais das vagas<\/strong><\/h2>\n<\/div>\n<\/div>\n<div class=\"mc-column content-text active-extra-styles \" data-block-type=\"unstyled\" data-block-weight=\"7\" data-block-id=\"10\">\n<p class=\"content-text__container \" data-track-category=\"Link no Texto\" data-track-links=\"\"><strong>Veja a distribui\u00e7\u00e3o das vagas por estados:<\/strong><\/p>\n<\/div>\n<div class=\"mc-column content-text active-extra-styles\" data-block-type=\"raw\" data-block-weight=\"62\" data-block-id=\"11\">\n<ul class=\"content-unordered-list\">\n<li>Acre (17 vagas)<\/li>\n<li>Amap\u00e1 (28 vagas)<\/li>\n<li>Amazonas (23 vagas)<\/li>\n<li>Bahia (17 vagas)<\/li>\n<li>Goi\u00e1s (27 vagas)<\/li>\n<li>Maranh\u00e3o (18 vagas)<\/li>\n<li>Mato Grosso (9 vagas)<\/li>\n<li>Mato Grosso do Sul (35 vagas)<\/li>\n<li>Minas Gerais (57 vagas)<\/li>\n<li>Par\u00e1 (81 vagas)<\/li>\n<li>Piau\u00ed (22 vagas)<\/li>\n<li>Rio de Janeiro (10 vagas)<\/li>\n<li>Rio Grande do Sul (74 vagas)<\/li>\n<li>Rond\u00f4nia (15 vagas)<\/li>\n<li>Roraima (23 vagas)<\/li>\n<li>S\u00e3o Paulo (19 vagas)<\/li>\n<li>Tocantins (25 vagas)<\/li>\n<\/ul>\n<\/div>\n<div class=\"mc-column content-text active-extra-styles \" data-block-type=\"unstyled\" data-block-weight=\"64\" data-block-id=\"12\">\n<p class=\"content-text__container \" data-track-category=\"Link no Texto\" data-track-links=\"\">A unidade de lota\u00e7\u00e3o do candidato estar\u00e1 vinculada \u00e0 UF de vaga escolhida no momento da inscri\u00e7\u00e3o. O ocupante do cargo permanecer\u00e1 preferencialmente no local de sua primeira lota\u00e7\u00e3o por um per\u00edodo m\u00ednimo de 3 anos, exercendo atividades de natureza operacional voltadas ao patrulhamento ostensivo e \u00e0 fiscaliza\u00e7\u00e3o de tr\u00e2nsito, sendo sua remo\u00e7\u00e3o condicionada a concurso de remo\u00e7\u00e3o, permuta ou ao interesse da administra\u00e7\u00e3o.<\/p>\n<\/div>\n<div class=\"mc-column content-text active-extra-styles\" data-block-type=\"raw\" data-block-weight=\"3\" data-block-id=\"14\">\n<div class=\"content-intertitle\">\n<h2>Etapas do concurso<\/h2>\n<\/div>\n<\/div>\n<div class=\"mc-column content-text active-extra-styles \" data-block-type=\"unstyled\" data-block-weight=\"12\" data-block-id=\"15\">\n<p class=\"content-text__container \" data-track-category=\"Link no Texto\" data-track-links=\"\"><strong>O concurso ter\u00e1 duas etapas. A primeira etapa compreender\u00e1 as seguintes fases:<\/strong><\/p>\n<\/div>\n<div class=\"mc-column content-text active-extra-styles\" data-block-type=\"raw\" data-block-weight=\"71\" data-block-id=\"16\">\n<ul class=\"content-unordered-list\">\n<li><strong>prova objetiva<\/strong>, de car\u00e1ter eliminat\u00f3rio e classificat\u00f3rio, de responsabilidade do\u00a0<span style=\"color: #ff0000;\"><a style=\"color: #ff0000;\" href=\"http:\/\/g1.globo.com\/tudo-sobre\/cebraspe\">Cebraspe<\/a><\/span>;<\/li>\n<li><strong>prova discursiva<\/strong>, de car\u00e1ter eliminat\u00f3rio e classificat\u00f3rio, de responsabilidade do Cebraspe;<\/li>\n<li><strong>exame de capacidade f\u00edsica<\/strong>, de car\u00e1ter eliminat\u00f3rio, de responsabilidade do Cebraspe;<\/li>\n<li><strong>avalia\u00e7\u00e3o de sa\u00fade<\/strong>, de car\u00e1ter eliminat\u00f3rio, de responsabilidade do Cebraspe;<\/li>\n<li><strong>avalia\u00e7\u00e3o psicol\u00f3gica,<\/strong>\u00a0de car\u00e1ter eliminat\u00f3rio, de responsabilidade do Cebraspe;<\/li>\n<li><strong>avalia\u00e7\u00e3o de t\u00edtulos<\/strong>, de car\u00e1ter classificat\u00f3rio, de responsabilidade do Cebraspe;<\/li>\n<li><strong>investiga\u00e7\u00e3o social,<\/strong>\u00a0de car\u00e1ter eliminat\u00f3rio, de responsabilidade da PRF<\/li>\n<\/ul>\n<\/div>\n<div class=\"mc-column content-text active-extra-styles \" data-block-type=\"unstyled\" data-block-weight=\"20\" data-block-id=\"17\">\n<p class=\"content-text__container \" data-track-category=\"Link no Texto\" data-track-links=\"\">A segunda etapa ser\u00e1 o curso de forma\u00e7\u00e3o profissional, a ser realizado em locais previamente indicados no edital de convoca\u00e7\u00e3o.<\/p>\n<\/div>\n<div class=\"mc-column content-text active-extra-styles \" data-block-type=\"unstyled\" data-block-weight=\"64\" data-block-id=\"18\">\n<p class=\"content-text__container \" data-track-category=\"Link no Texto\" data-track-links=\"\">A prova objetiva e a prova discursiva ter\u00e3o a dura\u00e7\u00e3o de 4 horas e 30 minutos e ser\u00e3o aplicadas na data prov\u00e1vel de 3 de fevereiro de 2019, no turno da tarde. Na data prov\u00e1vel de 30 de janeiro de 2019, ser\u00e1 publicado no endere\u00e7o eletr\u00f4nico\u00a0<span style=\"color: #ff0000;\"><a style=\"color: #ff0000;\" href=\"http:\/\/www.cespe.unb.br\/concursos\/prf_18\" target=\"_blank\" rel=\"noopener\">http:\/\/www.cespe.unb.br\/concursos\/prf_18<\/a><\/span>\u00a0o edital que informar\u00e1 a disponibiliza\u00e7\u00e3o da consulta aos locais e aos hor\u00e1rios de realiza\u00e7\u00e3o das provas.<\/p>\n<\/div>\n<div class=\"mc-column content-text active-extra-styles \" data-block-type=\"unstyled\" data-block-weight=\"50\" data-block-id=\"19\">\n<p class=\"content-text__container \" data-track-category=\"Link no Texto\" data-track-links=\"\">A prova objetiva ter\u00e1 quest\u00f5es de l\u00edngua portuguesa, racioc\u00ednio l\u00f3gico-matem\u00e1tico, inform\u00e1tica, no\u00e7\u00f5es de f\u00edsica, \u00e9tica no servi\u00e7o p\u00fablico, geopol\u00edtica brasileira, hist\u00f3ria da PRF, legisla\u00e7\u00e3o de tr\u00e2nsito, no\u00e7\u00f5es de direito administrativo, no\u00e7\u00f5es de direito constitucional, no\u00e7\u00f5es de direito penal e de direito processual penal, legisla\u00e7\u00e3o especial e direitos humanos e cidadania.<\/p>\n<\/div>\n<div class=\"mc-column content-text active-extra-styles \" data-block-type=\"unstyled\" data-block-weight=\"46\" data-block-id=\"20\">\n<p class=\"content-text__container \" data-track-category=\"Link no Texto\" data-track-links=\"\">Todas as fases da primeira etapa, a avalia\u00e7\u00e3o biopsicossocial dos candidatos que solicitarem concorrer \u00e0s vagas reservadas \u00e0s pessoas com defici\u00eancia e o procedimento de verifica\u00e7\u00e3o da condi\u00e7\u00e3o declarada para concorrer \u00e0s vagas reservadas aos candidatos negros ser\u00e3o realizadas na capital da UF escolhida para lota\u00e7\u00e3o.<\/p>\n<\/div>\n<div class=\"mc-column content-text active-extra-styles \" data-block-type=\"unstyled\" data-block-weight=\"48\" data-block-id=\"21\">\n<p class=\"content-text__container \" data-track-category=\"Link no Texto\" data-track-links=\"\">O prazo de validade do concurso \u00e9 de 30 dias, contados a partir da data de publica\u00e7\u00e3o da homologa\u00e7\u00e3o do resultado final do curso de forma\u00e7\u00e3o profissional, podendo ser prorrogado, uma \u00fanica vez, por igual per\u00edodo. Portanto, os candidatos aprovados dever\u00e3o ser convocados para trabalhar dentro desse prazo.<\/p>\n<p data-track-category=\"Link no Texto\" data-track-links=\"\"><em><strong>*Por G1<\/strong><\/em><\/p>\n<\/div>\n<\/div>\n","protected":false},"excerpt":{"rendered":"<p>Os candidatos devem ter gradua\u00e7\u00e3o de n\u00edvel superior em qualquer \u00e1rea. O sal\u00e1rio \u00e9 de R$ 9.473,57; edital foi divulgado nesta quarta A\u00a0Pol\u00edcia Rodovi\u00e1ria Federal (PRF)\u00a0divulgou edital de concurso p\u00fablico para 500 vagas de policial rodovi\u00e1rio federal. O sal\u00e1rio \u00e9 de R$ 9.473,57. No site do Cebraspe, \u00e9 poss\u00edvel ver o edital Do total de [&hellip;]<\/p>\n","protected":false},"author":2,"featured_media":0,"comment_status":"open","ping_status":"open","sticky":false,"template":"","format":"standard","meta":{"_acf_changed":false,"_monsterinsights_skip_tracking":false,"_monsterinsights_sitenote_active":false,"_monsterinsights_sitenote_note":"","_monsterinsights_sitenote_category":0,"_jetpack_memberships_contains_paid_content":false,"footnotes":"","jetpack_publicize_message":"","jetpack_publicize_feature_enabled":true,"jetpack_social_post_already_shared":true,"jetpack_social_options":{"image_generator_settings":{"template":"highway","default_image_id":0,"font":"","enabled":false},"version":2}},"categories":[5,1],"tags":[],"class_list":["post-29551","post","type-post","status-publish","format-standard","hentry","category-cotidiano","category-noticias"],"acf":[],"jetpack_publicize_connections":[],"jetpack_featured_media_url":"","jetpack_sharing_enabled":true,"publishpress_future_workflow_manual_trigger":{"enabledWorkflows":[]},"_links":{"self":[{"href":"https:\/\/blogdoeloiltoncajuhy.com.br\/site\/wp-json\/wp\/v2\/posts\/29551","targetHints":{"allow":["GET"]}}],"collection":[{"href":"https:\/\/blogdoeloiltoncajuhy.com.br\/site\/wp-json\/wp\/v2\/posts"}],"about":[{"href":"https:\/\/blogdoeloiltoncajuhy.com.br\/site\/wp-json\/wp\/v2\/types\/post"}],"author":[{"embeddable":true,"href":"https:\/\/blogdoeloiltoncajuhy.com.br\/site\/wp-json\/wp\/v2\/users\/2"}],"replies":[{"embeddable":true,"href":"https:\/\/blogdoeloiltoncajuhy.com.br\/site\/wp-json\/wp\/v2\/comments?post=29551"}],"version-history":[{"count":1,"href":"https:\/\/blogdoeloiltoncajuhy.com.br\/site\/wp-json\/wp\/v2\/posts\/29551\/revisions"}],"predecessor-version":[{"id":29552,"href":"https:\/\/blogdoeloiltoncajuhy.com.br\/site\/wp-json\/wp\/v2\/posts\/29551\/revisions\/29552"}],"wp:attachment":[{"href":"https:\/\/blogdoeloiltoncajuhy.com.br\/site\/wp-json\/wp\/v2\/media?parent=29551"}],"wp:term":[{"taxonomy":"category","embeddable":true,"href":"https:\/\/blogdoeloiltoncajuhy.com.br\/site\/wp-json\/wp\/v2\/categories?post=29551"},{"taxonomy":"post_tag","embeddable":true,"href":"https:\/\/blogdoeloiltoncajuhy.com.br\/site\/wp-json\/wp\/v2\/tags?post=29551"}],"curies":[{"name":"wp","href":"https:\/\/api.w.org\/{rel}","templated":true}]}}