{"id":29548,"date":"2018-11-28T09:52:02","date_gmt":"2018-11-28T12:52:02","guid":{"rendered":"http:\/\/blogdoeloiltoncajuhy.com.br\/site\/?p=29548"},"modified":"2018-11-28T09:52:02","modified_gmt":"2018-11-28T12:52:02","slug":"poesia-no-beco-vai-celebrar-o-dia-da-cultura-bonfinense","status":"publish","type":"post","link":"https:\/\/blogdoeloiltoncajuhy.com.br\/site\/poesia-no-beco-vai-celebrar-o-dia-da-cultura-bonfinense\/","title":{"rendered":"&#8220;Poesia no Beco&#8221; vai celebrar o Dia da Cultura Bonfinense"},"content":{"rendered":"<p><a href=\"https:\/\/i0.wp.com\/blogdoeloiltoncajuhy.com.br\/site\/wp-content\/uploads\/2018\/11\/poesia-no-beco_2018.jpg\"><img data-recalc-dims=\"1\" fetchpriority=\"high\" decoding=\"async\" class=\"aligncenter wp-image-29549\" src=\"https:\/\/i0.wp.com\/blogdoeloiltoncajuhy.com.br\/site\/wp-content\/uploads\/2018\/11\/poesia-no-beco_2018.jpg?resize=450%2C381\" alt=\"\" width=\"450\" height=\"381\" \/><\/a>A <strong>Academia de Letras e Artes de Senhor do Bonfim (ACLASB)<\/strong>, vai comemorar o <strong>Dia da Cultura Bonfinense<\/strong>\u00a0com mais uma edi\u00e7\u00e3o do evento <strong>&#8220;Poesia no Beco&#8221;<\/strong>.<\/p>\n<p>Os artistas de Bonfim e regi\u00e3o est\u00e3o sendo convidados para, com sua arte, celebrar esta data t\u00e3o importante para a cultura regional. O evento vai acontecer no Cal\u00e7ad\u00e3o da Juviniano Duarte, das 16h \u00e0s 20h.<\/p>\n<p>Artistas, m\u00fasicos, cantores, atores, grupos de capoeira, karat\u00ea, dan\u00e7a, circo, samba de roda, performistas, artesanato, escritores, poetas, dramaturgos, orquestras, filarm\u00f4nicas, artistas pl\u00e1sticos, cordelistas, fot\u00f3grafos, contadores de est\u00f3rias, podem participar do evento.<\/p>\n<p>Os interessados t\u00eam at\u00e9 o dia 30 para fazer inscri\u00e7\u00e3o pelo telefone (74) 99104-6407, com Edvan Cajuhy.<\/p>\n<p><strong>*BLOG DO ELOILTON CAJUHY<\/strong><\/p>\n","protected":false},"excerpt":{"rendered":"<p>A Academia de Letras e Artes de Senhor do Bonfim (ACLASB), vai comemorar o Dia da Cultura Bonfinense\u00a0com mais uma edi\u00e7\u00e3o do evento &#8220;Poesia no Beco&#8221;. Os artistas de Bonfim e regi\u00e3o est\u00e3o sendo convidados para, com sua arte, celebrar esta data t\u00e3o importante para a cultura regional. O evento vai acontecer no Cal\u00e7ad\u00e3o da [&hellip;]<\/p>\n","protected":false},"author":2,"featured_media":29549,"comment_status":"open","ping_status":"open","sticky":false,"template":"","format":"standard","meta":{"_acf_changed":false,"_monsterinsights_skip_tracking":false,"_monsterinsights_sitenote_active":false,"_monsterinsights_sitenote_note":"","_monsterinsights_sitenote_category":0,"_jetpack_memberships_contains_paid_content":false,"footnotes":"","jetpack_publicize_message":"","jetpack_publicize_feature_enabled":true,"jetpack_social_post_already_shared":true,"jetpack_social_options":{"image_generator_settings":{"template":"highway","default_image_id":0,"font":"","enabled":false},"version":2}},"categories":[8,1,4],"tags":[],"class_list":["post-29548","post","type-post","status-publish","format-standard","has-post-thumbnail","hentry","category-cultura","category-noticias","category-local"],"acf":[],"jetpack_publicize_connections":[],"jetpack_featured_media_url":"https:\/\/i0.wp.com\/blogdoeloiltoncajuhy.com.br\/site\/wp-content\/uploads\/2018\/11\/poesia-no-beco_2018.jpg?fit=249%2C211&ssl=1","jetpack_sharing_enabled":true,"publishpress_future_workflow_manual_trigger":{"enabledWorkflows":[]},"_links":{"self":[{"href":"https:\/\/blogdoeloiltoncajuhy.com.br\/site\/wp-json\/wp\/v2\/posts\/29548","targetHints":{"allow":["GET"]}}],"collection":[{"href":"https:\/\/blogdoeloiltoncajuhy.com.br\/site\/wp-json\/wp\/v2\/posts"}],"about":[{"href":"https:\/\/blogdoeloiltoncajuhy.com.br\/site\/wp-json\/wp\/v2\/types\/post"}],"author":[{"embeddable":true,"href":"https:\/\/blogdoeloiltoncajuhy.com.br\/site\/wp-json\/wp\/v2\/users\/2"}],"replies":[{"embeddable":true,"href":"https:\/\/blogdoeloiltoncajuhy.com.br\/site\/wp-json\/wp\/v2\/comments?post=29548"}],"version-history":[{"count":1,"href":"https:\/\/blogdoeloiltoncajuhy.com.br\/site\/wp-json\/wp\/v2\/posts\/29548\/revisions"}],"predecessor-version":[{"id":29550,"href":"https:\/\/blogdoeloiltoncajuhy.com.br\/site\/wp-json\/wp\/v2\/posts\/29548\/revisions\/29550"}],"wp:featuredmedia":[{"embeddable":true,"href":"https:\/\/blogdoeloiltoncajuhy.com.br\/site\/wp-json\/wp\/v2\/media\/29549"}],"wp:attachment":[{"href":"https:\/\/blogdoeloiltoncajuhy.com.br\/site\/wp-json\/wp\/v2\/media?parent=29548"}],"wp:term":[{"taxonomy":"category","embeddable":true,"href":"https:\/\/blogdoeloiltoncajuhy.com.br\/site\/wp-json\/wp\/v2\/categories?post=29548"},{"taxonomy":"post_tag","embeddable":true,"href":"https:\/\/blogdoeloiltoncajuhy.com.br\/site\/wp-json\/wp\/v2\/tags?post=29548"}],"curies":[{"name":"wp","href":"https:\/\/api.w.org\/{rel}","templated":true}]}}