{"id":29545,"date":"2018-11-28T09:20:44","date_gmt":"2018-11-28T12:20:44","guid":{"rendered":"http:\/\/blogdoeloiltoncajuhy.com.br\/site\/?p=29545"},"modified":"2018-11-28T09:20:44","modified_gmt":"2018-11-28T12:20:44","slug":"andorinha-tera-faxinaco-de-combate-ao-mosquito-aedes-aegypti-nesta-quinta-feira-29","status":"publish","type":"post","link":"https:\/\/blogdoeloiltoncajuhy.com.br\/site\/andorinha-tera-faxinaco-de-combate-ao-mosquito-aedes-aegypti-nesta-quinta-feira-29\/","title":{"rendered":"Andorinha ter\u00e1 &#8220;faxina\u00e7o&#8221; de combate ao mosquito Aedes aegypti nesta quinta-feira (29)"},"content":{"rendered":"<p><a href=\"https:\/\/i0.wp.com\/blogdoeloiltoncajuhy.com.br\/site\/wp-content\/uploads\/2018\/11\/faxinaco-dengue_2018.jpg\"><img data-recalc-dims=\"1\" fetchpriority=\"high\" decoding=\"async\" class=\"aligncenter wp-image-29546\" src=\"https:\/\/i0.wp.com\/blogdoeloiltoncajuhy.com.br\/site\/wp-content\/uploads\/2018\/11\/faxinaco-dengue_2018.jpg?resize=660%2C495\" alt=\"\" width=\"660\" height=\"495\" srcset=\"https:\/\/i0.wp.com\/blogdoeloiltoncajuhy.com.br\/site\/wp-content\/uploads\/2018\/11\/faxinaco-dengue_2018.jpg?w=960&amp;ssl=1 960w, https:\/\/i0.wp.com\/blogdoeloiltoncajuhy.com.br\/site\/wp-content\/uploads\/2018\/11\/faxinaco-dengue_2018.jpg?resize=300%2C225&amp;ssl=1 300w, https:\/\/i0.wp.com\/blogdoeloiltoncajuhy.com.br\/site\/wp-content\/uploads\/2018\/11\/faxinaco-dengue_2018.jpg?resize=768%2C576&amp;ssl=1 768w, https:\/\/i0.wp.com\/blogdoeloiltoncajuhy.com.br\/site\/wp-content\/uploads\/2018\/11\/faxinaco-dengue_2018.jpg?resize=250%2C188&amp;ssl=1 250w\" sizes=\"(max-width: 660px) 100vw, 660px\" \/><\/a>Com a proximidade do ver\u00e3o, a chegada do per\u00edodo chuvoso e de altas temperaturas, os focos do mosquito Aedes aegypti tendem a se multiplicar e, portanto, devem ser combatidos. Nesta quinta-feira, dia 29 de novembro, um faxina\u00e7o ser\u00e1 realizado em Andorinha com o intuito de fiscalizar, prevenir e combater o mosquito transmissor da dengue, da zika e da chikungunya.<\/p>\n<p>O <strong>Dia da Faxina<\/strong> est\u00e1 programado para iniciar a partir das 9 horas da manh\u00e3, saindo das imedia\u00e7\u00f5es do col\u00e9gio M\u00e1rcio Sena, com destino as seguintes ruas: Alto da Serra, Jos\u00e9 Reis, Estrada Nova, Anel Vi\u00e1rio, Rio de Janeiro, Fortaleza, Rua da Palma e Rua Mandacaru.<\/p>\n<p>O ponto final do <strong>\u2018faxina\u00e7o\u2019<\/strong> ser\u00e1 na Pra\u00e7a Rubens Alves. A mobiliza\u00e7\u00e3o \u00e9 organizada pela Secretaria de Sa\u00fade de Andorinha e faz parte da <strong>Semana Nacional de Combate ao Aedes aegypti<\/strong>.<\/p>\n<p>Dados da Secretaria de Sa\u00fade indicam que a maioria dos focos do Aedes aegypti est\u00e3o dentro das resid\u00eancias, logo, \u00e9 dever de todos os cidad\u00e3os contribuir para que o mosquito seja erradicado. <em>\u201c\u00c9 necess\u00e1rio que os moradores das ruas visitadas durante o \u2018faxina\u00e7o\u2019 coloquem o lixo nas cal\u00e7adas para facilitar o trabalho de nossas equipes\u201d<\/em>, alerta Pablo Campos, secret\u00e1rio de Sa\u00fade.<\/p>\n<p><em><strong>*Assessoria de Comunica\u00e7\u00e3o Prefeitura Municipal de Andorinha-BA<\/strong><\/em><\/p>\n","protected":false},"excerpt":{"rendered":"<p>Com a proximidade do ver\u00e3o, a chegada do per\u00edodo chuvoso e de altas temperaturas, os focos do mosquito Aedes aegypti tendem a se multiplicar e, portanto, devem ser combatidos. Nesta quinta-feira, dia 29 de novembro, um faxina\u00e7o ser\u00e1 realizado em Andorinha com o intuito de fiscalizar, prevenir e combater o mosquito transmissor da dengue, da [&hellip;]<\/p>\n","protected":false},"author":2,"featured_media":29546,"comment_status":"open","ping_status":"open","sticky":false,"template":"","format":"standard","meta":{"_acf_changed":false,"_monsterinsights_skip_tracking":false,"_monsterinsights_sitenote_active":false,"_monsterinsights_sitenote_note":"","_monsterinsights_sitenote_category":0,"_jetpack_memberships_contains_paid_content":false,"footnotes":"","jetpack_publicize_message":"","jetpack_publicize_feature_enabled":true,"jetpack_social_post_already_shared":true,"jetpack_social_options":{"image_generator_settings":{"template":"highway","default_image_id":0,"font":"","enabled":false},"version":2}},"categories":[1,11],"tags":[],"class_list":["post-29545","post","type-post","status-publish","format-standard","has-post-thumbnail","hentry","category-noticias","category-regional"],"acf":[],"jetpack_publicize_connections":[],"jetpack_featured_media_url":"https:\/\/i0.wp.com\/blogdoeloiltoncajuhy.com.br\/site\/wp-content\/uploads\/2018\/11\/faxinaco-dengue_2018.jpg?fit=960%2C720&ssl=1","jetpack_sharing_enabled":true,"publishpress_future_workflow_manual_trigger":{"enabledWorkflows":[]},"_links":{"self":[{"href":"https:\/\/blogdoeloiltoncajuhy.com.br\/site\/wp-json\/wp\/v2\/posts\/29545","targetHints":{"allow":["GET"]}}],"collection":[{"href":"https:\/\/blogdoeloiltoncajuhy.com.br\/site\/wp-json\/wp\/v2\/posts"}],"about":[{"href":"https:\/\/blogdoeloiltoncajuhy.com.br\/site\/wp-json\/wp\/v2\/types\/post"}],"author":[{"embeddable":true,"href":"https:\/\/blogdoeloiltoncajuhy.com.br\/site\/wp-json\/wp\/v2\/users\/2"}],"replies":[{"embeddable":true,"href":"https:\/\/blogdoeloiltoncajuhy.com.br\/site\/wp-json\/wp\/v2\/comments?post=29545"}],"version-history":[{"count":1,"href":"https:\/\/blogdoeloiltoncajuhy.com.br\/site\/wp-json\/wp\/v2\/posts\/29545\/revisions"}],"predecessor-version":[{"id":29547,"href":"https:\/\/blogdoeloiltoncajuhy.com.br\/site\/wp-json\/wp\/v2\/posts\/29545\/revisions\/29547"}],"wp:featuredmedia":[{"embeddable":true,"href":"https:\/\/blogdoeloiltoncajuhy.com.br\/site\/wp-json\/wp\/v2\/media\/29546"}],"wp:attachment":[{"href":"https:\/\/blogdoeloiltoncajuhy.com.br\/site\/wp-json\/wp\/v2\/media?parent=29545"}],"wp:term":[{"taxonomy":"category","embeddable":true,"href":"https:\/\/blogdoeloiltoncajuhy.com.br\/site\/wp-json\/wp\/v2\/categories?post=29545"},{"taxonomy":"post_tag","embeddable":true,"href":"https:\/\/blogdoeloiltoncajuhy.com.br\/site\/wp-json\/wp\/v2\/tags?post=29545"}],"curies":[{"name":"wp","href":"https:\/\/api.w.org\/{rel}","templated":true}]}}