{"id":29542,"date":"2018-11-28T09:10:48","date_gmt":"2018-11-28T12:10:48","guid":{"rendered":"http:\/\/blogdoeloiltoncajuhy.com.br\/site\/?p=29542"},"modified":"2018-11-28T09:10:48","modified_gmt":"2018-11-28T12:10:48","slug":"liga-desportiva-de-bonfim-fara-eleicao-para-eleger-nova-diretoria","status":"publish","type":"post","link":"https:\/\/blogdoeloiltoncajuhy.com.br\/site\/liga-desportiva-de-bonfim-fara-eleicao-para-eleger-nova-diretoria\/","title":{"rendered":"Liga Desportiva de Bonfim far\u00e1 elei\u00e7\u00e3o para eleger nova diretoria"},"content":{"rendered":"<p><a href=\"https:\/\/i0.wp.com\/blogdoeloiltoncajuhy.com.br\/site\/wp-content\/uploads\/2017\/04\/LDB_logo.jpg\"><img data-recalc-dims=\"1\" fetchpriority=\"high\" decoding=\"async\" class=\"aligncenter size-full wp-image-16928\" src=\"https:\/\/i0.wp.com\/blogdoeloiltoncajuhy.com.br\/site\/wp-content\/uploads\/2017\/04\/LDB_logo.jpg?resize=365%2C365\" alt=\"\" width=\"365\" height=\"365\" srcset=\"https:\/\/i0.wp.com\/blogdoeloiltoncajuhy.com.br\/site\/wp-content\/uploads\/2017\/04\/LDB_logo.jpg?w=365&amp;ssl=1 365w, https:\/\/i0.wp.com\/blogdoeloiltoncajuhy.com.br\/site\/wp-content\/uploads\/2017\/04\/LDB_logo.jpg?resize=150%2C150&amp;ssl=1 150w, https:\/\/i0.wp.com\/blogdoeloiltoncajuhy.com.br\/site\/wp-content\/uploads\/2017\/04\/LDB_logo.jpg?resize=300%2C300&amp;ssl=1 300w, https:\/\/i0.wp.com\/blogdoeloiltoncajuhy.com.br\/site\/wp-content\/uploads\/2017\/04\/LDB_logo.jpg?resize=250%2C250&amp;ssl=1 250w, https:\/\/i0.wp.com\/blogdoeloiltoncajuhy.com.br\/site\/wp-content\/uploads\/2017\/04\/LDB_logo.jpg?resize=48%2C48&amp;ssl=1 48w\" sizes=\"(max-width: 365px) 100vw, 365px\" \/><\/a>A Liga Desportiva de Bonfim, atrav\u00e9s de seu Presidente Sidney Alves, publicou edital convocando os interessados para a elei\u00e7\u00e3o da nova diretoria, para o bi\u00eanio 2019\/2020. O pleito ser\u00e1 realizado no dia 18 de dezembro, \u00e0s 19h, na sede da entidade, vizinho ao Est\u00e1dio Pedro Amorim.<\/p>\n<p>Os interessados em disputar a elei\u00e7\u00e3o, podem se inscrever at\u00e9 as 19h do dia 17 de dezembro. A chapa eleita ser\u00e1 empossada logo ap\u00f3s a elei\u00e7\u00e3o.<\/p>\n<p><span style=\"color: #000000;\"><strong>Clique no link abaixo e veja o edital completo:<\/strong><\/span><\/p>\n<p><a href=\"http:\/\/blogdoeloiltoncajuhy.com.br\/site\/wp-content\/uploads\/2018\/11\/LDB-Edital-de-Elei\u00e7\u00e3o-e-Posse.pdf\">LDB &#8211; Edital de Elei\u00e7\u00e3o e Posse<\/a><\/p>\n<p><em><strong>*BLOG DO ELOILTON CAJUHY<\/strong><\/em><\/p>\n","protected":false},"excerpt":{"rendered":"<p>A Liga Desportiva de Bonfim, atrav\u00e9s de seu Presidente Sidney Alves, publicou edital convocando os interessados para a elei\u00e7\u00e3o da nova diretoria, para o bi\u00eanio 2019\/2020. O pleito ser\u00e1 realizado no dia 18 de dezembro, \u00e0s 19h, na sede da entidade, vizinho ao Est\u00e1dio Pedro Amorim. Os interessados em disputar a elei\u00e7\u00e3o, podem se inscrever [&hellip;]<\/p>\n","protected":false},"author":2,"featured_media":0,"comment_status":"open","ping_status":"open","sticky":false,"template":"","format":"standard","meta":{"_acf_changed":false,"_monsterinsights_skip_tracking":false,"_monsterinsights_sitenote_active":false,"_monsterinsights_sitenote_note":"","_monsterinsights_sitenote_category":0,"_jetpack_memberships_contains_paid_content":false,"footnotes":"","jetpack_publicize_message":"","jetpack_publicize_feature_enabled":true,"jetpack_social_post_already_shared":true,"jetpack_social_options":{"image_generator_settings":{"template":"highway","default_image_id":0,"font":"","enabled":false},"version":2}},"categories":[6,1,4],"tags":[],"class_list":["post-29542","post","type-post","status-publish","format-standard","hentry","category-esportes","category-noticias","category-local"],"acf":[],"jetpack_publicize_connections":[],"jetpack_featured_media_url":"","jetpack_sharing_enabled":true,"publishpress_future_workflow_manual_trigger":{"enabledWorkflows":[]},"_links":{"self":[{"href":"https:\/\/blogdoeloiltoncajuhy.com.br\/site\/wp-json\/wp\/v2\/posts\/29542","targetHints":{"allow":["GET"]}}],"collection":[{"href":"https:\/\/blogdoeloiltoncajuhy.com.br\/site\/wp-json\/wp\/v2\/posts"}],"about":[{"href":"https:\/\/blogdoeloiltoncajuhy.com.br\/site\/wp-json\/wp\/v2\/types\/post"}],"author":[{"embeddable":true,"href":"https:\/\/blogdoeloiltoncajuhy.com.br\/site\/wp-json\/wp\/v2\/users\/2"}],"replies":[{"embeddable":true,"href":"https:\/\/blogdoeloiltoncajuhy.com.br\/site\/wp-json\/wp\/v2\/comments?post=29542"}],"version-history":[{"count":1,"href":"https:\/\/blogdoeloiltoncajuhy.com.br\/site\/wp-json\/wp\/v2\/posts\/29542\/revisions"}],"predecessor-version":[{"id":29544,"href":"https:\/\/blogdoeloiltoncajuhy.com.br\/site\/wp-json\/wp\/v2\/posts\/29542\/revisions\/29544"}],"wp:attachment":[{"href":"https:\/\/blogdoeloiltoncajuhy.com.br\/site\/wp-json\/wp\/v2\/media?parent=29542"}],"wp:term":[{"taxonomy":"category","embeddable":true,"href":"https:\/\/blogdoeloiltoncajuhy.com.br\/site\/wp-json\/wp\/v2\/categories?post=29542"},{"taxonomy":"post_tag","embeddable":true,"href":"https:\/\/blogdoeloiltoncajuhy.com.br\/site\/wp-json\/wp\/v2\/tags?post=29542"}],"curies":[{"name":"wp","href":"https:\/\/api.w.org\/{rel}","templated":true}]}}