{"id":29535,"date":"2018-11-27T23:11:20","date_gmt":"2018-11-28T02:11:20","guid":{"rendered":"http:\/\/blogdoeloiltoncajuhy.com.br\/site\/?p=29535"},"modified":"2018-11-27T23:11:20","modified_gmt":"2018-11-28T02:11:20","slug":"118-anos-idoso-da-bahia-pode-ser-a-pessoa-mais-velha-do-mundo","status":"publish","type":"post","link":"https:\/\/blogdoeloiltoncajuhy.com.br\/site\/118-anos-idoso-da-bahia-pode-ser-a-pessoa-mais-velha-do-mundo\/","title":{"rendered":"118 anos? Idoso da Bahia pode ser a pessoa mais velha do mundo"},"content":{"rendered":"<h5 style=\"text-align: center;\">Jos\u00e9 Ferreira dos Santos nasceu em 1900 e mora no sul do estado. Apesar de n\u00e3o ter problemas de sa\u00fade, homem tem dificuldades de locomo\u00e7\u00e3o<\/h5>\n<figure id=\"attachment_29536\" aria-describedby=\"caption-attachment-29536\" style=\"width: 984px\" class=\"wp-caption aligncenter\"><a href=\"https:\/\/i0.wp.com\/blogdoeloiltoncajuhy.com.br\/site\/wp-content\/uploads\/2018\/11\/idoso-118-anos-BA.jpg\"><img data-recalc-dims=\"1\" fetchpriority=\"high\" decoding=\"async\" class=\"wp-image-29536 size-full\" src=\"https:\/\/i0.wp.com\/blogdoeloiltoncajuhy.com.br\/site\/wp-content\/uploads\/2018\/11\/idoso-118-anos-BA.jpg?resize=800%2C501\" alt=\"\" width=\"800\" height=\"501\" srcset=\"https:\/\/i0.wp.com\/blogdoeloiltoncajuhy.com.br\/site\/wp-content\/uploads\/2018\/11\/idoso-118-anos-BA.jpg?w=984&amp;ssl=1 984w, https:\/\/i0.wp.com\/blogdoeloiltoncajuhy.com.br\/site\/wp-content\/uploads\/2018\/11\/idoso-118-anos-BA.jpg?resize=300%2C188&amp;ssl=1 300w, https:\/\/i0.wp.com\/blogdoeloiltoncajuhy.com.br\/site\/wp-content\/uploads\/2018\/11\/idoso-118-anos-BA.jpg?resize=768%2C481&amp;ssl=1 768w, https:\/\/i0.wp.com\/blogdoeloiltoncajuhy.com.br\/site\/wp-content\/uploads\/2018\/11\/idoso-118-anos-BA.jpg?resize=250%2C157&amp;ssl=1 250w\" sizes=\"(max-width: 800px) 100vw, 800px\" \/><\/a><figcaption id=\"caption-attachment-29536\" class=\"wp-caption-text\">Jos\u00e9 Ferreira mora na cidade de Itaju\u00edpe \u2014 Foto: Divulga\u00e7\u00e3o\/TV Santa Cruz<\/figcaption><\/figure>\n<p>Um morador da cidade de Itaju\u00edpe, no sul da Bahia, <strong>completou 118 anos de vida<\/strong> no in\u00edcio deste m\u00eas de novembro. Segundo os familiares, <strong>Jos\u00e9 Ferreira dos Santos<\/strong>, que nasceu no \u00faltimo ano do s\u00e9culo XIX, em 1900, n\u00e3o possui hipertens\u00e3o e, al\u00e9m disso, os indicadores de colesterol e glicemia est\u00e3o controlados.<\/p>\n<p>Um blogueiro da cidade, que descobriu a hist\u00f3ria do idoso, est\u00e1 tentando agora levantar mais informa\u00e7\u00f5es que comprovem a data de nascimento de Jos\u00e9, para enviar ao Guinness Book. Na \u00faltima edi\u00e7\u00e3o da publica\u00e7\u00e3o, o t\u00edtulo de pessoa mais velha do mundo est\u00e1 com uma japonesa de 117 anos.<\/p>\n<p>Devido \u00e0 idade, o idoso tem dificuldades de locomo\u00e7\u00e3o e passa a maior parte do dia sentado ou deitado.\u00a0Jos\u00e9 \u00e9 casado h\u00e1 78 anos com Lindaura Rocha de Jesus, que tem 98 anos. Ela conta que o romance dos dois foi uma grande aventura.\u00a0Segundo a idosa, a dupla teve que fugir para casar e construir uma fam\u00edlia. <em>&#8220;Minha m\u00e3e tinha raiva dele. N\u00e3o queria n\u00e3o&#8221;<\/em>, contou a esposa.<\/p>\n<figure id=\"attachment_29537\" aria-describedby=\"caption-attachment-29537\" style=\"width: 984px\" class=\"wp-caption aligncenter\"><a href=\"https:\/\/i0.wp.com\/blogdoeloiltoncajuhy.com.br\/site\/wp-content\/uploads\/2018\/11\/idoso-118-anos-BA_certidao.jpg\"><img data-recalc-dims=\"1\" decoding=\"async\" class=\"wp-image-29537 size-full\" src=\"https:\/\/i0.wp.com\/blogdoeloiltoncajuhy.com.br\/site\/wp-content\/uploads\/2018\/11\/idoso-118-anos-BA_certidao.jpg?resize=800%2C386\" alt=\"\" width=\"800\" height=\"386\" srcset=\"https:\/\/i0.wp.com\/blogdoeloiltoncajuhy.com.br\/site\/wp-content\/uploads\/2018\/11\/idoso-118-anos-BA_certidao.jpg?w=984&amp;ssl=1 984w, https:\/\/i0.wp.com\/blogdoeloiltoncajuhy.com.br\/site\/wp-content\/uploads\/2018\/11\/idoso-118-anos-BA_certidao.jpg?resize=300%2C145&amp;ssl=1 300w, https:\/\/i0.wp.com\/blogdoeloiltoncajuhy.com.br\/site\/wp-content\/uploads\/2018\/11\/idoso-118-anos-BA_certidao.jpg?resize=768%2C371&amp;ssl=1 768w, https:\/\/i0.wp.com\/blogdoeloiltoncajuhy.com.br\/site\/wp-content\/uploads\/2018\/11\/idoso-118-anos-BA_certidao.jpg?resize=250%2C121&amp;ssl=1 250w\" sizes=\"(max-width: 800px) 100vw, 800px\" \/><\/a><figcaption id=\"caption-attachment-29537\" class=\"wp-caption-text\">Certid\u00e3o de nascimento atesta que Jos\u00e9 Ferreira tem 118 anos \u2014 Foto: Divulga\u00e7\u00e3o\/TV Santa Cruz<\/figcaption><\/figure>\n<p>O idoso se aposentou ap\u00f3s trabalhar 58 anos nas fazendas de cacau da regi\u00e3o. Ele morou em muitas fazendas do sul da Bahia, que anos depois viraram cidades, como S\u00e3o Jos\u00e9 da Vit\u00f3ria.<\/p>\n<p>De acordo com Cremilda Ferreira, filha mais velha de Jos\u00e9, o pai sempre contou com a ajuda da fam\u00edlia durante a colheita do cacau. <em>&#8220;Era bem dif\u00edcil porque a gente come\u00e7ou a trabalhar com 10 anos. Meu pai nos levava para a ro\u00e7a, dizia que tinha que ir, e se n\u00e3o aguentasse pegar dois cacaus, era para pegar um&#8221;<\/em>, lembrou.<\/p>\n<p>De acordo com a certid\u00e3o de nascimento, Jos\u00e9 Ferreira nasceu no distrito de Barrac\u00e3o, que hoje \u00e9 a cidade de Rio Real, no nordeste da Bahia. Em 1920, ele chegou ao sul do estado.<\/p>\n<p><em><strong>*Por G1 BA<\/strong><\/em><\/p>\n","protected":false},"excerpt":{"rendered":"<p>Jos\u00e9 Ferreira dos Santos nasceu em 1900 e mora no sul do estado. Apesar de n\u00e3o ter problemas de sa\u00fade, homem tem dificuldades de locomo\u00e7\u00e3o Um morador da cidade de Itaju\u00edpe, no sul da Bahia, completou 118 anos de vida no in\u00edcio deste m\u00eas de novembro. Segundo os familiares, Jos\u00e9 Ferreira dos Santos, que nasceu [&hellip;]<\/p>\n","protected":false},"author":2,"featured_media":29537,"comment_status":"open","ping_status":"open","sticky":false,"template":"","format":"standard","meta":{"_acf_changed":false,"_monsterinsights_skip_tracking":false,"_monsterinsights_sitenote_active":false,"_monsterinsights_sitenote_note":"","_monsterinsights_sitenote_category":0,"_jetpack_memberships_contains_paid_content":false,"footnotes":"","jetpack_publicize_message":"","jetpack_publicize_feature_enabled":true,"jetpack_social_post_already_shared":true,"jetpack_social_options":{"image_generator_settings":{"template":"highway","default_image_id":0,"font":"","enabled":false},"version":2}},"categories":[5,1],"tags":[],"class_list":["post-29535","post","type-post","status-publish","format-standard","has-post-thumbnail","hentry","category-cotidiano","category-noticias"],"acf":[],"jetpack_publicize_connections":[],"jetpack_featured_media_url":"https:\/\/i0.wp.com\/blogdoeloiltoncajuhy.com.br\/site\/wp-content\/uploads\/2018\/11\/idoso-118-anos-BA_certidao.jpg?fit=984%2C475&ssl=1","jetpack_sharing_enabled":true,"publishpress_future_workflow_manual_trigger":{"enabledWorkflows":[]},"_links":{"self":[{"href":"https:\/\/blogdoeloiltoncajuhy.com.br\/site\/wp-json\/wp\/v2\/posts\/29535","targetHints":{"allow":["GET"]}}],"collection":[{"href":"https:\/\/blogdoeloiltoncajuhy.com.br\/site\/wp-json\/wp\/v2\/posts"}],"about":[{"href":"https:\/\/blogdoeloiltoncajuhy.com.br\/site\/wp-json\/wp\/v2\/types\/post"}],"author":[{"embeddable":true,"href":"https:\/\/blogdoeloiltoncajuhy.com.br\/site\/wp-json\/wp\/v2\/users\/2"}],"replies":[{"embeddable":true,"href":"https:\/\/blogdoeloiltoncajuhy.com.br\/site\/wp-json\/wp\/v2\/comments?post=29535"}],"version-history":[{"count":1,"href":"https:\/\/blogdoeloiltoncajuhy.com.br\/site\/wp-json\/wp\/v2\/posts\/29535\/revisions"}],"predecessor-version":[{"id":29538,"href":"https:\/\/blogdoeloiltoncajuhy.com.br\/site\/wp-json\/wp\/v2\/posts\/29535\/revisions\/29538"}],"wp:featuredmedia":[{"embeddable":true,"href":"https:\/\/blogdoeloiltoncajuhy.com.br\/site\/wp-json\/wp\/v2\/media\/29537"}],"wp:attachment":[{"href":"https:\/\/blogdoeloiltoncajuhy.com.br\/site\/wp-json\/wp\/v2\/media?parent=29535"}],"wp:term":[{"taxonomy":"category","embeddable":true,"href":"https:\/\/blogdoeloiltoncajuhy.com.br\/site\/wp-json\/wp\/v2\/categories?post=29535"},{"taxonomy":"post_tag","embeddable":true,"href":"https:\/\/blogdoeloiltoncajuhy.com.br\/site\/wp-json\/wp\/v2\/tags?post=29535"}],"curies":[{"name":"wp","href":"https:\/\/api.w.org\/{rel}","templated":true}]}}