{"id":29514,"date":"2018-11-27T09:00:26","date_gmt":"2018-11-27T12:00:26","guid":{"rendered":"http:\/\/blogdoeloiltoncajuhy.com.br\/site\/?p=29514"},"modified":"2018-11-27T09:00:26","modified_gmt":"2018-11-27T12:00:26","slug":"prazo-para-vacinacao-contra-febre-aftosa-em-andorinha-termina-sexta-feira-30","status":"publish","type":"post","link":"https:\/\/blogdoeloiltoncajuhy.com.br\/site\/prazo-para-vacinacao-contra-febre-aftosa-em-andorinha-termina-sexta-feira-30\/","title":{"rendered":"Prazo para vacina\u00e7\u00e3o contra febre aftosa em Andorinha termina sexta-feira, 30"},"content":{"rendered":"<p><a href=\"https:\/\/i0.wp.com\/blogdoeloiltoncajuhy.com.br\/site\/wp-content\/uploads\/2018\/11\/vacinacao-de-rebanho.jpg\"><img data-recalc-dims=\"1\" fetchpriority=\"high\" decoding=\"async\" class=\"aligncenter wp-image-29515\" src=\"https:\/\/i0.wp.com\/blogdoeloiltoncajuhy.com.br\/site\/wp-content\/uploads\/2018\/11\/vacinacao-de-rebanho.jpg?resize=590%2C395\" alt=\"\" width=\"590\" height=\"395\" srcset=\"https:\/\/i0.wp.com\/blogdoeloiltoncajuhy.com.br\/site\/wp-content\/uploads\/2018\/11\/vacinacao-de-rebanho.jpg?resize=1024%2C685&amp;ssl=1 1024w, https:\/\/i0.wp.com\/blogdoeloiltoncajuhy.com.br\/site\/wp-content\/uploads\/2018\/11\/vacinacao-de-rebanho.jpg?resize=300%2C201&amp;ssl=1 300w, https:\/\/i0.wp.com\/blogdoeloiltoncajuhy.com.br\/site\/wp-content\/uploads\/2018\/11\/vacinacao-de-rebanho.jpg?resize=768%2C514&amp;ssl=1 768w, https:\/\/i0.wp.com\/blogdoeloiltoncajuhy.com.br\/site\/wp-content\/uploads\/2018\/11\/vacinacao-de-rebanho.jpg?resize=250%2C167&amp;ssl=1 250w, https:\/\/i0.wp.com\/blogdoeloiltoncajuhy.com.br\/site\/wp-content\/uploads\/2018\/11\/vacinacao-de-rebanho.jpg?w=1100&amp;ssl=1 1100w\" sizes=\"(max-width: 590px) 100vw, 590px\" \/><\/a>Os criadores de bovinos do munic\u00edpio de Andorinha t\u00eam at\u00e9 o dia 30 de novembro para vacinar o rebanho contra a febre aftosa. A campanha foi iniciada em 1\u00ba de novembro e encerra-se na pr\u00f3xima sexta-feira, dia 30.<\/p>\n<p>Segundo a Secretaria de Desenvolvimento Rural e Meio Ambiente, n\u00e3o haver\u00e1 prorroga\u00e7\u00e3o da campanha. Todos os animais entre 0 e 24 meses dever\u00e3o ser vacinados. Para saber mais ligue 3529- 1209.<\/p>\n<p><em>\u201c\u00c9 importante que os criadores antecipem a declara\u00e7\u00e3o de vacina\u00e7\u00e3o para evitar filas\u201d<\/em>, lembra Valt\u00f4nio Guimar\u00e3es, secret\u00e1rio de Desenvolvimento Rural e Meio Ambiente.<\/p>\n<p>Os propriet\u00e1rios que n\u00e3o vacinarem ou n\u00e3o atualizarem seu rebanho est\u00e3o sujeitos a multa. Al\u00e9m disso, a propriedade fica impedida de movimentar seus bovinos at\u00e9 que a situa\u00e7\u00e3o seja regularizada.<\/p>\n<p><em><strong>*Ascom Prefeitura Municipal de Andorinha-BA<\/strong><\/em><\/p>\n","protected":false},"excerpt":{"rendered":"<p>Os criadores de bovinos do munic\u00edpio de Andorinha t\u00eam at\u00e9 o dia 30 de novembro para vacinar o rebanho contra a febre aftosa. A campanha foi iniciada em 1\u00ba de novembro e encerra-se na pr\u00f3xima sexta-feira, dia 30. Segundo a Secretaria de Desenvolvimento Rural e Meio Ambiente, n\u00e3o haver\u00e1 prorroga\u00e7\u00e3o da campanha. Todos os animais [&hellip;]<\/p>\n","protected":false},"author":2,"featured_media":29515,"comment_status":"open","ping_status":"open","sticky":false,"template":"","format":"standard","meta":{"_acf_changed":false,"_monsterinsights_skip_tracking":false,"_monsterinsights_sitenote_active":false,"_monsterinsights_sitenote_note":"","_monsterinsights_sitenote_category":0,"_jetpack_memberships_contains_paid_content":false,"footnotes":"","jetpack_publicize_message":"","jetpack_publicize_feature_enabled":true,"jetpack_social_post_already_shared":true,"jetpack_social_options":{"image_generator_settings":{"template":"highway","default_image_id":0,"font":"","enabled":false},"version":2}},"categories":[1,11],"tags":[],"class_list":["post-29514","post","type-post","status-publish","format-standard","has-post-thumbnail","hentry","category-noticias","category-regional"],"acf":[],"jetpack_publicize_connections":[],"jetpack_featured_media_url":"https:\/\/i0.wp.com\/blogdoeloiltoncajuhy.com.br\/site\/wp-content\/uploads\/2018\/11\/vacinacao-de-rebanho.jpg?fit=1100%2C736&ssl=1","jetpack_sharing_enabled":true,"publishpress_future_workflow_manual_trigger":{"enabledWorkflows":[]},"_links":{"self":[{"href":"https:\/\/blogdoeloiltoncajuhy.com.br\/site\/wp-json\/wp\/v2\/posts\/29514","targetHints":{"allow":["GET"]}}],"collection":[{"href":"https:\/\/blogdoeloiltoncajuhy.com.br\/site\/wp-json\/wp\/v2\/posts"}],"about":[{"href":"https:\/\/blogdoeloiltoncajuhy.com.br\/site\/wp-json\/wp\/v2\/types\/post"}],"author":[{"embeddable":true,"href":"https:\/\/blogdoeloiltoncajuhy.com.br\/site\/wp-json\/wp\/v2\/users\/2"}],"replies":[{"embeddable":true,"href":"https:\/\/blogdoeloiltoncajuhy.com.br\/site\/wp-json\/wp\/v2\/comments?post=29514"}],"version-history":[{"count":1,"href":"https:\/\/blogdoeloiltoncajuhy.com.br\/site\/wp-json\/wp\/v2\/posts\/29514\/revisions"}],"predecessor-version":[{"id":29516,"href":"https:\/\/blogdoeloiltoncajuhy.com.br\/site\/wp-json\/wp\/v2\/posts\/29514\/revisions\/29516"}],"wp:featuredmedia":[{"embeddable":true,"href":"https:\/\/blogdoeloiltoncajuhy.com.br\/site\/wp-json\/wp\/v2\/media\/29515"}],"wp:attachment":[{"href":"https:\/\/blogdoeloiltoncajuhy.com.br\/site\/wp-json\/wp\/v2\/media?parent=29514"}],"wp:term":[{"taxonomy":"category","embeddable":true,"href":"https:\/\/blogdoeloiltoncajuhy.com.br\/site\/wp-json\/wp\/v2\/categories?post=29514"},{"taxonomy":"post_tag","embeddable":true,"href":"https:\/\/blogdoeloiltoncajuhy.com.br\/site\/wp-json\/wp\/v2\/tags?post=29514"}],"curies":[{"name":"wp","href":"https:\/\/api.w.org\/{rel}","templated":true}]}}