{"id":29503,"date":"2018-11-26T18:35:40","date_gmt":"2018-11-26T21:35:40","guid":{"rendered":"http:\/\/blogdoeloiltoncajuhy.com.br\/site\/?p=29503"},"modified":"2018-11-26T18:35:40","modified_gmt":"2018-11-26T21:35:40","slug":"nota-de-pesar-da-filarmonica-uniao-dos-ferroviarios-bonfinenses","status":"publish","type":"post","link":"https:\/\/blogdoeloiltoncajuhy.com.br\/site\/nota-de-pesar-da-filarmonica-uniao-dos-ferroviarios-bonfinenses\/","title":{"rendered":"Nota de Pesar da Filarm\u00f4nica Uni\u00e3o dos Ferrovi\u00e1rios Bonfinenses"},"content":{"rendered":"<p><em><strong><a href=\"https:\/\/i0.wp.com\/blogdoeloiltoncajuhy.com.br\/site\/wp-content\/uploads\/2018\/11\/nota-filarmonica.jpg\"><img data-recalc-dims=\"1\" fetchpriority=\"high\" decoding=\"async\" class=\"aligncenter size-full wp-image-29504\" src=\"https:\/\/i0.wp.com\/blogdoeloiltoncajuhy.com.br\/site\/wp-content\/uploads\/2018\/11\/nota-filarmonica.jpg?resize=407%2C480\" alt=\"\" width=\"407\" height=\"480\" srcset=\"https:\/\/i0.wp.com\/blogdoeloiltoncajuhy.com.br\/site\/wp-content\/uploads\/2018\/11\/nota-filarmonica.jpg?w=407&amp;ssl=1 407w, https:\/\/i0.wp.com\/blogdoeloiltoncajuhy.com.br\/site\/wp-content\/uploads\/2018\/11\/nota-filarmonica.jpg?resize=254%2C300&amp;ssl=1 254w, https:\/\/i0.wp.com\/blogdoeloiltoncajuhy.com.br\/site\/wp-content\/uploads\/2018\/11\/nota-filarmonica.jpg?resize=212%2C250&amp;ssl=1 212w\" sizes=\"(max-width: 407px) 100vw, 407px\" \/><\/a>\u00c9 com muita tristeza que a Filarm\u00f4nica Uni\u00e3o dos Ferrovi\u00e1rios Bonfinenses vem manifestar sua solidariedade e consterna\u00e7\u00e3o com todos os componentes da Fanfarra do Col\u00e9gio Educand\u00e1rio Oliveira Brito (FANEOB), diante do tr\u00e1gico acontecimento. Lamentamos o ocorrido e desejamos for\u00e7as a todos.\u00a0Estaremos em ora\u00e7\u00e3o para recupera\u00e7\u00e3o dos que est\u00e3o entre n\u00f3s e na inten\u00e7\u00e3o de confortar os familiares daqueles que infelizmente partiram para o plano espiritual.<\/strong><\/em><\/p>\n<p><em><strong>#for\u00e7asfaneob<\/strong><\/em><\/p>\n","protected":false},"excerpt":{"rendered":"<p>\u00c9 com muita tristeza que a Filarm\u00f4nica Uni\u00e3o dos Ferrovi\u00e1rios Bonfinenses vem manifestar sua solidariedade e consterna\u00e7\u00e3o com todos os componentes da Fanfarra do Col\u00e9gio Educand\u00e1rio Oliveira Brito (FANEOB), diante do tr\u00e1gico acontecimento. Lamentamos o ocorrido e desejamos for\u00e7as a todos.\u00a0Estaremos em ora\u00e7\u00e3o para recupera\u00e7\u00e3o dos que est\u00e3o entre n\u00f3s e na inten\u00e7\u00e3o de confortar [&hellip;]<\/p>\n","protected":false},"author":2,"featured_media":29504,"comment_status":"open","ping_status":"open","sticky":false,"template":"","format":"standard","meta":{"_acf_changed":false,"_monsterinsights_skip_tracking":false,"_monsterinsights_sitenote_active":false,"_monsterinsights_sitenote_note":"","_monsterinsights_sitenote_category":0,"_jetpack_memberships_contains_paid_content":false,"footnotes":"","jetpack_publicize_message":"","jetpack_publicize_feature_enabled":true,"jetpack_social_post_already_shared":true,"jetpack_social_options":{"image_generator_settings":{"template":"highway","default_image_id":0,"font":"","enabled":false},"version":2}},"categories":[8,1,4],"tags":[],"class_list":["post-29503","post","type-post","status-publish","format-standard","has-post-thumbnail","hentry","category-cultura","category-noticias","category-local"],"acf":[],"jetpack_publicize_connections":[],"jetpack_featured_media_url":"https:\/\/i0.wp.com\/blogdoeloiltoncajuhy.com.br\/site\/wp-content\/uploads\/2018\/11\/nota-filarmonica.jpg?fit=407%2C480&ssl=1","jetpack_sharing_enabled":true,"publishpress_future_workflow_manual_trigger":{"enabledWorkflows":[]},"_links":{"self":[{"href":"https:\/\/blogdoeloiltoncajuhy.com.br\/site\/wp-json\/wp\/v2\/posts\/29503","targetHints":{"allow":["GET"]}}],"collection":[{"href":"https:\/\/blogdoeloiltoncajuhy.com.br\/site\/wp-json\/wp\/v2\/posts"}],"about":[{"href":"https:\/\/blogdoeloiltoncajuhy.com.br\/site\/wp-json\/wp\/v2\/types\/post"}],"author":[{"embeddable":true,"href":"https:\/\/blogdoeloiltoncajuhy.com.br\/site\/wp-json\/wp\/v2\/users\/2"}],"replies":[{"embeddable":true,"href":"https:\/\/blogdoeloiltoncajuhy.com.br\/site\/wp-json\/wp\/v2\/comments?post=29503"}],"version-history":[{"count":2,"href":"https:\/\/blogdoeloiltoncajuhy.com.br\/site\/wp-json\/wp\/v2\/posts\/29503\/revisions"}],"predecessor-version":[{"id":29506,"href":"https:\/\/blogdoeloiltoncajuhy.com.br\/site\/wp-json\/wp\/v2\/posts\/29503\/revisions\/29506"}],"wp:featuredmedia":[{"embeddable":true,"href":"https:\/\/blogdoeloiltoncajuhy.com.br\/site\/wp-json\/wp\/v2\/media\/29504"}],"wp:attachment":[{"href":"https:\/\/blogdoeloiltoncajuhy.com.br\/site\/wp-json\/wp\/v2\/media?parent=29503"}],"wp:term":[{"taxonomy":"category","embeddable":true,"href":"https:\/\/blogdoeloiltoncajuhy.com.br\/site\/wp-json\/wp\/v2\/categories?post=29503"},{"taxonomy":"post_tag","embeddable":true,"href":"https:\/\/blogdoeloiltoncajuhy.com.br\/site\/wp-json\/wp\/v2\/tags?post=29503"}],"curies":[{"name":"wp","href":"https:\/\/api.w.org\/{rel}","templated":true}]}}