{"id":29497,"date":"2018-11-26T15:46:35","date_gmt":"2018-11-26T18:46:35","guid":{"rendered":"http:\/\/blogdoeloiltoncajuhy.com.br\/site\/?p=29497"},"modified":"2018-11-26T15:46:35","modified_gmt":"2018-11-26T18:46:35","slug":"novo-livro-do-papa-francisco-chega-a-bahia","status":"publish","type":"post","link":"https:\/\/blogdoeloiltoncajuhy.com.br\/site\/novo-livro-do-papa-francisco-chega-a-bahia\/","title":{"rendered":"Novo livro do Papa Francisco chega \u00e0 Bahia"},"content":{"rendered":"<h5 style=\"text-align: center;\"><em>&#8220;Sabedoria das Idades&#8221;, t\u00edtulo do novo livro do Pont\u00edfice, recebe convidados da melhor idade para encontro especial neste s\u00e1bado, 01\/12, na capital baiana<\/em><\/h5>\n<p><a href=\"https:\/\/i0.wp.com\/blogdoeloiltoncajuhy.com.br\/site\/wp-content\/uploads\/2018\/11\/Papa_sabedoria-das-idades.jpg\"><img data-recalc-dims=\"1\" fetchpriority=\"high\" decoding=\"async\" class=\"size-full wp-image-29498 alignleft\" src=\"https:\/\/i0.wp.com\/blogdoeloiltoncajuhy.com.br\/site\/wp-content\/uploads\/2018\/11\/Papa_sabedoria-das-idades.jpg?resize=300%2C423\" alt=\"\" width=\"300\" height=\"423\" srcset=\"https:\/\/i0.wp.com\/blogdoeloiltoncajuhy.com.br\/site\/wp-content\/uploads\/2018\/11\/Papa_sabedoria-das-idades.jpg?w=300&amp;ssl=1 300w, https:\/\/i0.wp.com\/blogdoeloiltoncajuhy.com.br\/site\/wp-content\/uploads\/2018\/11\/Papa_sabedoria-das-idades.jpg?resize=213%2C300&amp;ssl=1 213w, https:\/\/i0.wp.com\/blogdoeloiltoncajuhy.com.br\/site\/wp-content\/uploads\/2018\/11\/Papa_sabedoria-das-idades.jpg?resize=177%2C250&amp;ssl=1 177w\" sizes=\"(max-width: 300px) 100vw, 300px\" \/><\/a>O novo livro do <strong>Papa Francisco<\/strong> chega \u00e0 Bahia! O evento de lan\u00e7amento oficial do livro <em><strong>Sabedoria das Idades<\/strong><\/em> ocorrer\u00e1 neste s\u00e1bado, dia 01\/12, \u00e0s 17 horas na Par\u00f3quia Nossa Senhora de F\u00e1tima &#8211; Stella Maris (Rua Mission\u00e1rio Otto Nelson, s\/n &#8211; Stella Maris, Salvador\/BA).<\/p>\n<p>O lan\u00e7amento contar\u00e1 com a presen\u00e7a de <strong>Dona Ana Maria de Castro Santos<\/strong>, idosa que teve o depoimento publicado na vers\u00e3o internacional do livro, a qual diversos pa\u00edses ao redor do globo ler\u00e3o. Ela tamb\u00e9m concedeu a incr\u00edvel entrevista para o Fant\u00e1stico na mat\u00e9ria sobre o t\u00edtulo Sabedoria das Idades, veiculada no programa: <a href=\"https:\/\/globoplay.globo.com\/v\/7137405\/programa\/\"><span style=\"color: #0000ff;\"><em><strong>http:\/\/bit.ly\/2PjGvFi<\/strong><\/em><\/span><\/a>.<\/p>\n<p>Sabedoria das Idades \u00e9 o resultado da inspira\u00e7\u00e3o do Papa Francisco em esclarecer o papel vital dos av\u00f3s e de outros idosos, contando com a sabedoria transformadora que eles t\u00eam a compartilhar.\u00a0Idosos de mais de 30 pa\u00edses dividem sua sabedoria adquirida ao longo de anos de experi\u00eancia.<\/p>\n<p>Todas as hist\u00f3rias s\u00e3o testemunhos do poder da f\u00e9, da perseveran\u00e7a, da resili\u00eancia humana e do amor. A obra foi apresentada mundialmente no \u00faltimo dia 23 de outubro, e Sua Santidade confere ao leitor um toque especial de f\u00e9, trabalho e esperan\u00e7a com suas s\u00e1bias palavras de amor e paz, t\u00e3o necess\u00e1rias na atualidade.<\/p>\n<p><em><strong>*Naira Leite &#8211; LC &#8211; Ag\u00eancia de Comunica\u00e7\u00e3o<\/strong><\/em><\/p>\n","protected":false},"excerpt":{"rendered":"<p>&#8220;Sabedoria das Idades&#8221;, t\u00edtulo do novo livro do Pont\u00edfice, recebe convidados da melhor idade para encontro especial neste s\u00e1bado, 01\/12, na capital baiana O novo livro do Papa Francisco chega \u00e0 Bahia! O evento de lan\u00e7amento oficial do livro Sabedoria das Idades ocorrer\u00e1 neste s\u00e1bado, dia 01\/12, \u00e0s 17 horas na Par\u00f3quia Nossa Senhora de [&hellip;]<\/p>\n","protected":false},"author":2,"featured_media":29498,"comment_status":"open","ping_status":"open","sticky":false,"template":"","format":"standard","meta":{"_acf_changed":false,"_monsterinsights_skip_tracking":false,"_monsterinsights_sitenote_active":false,"_monsterinsights_sitenote_note":"","_monsterinsights_sitenote_category":0,"_jetpack_memberships_contains_paid_content":false,"footnotes":"","jetpack_publicize_message":"","jetpack_publicize_feature_enabled":true,"jetpack_social_post_already_shared":true,"jetpack_social_options":{"image_generator_settings":{"template":"highway","default_image_id":0,"font":"","enabled":false},"version":2}},"categories":[5,8,1],"tags":[],"class_list":["post-29497","post","type-post","status-publish","format-standard","has-post-thumbnail","hentry","category-cotidiano","category-cultura","category-noticias"],"acf":[],"jetpack_publicize_connections":[],"jetpack_featured_media_url":"https:\/\/i0.wp.com\/blogdoeloiltoncajuhy.com.br\/site\/wp-content\/uploads\/2018\/11\/Papa_sabedoria-das-idades.jpg?fit=300%2C423&ssl=1","jetpack_sharing_enabled":true,"publishpress_future_workflow_manual_trigger":{"enabledWorkflows":[]},"_links":{"self":[{"href":"https:\/\/blogdoeloiltoncajuhy.com.br\/site\/wp-json\/wp\/v2\/posts\/29497","targetHints":{"allow":["GET"]}}],"collection":[{"href":"https:\/\/blogdoeloiltoncajuhy.com.br\/site\/wp-json\/wp\/v2\/posts"}],"about":[{"href":"https:\/\/blogdoeloiltoncajuhy.com.br\/site\/wp-json\/wp\/v2\/types\/post"}],"author":[{"embeddable":true,"href":"https:\/\/blogdoeloiltoncajuhy.com.br\/site\/wp-json\/wp\/v2\/users\/2"}],"replies":[{"embeddable":true,"href":"https:\/\/blogdoeloiltoncajuhy.com.br\/site\/wp-json\/wp\/v2\/comments?post=29497"}],"version-history":[{"count":1,"href":"https:\/\/blogdoeloiltoncajuhy.com.br\/site\/wp-json\/wp\/v2\/posts\/29497\/revisions"}],"predecessor-version":[{"id":29499,"href":"https:\/\/blogdoeloiltoncajuhy.com.br\/site\/wp-json\/wp\/v2\/posts\/29497\/revisions\/29499"}],"wp:featuredmedia":[{"embeddable":true,"href":"https:\/\/blogdoeloiltoncajuhy.com.br\/site\/wp-json\/wp\/v2\/media\/29498"}],"wp:attachment":[{"href":"https:\/\/blogdoeloiltoncajuhy.com.br\/site\/wp-json\/wp\/v2\/media?parent=29497"}],"wp:term":[{"taxonomy":"category","embeddable":true,"href":"https:\/\/blogdoeloiltoncajuhy.com.br\/site\/wp-json\/wp\/v2\/categories?post=29497"},{"taxonomy":"post_tag","embeddable":true,"href":"https:\/\/blogdoeloiltoncajuhy.com.br\/site\/wp-json\/wp\/v2\/tags?post=29497"}],"curies":[{"name":"wp","href":"https:\/\/api.w.org\/{rel}","templated":true}]}}