{"id":29492,"date":"2018-11-26T15:14:30","date_gmt":"2018-11-26T18:14:30","guid":{"rendered":"http:\/\/blogdoeloiltoncajuhy.com.br\/site\/?p=29492"},"modified":"2018-11-26T15:29:10","modified_gmt":"2018-11-26T18:29:10","slug":"onibus-e-carreta-morre-regente-vitima-de-batida-na-br-116-no-de-mortos-sobe-para-6","status":"publish","type":"post","link":"https:\/\/blogdoeloiltoncajuhy.com.br\/site\/onibus-e-carreta-morre-regente-vitima-de-batida-na-br-116-no-de-mortos-sobe-para-6\/","title":{"rendered":"\u00d4nibus e carreta: Morre regente v\u00edtima de batida na BR-116; n\u00ba de mortos sobe para 6"},"content":{"rendered":"<h5 style=\"text-align: center;\"><em>Marcos Silva Brito morreu na noite de domingo (25), no Hospital Cl\u00e9riston Andrade, em Feira de Santana. 12 seguem internados em unidades de sa\u00fade<\/em><\/h5>\n<figure id=\"attachment_29493\" aria-describedby=\"caption-attachment-29493\" style=\"width: 1000px\" class=\"wp-caption aligncenter\"><a href=\"https:\/\/i0.wp.com\/blogdoeloiltoncajuhy.com.br\/site\/wp-content\/uploads\/2018\/11\/marcos_acidente-euclides-cunha.jpg\"><img data-recalc-dims=\"1\" fetchpriority=\"high\" decoding=\"async\" class=\"wp-image-29493 size-full\" src=\"https:\/\/i0.wp.com\/blogdoeloiltoncajuhy.com.br\/site\/wp-content\/uploads\/2018\/11\/marcos_acidente-euclides-cunha.jpg?resize=800%2C501\" alt=\"\" width=\"800\" height=\"501\" srcset=\"https:\/\/i0.wp.com\/blogdoeloiltoncajuhy.com.br\/site\/wp-content\/uploads\/2018\/11\/marcos_acidente-euclides-cunha.jpg?w=1000&amp;ssl=1 1000w, https:\/\/i0.wp.com\/blogdoeloiltoncajuhy.com.br\/site\/wp-content\/uploads\/2018\/11\/marcos_acidente-euclides-cunha.jpg?resize=300%2C188&amp;ssl=1 300w, https:\/\/i0.wp.com\/blogdoeloiltoncajuhy.com.br\/site\/wp-content\/uploads\/2018\/11\/marcos_acidente-euclides-cunha.jpg?resize=768%2C481&amp;ssl=1 768w, https:\/\/i0.wp.com\/blogdoeloiltoncajuhy.com.br\/site\/wp-content\/uploads\/2018\/11\/marcos_acidente-euclides-cunha.jpg?resize=250%2C157&amp;ssl=1 250w\" sizes=\"(max-width: 800px) 100vw, 800px\" \/><\/a><figcaption id=\"caption-attachment-29493\" class=\"wp-caption-text\">Marcos Brito foi uma da v\u00edtimas do acidente entre \u00f4nibus e carreta na Bahia \u2014 Foto: Reprodu\u00e7\u00e3o\/Facebook<\/figcaption><\/figure>\n<p>O regente de fanfarra Marcos Silva Brito, uma das v\u00edtimas da batida entre um \u00f4nibus e uma carreta na BR-116, morreu na noite de domingo (25), no Hospital Cl\u00e9riston Andrade, em Feira de Santana. Com Marcos, o n\u00famero de mortos do acidente subiu para seis. Doze pessoas seguem internadas em hospitais da regi\u00e3o.<\/p>\n<p>A informa\u00e7\u00e3o \u00e9 do prefeito de Euclides da Cunha e foi confirmada pela Secretaria de Sa\u00fade do Estado da Bahia (Sesab), nesta segunda-feira (26).<\/p>\n<p>Marcos seguia no \u00f4nibus escolar que transportava estudantes com idades entre 14 e 25 anos do munic\u00edpio de Euclides da Cunha, com destino a um concurso de fanfarras em Ant\u00f4nio Cardoso, cidade vizinha a Feira de Santana.<\/p>\n<p>De acordo com o prefeito de Euclides da Cunha, Luciano Pinheiro, a prefeitura decretou luto oficial de tr\u00eas dias por conta do acidente. Al\u00e9m disso, os expedientes nos setores municipais e nas escolas da cidade foram suspensos nesta segunda-feira. Os vel\u00f3rios est\u00e3o sendo realizados na C\u00e2mara de Vereadores da cidade e os sepultamentos est\u00e3o previstos para o final da tarde.<\/p>\n<p>Pinheiro divulgou, ainda, o nome dos outros mortos no acidente que seguiam no \u00f4nibus. S\u00e3o eles: <strong>Rodrigo Carvalho Brand\u00e3o da Silva<\/strong>, <strong>Jeferson Concei\u00e7\u00e3o dos Santos<\/strong>, <strong>Rafael Jos\u00e9 da Silva Souza<\/strong> e <strong>Fernando Andrade de Almeida<\/strong>.<\/p>\n<figure id=\"attachment_29466\" aria-describedby=\"caption-attachment-29466\" style=\"width: 1344px\" class=\"wp-caption aligncenter\"><a href=\"https:\/\/i0.wp.com\/blogdoeloiltoncajuhy.com.br\/site\/wp-content\/uploads\/2018\/11\/acidente_BA_nov-2018_2.jpg\"><img data-recalc-dims=\"1\" decoding=\"async\" class=\"wp-image-29466 size-full\" src=\"https:\/\/i0.wp.com\/blogdoeloiltoncajuhy.com.br\/site\/wp-content\/uploads\/2018\/11\/acidente_BA_nov-2018_2.jpg?resize=800%2C501\" alt=\"\" width=\"800\" height=\"501\" srcset=\"https:\/\/i0.wp.com\/blogdoeloiltoncajuhy.com.br\/site\/wp-content\/uploads\/2018\/11\/acidente_BA_nov-2018_2.jpg?w=1344&amp;ssl=1 1344w, https:\/\/i0.wp.com\/blogdoeloiltoncajuhy.com.br\/site\/wp-content\/uploads\/2018\/11\/acidente_BA_nov-2018_2.jpg?resize=300%2C188&amp;ssl=1 300w, https:\/\/i0.wp.com\/blogdoeloiltoncajuhy.com.br\/site\/wp-content\/uploads\/2018\/11\/acidente_BA_nov-2018_2.jpg?resize=768%2C481&amp;ssl=1 768w, https:\/\/i0.wp.com\/blogdoeloiltoncajuhy.com.br\/site\/wp-content\/uploads\/2018\/11\/acidente_BA_nov-2018_2.jpg?resize=1024%2C642&amp;ssl=1 1024w, https:\/\/i0.wp.com\/blogdoeloiltoncajuhy.com.br\/site\/wp-content\/uploads\/2018\/11\/acidente_BA_nov-2018_2.jpg?resize=250%2C157&amp;ssl=1 250w\" sizes=\"(max-width: 800px) 100vw, 800px\" \/><\/a><figcaption id=\"caption-attachment-29466\" class=\"wp-caption-text\">Frente de \u00f4nibus envolvido em acidente ficou destru\u00edda ap\u00f3s batida com carreta na BR-116, na Bahia \u2014 Foto: Madalena Braga\/TV Suba\u00e9<\/figcaption><\/figure>\n<p>Conforme detalhou a Sesab, 33 pessoas foram v\u00edtimas do acidente. Tr\u00eas morreram na estrada, dois no Hospital de Santa B\u00e1rbara e um no Cl\u00e9riston Andrade, ainda no domingo.<\/p>\n<p>Do total de sobreviventes, 6 foram atendidos no hospital municipal de Santa B\u00e1rbara e 17 no Cl\u00e9riston Andrade. Na unidade de Feira de Santana, 6 j\u00e1 receberam alta, mas 11 permanecem internados.<\/p>\n<p>A Sesab informou ainda que a equipe m\u00e9dica do Hospital Estadual da Crian\u00e7a (HEC), tamb\u00e9m localizado em Feira de Santana, atendeu 4 v\u00edtimas do acidente. Dessas, tr\u00eas j\u00e1 receberam alta, restando apenas um paciente internado.<\/p>\n<p><em><strong>*Por G1 BA<\/strong><\/em><\/p>\n","protected":false},"excerpt":{"rendered":"<p>Marcos Silva Brito morreu na noite de domingo (25), no Hospital Cl\u00e9riston Andrade, em Feira de Santana. 12 seguem internados em unidades de sa\u00fade O regente de fanfarra Marcos Silva Brito, uma das v\u00edtimas da batida entre um \u00f4nibus e uma carreta na BR-116, morreu na noite de domingo (25), no Hospital Cl\u00e9riston Andrade, em [&hellip;]<\/p>\n","protected":false},"author":2,"featured_media":29493,"comment_status":"open","ping_status":"open","sticky":false,"template":"","format":"standard","meta":{"_acf_changed":false,"_monsterinsights_skip_tracking":false,"_monsterinsights_sitenote_active":false,"_monsterinsights_sitenote_note":"","_monsterinsights_sitenote_category":0,"_jetpack_memberships_contains_paid_content":false,"footnotes":"","jetpack_publicize_message":"","jetpack_publicize_feature_enabled":true,"jetpack_social_post_already_shared":true,"jetpack_social_options":{"image_generator_settings":{"template":"highway","default_image_id":0,"font":"","enabled":false},"version":2}},"categories":[5,1],"tags":[],"class_list":["post-29492","post","type-post","status-publish","format-standard","has-post-thumbnail","hentry","category-cotidiano","category-noticias"],"acf":[],"jetpack_publicize_connections":[],"jetpack_featured_media_url":"https:\/\/i0.wp.com\/blogdoeloiltoncajuhy.com.br\/site\/wp-content\/uploads\/2018\/11\/marcos_acidente-euclides-cunha.jpg?fit=1000%2C626&ssl=1","jetpack_sharing_enabled":true,"publishpress_future_workflow_manual_trigger":{"enabledWorkflows":[]},"_links":{"self":[{"href":"https:\/\/blogdoeloiltoncajuhy.com.br\/site\/wp-json\/wp\/v2\/posts\/29492","targetHints":{"allow":["GET"]}}],"collection":[{"href":"https:\/\/blogdoeloiltoncajuhy.com.br\/site\/wp-json\/wp\/v2\/posts"}],"about":[{"href":"https:\/\/blogdoeloiltoncajuhy.com.br\/site\/wp-json\/wp\/v2\/types\/post"}],"author":[{"embeddable":true,"href":"https:\/\/blogdoeloiltoncajuhy.com.br\/site\/wp-json\/wp\/v2\/users\/2"}],"replies":[{"embeddable":true,"href":"https:\/\/blogdoeloiltoncajuhy.com.br\/site\/wp-json\/wp\/v2\/comments?post=29492"}],"version-history":[{"count":2,"href":"https:\/\/blogdoeloiltoncajuhy.com.br\/site\/wp-json\/wp\/v2\/posts\/29492\/revisions"}],"predecessor-version":[{"id":29496,"href":"https:\/\/blogdoeloiltoncajuhy.com.br\/site\/wp-json\/wp\/v2\/posts\/29492\/revisions\/29496"}],"wp:featuredmedia":[{"embeddable":true,"href":"https:\/\/blogdoeloiltoncajuhy.com.br\/site\/wp-json\/wp\/v2\/media\/29493"}],"wp:attachment":[{"href":"https:\/\/blogdoeloiltoncajuhy.com.br\/site\/wp-json\/wp\/v2\/media?parent=29492"}],"wp:term":[{"taxonomy":"category","embeddable":true,"href":"https:\/\/blogdoeloiltoncajuhy.com.br\/site\/wp-json\/wp\/v2\/categories?post=29492"},{"taxonomy":"post_tag","embeddable":true,"href":"https:\/\/blogdoeloiltoncajuhy.com.br\/site\/wp-json\/wp\/v2\/tags?post=29492"}],"curies":[{"name":"wp","href":"https:\/\/api.w.org\/{rel}","templated":true}]}}