{"id":29487,"date":"2018-11-26T10:16:16","date_gmt":"2018-11-26T13:16:16","guid":{"rendered":"http:\/\/blogdoeloiltoncajuhy.com.br\/site\/?p=29487"},"modified":"2018-11-26T10:16:16","modified_gmt":"2018-11-26T13:16:16","slug":"senhor-do-bonfim-realiza-conferencia-municipal-dos-direitos-da-crianca-e-do-adolescente","status":"publish","type":"post","link":"https:\/\/blogdoeloiltoncajuhy.com.br\/site\/senhor-do-bonfim-realiza-conferencia-municipal-dos-direitos-da-crianca-e-do-adolescente\/","title":{"rendered":"Senhor do Bonfim realiza Confer\u00eancia Municipal dos Direitos da Crian\u00e7a e do Adolescente"},"content":{"rendered":"<p><a href=\"https:\/\/i0.wp.com\/blogdoeloiltoncajuhy.com.br\/site\/wp-content\/uploads\/2018\/11\/PMSB_conferencia-crianca-adolescente.jpg\"><img data-recalc-dims=\"1\" fetchpriority=\"high\" decoding=\"async\" class=\"aligncenter size-full wp-image-29488\" src=\"https:\/\/i0.wp.com\/blogdoeloiltoncajuhy.com.br\/site\/wp-content\/uploads\/2018\/11\/PMSB_conferencia-crianca-adolescente.jpg?resize=800%2C533\" alt=\"\" width=\"800\" height=\"533\" srcset=\"https:\/\/i0.wp.com\/blogdoeloiltoncajuhy.com.br\/site\/wp-content\/uploads\/2018\/11\/PMSB_conferencia-crianca-adolescente.jpg?w=960&amp;ssl=1 960w, https:\/\/i0.wp.com\/blogdoeloiltoncajuhy.com.br\/site\/wp-content\/uploads\/2018\/11\/PMSB_conferencia-crianca-adolescente.jpg?resize=300%2C200&amp;ssl=1 300w, https:\/\/i0.wp.com\/blogdoeloiltoncajuhy.com.br\/site\/wp-content\/uploads\/2018\/11\/PMSB_conferencia-crianca-adolescente.jpg?resize=768%2C512&amp;ssl=1 768w, https:\/\/i0.wp.com\/blogdoeloiltoncajuhy.com.br\/site\/wp-content\/uploads\/2018\/11\/PMSB_conferencia-crianca-adolescente.jpg?resize=250%2C167&amp;ssl=1 250w\" sizes=\"(max-width: 800px) 100vw, 800px\" \/><\/a>Aconteceu nos dias 22 e 23 de novembro, a VIII Confer\u00eancia Municipal dos Direitos da Crian\u00e7a e do Adolescente de Senhor do Bonfim. O evento foi realizado pela Secretaria de Assist\u00eancia Social, em parceria com Conselho Municipal dos Direitos da Crian\u00e7a e do Adolescente \u2013 CMDCA.<\/p>\n<p>A solenidade iniciou com a entona\u00e7\u00e3o do Hino Nacional Brasileiro pelas crian\u00e7as e adolescentes atendidas no Servi\u00e7o de Conviv\u00eancia e Fortalecimento de V\u00ednculos (SCFV) de Tijua\u00e7u. A garotada da unidade do Alto da Maravilha entoou o hino do munic\u00edpio e um grupo de alunos da Funda\u00e7\u00e3o Francesco Galli realizou uma apresenta\u00e7\u00e3o de dan\u00e7a antecedendo a abertura oficial.<\/p>\n<p>O evento atraiu um grande p\u00fablico para C\u00e2mara de Vereadores e teve como tema central: <em><strong>&#8220;Prote\u00e7\u00e3o Integral, Diversidade e Enfrentamento \u00e0s Viol\u00eancias&#8221;<\/strong><\/em>.<\/p>\n<p><em>\u201cA Confer\u00eancia \u00e9 o momento que temos para mobilizar a sociedade no intuito de construir, coletivamente, estrat\u00e9gias de a\u00e7\u00e3o em torno dos diversos eixos tem\u00e1ticos. Juntos podemos construir o melhor para nossas crian\u00e7as e adolescentes\u201d<\/em>, destacou a presidente do CMDCA e secret\u00e1ria de Assist\u00eancia Social, Vera Magalh\u00e3es.<\/p>\n<p>No primeiro dia ainda aconteceu a leitura e aprova\u00e7\u00e3o do regimento interno, al\u00e9m da palestra proferida por Man\u00e3 Pinho com o tema: <em>Prote\u00e7\u00e3o Integral, Diversidade, e Enfrentamento das Viol\u00eancias<\/em>. No segundo dia os grupos de trabalhos discutiram os eixos tem\u00e1ticos, apresentaram as propostas e realizaram a elei\u00e7\u00e3o dos delegados.<\/p>\n<p>A confer\u00eancia foi estruturada em cinco eixos tem\u00e1ticos para orientar os debates: Eixo I \u2013 Garantia dos Direitos e Pol\u00edticas P\u00fablica Integradas e de Inclus\u00e3o Social; eixo II \u2013 Preven\u00e7\u00e3o e Enfrentamento da viol\u00eancia Contra Crian\u00e7as e Adolescentes; eixo III \u2013 Or\u00e7amento e Financiamento das Pol\u00edticas para Crian\u00e7as e Adolescentes; eixo IV \u2013 Participa\u00e7\u00e3o, comunica\u00e7\u00e3o Social e Protagonismo de Crian\u00e7as e Adolescentes; eixo V \u2013 Controle Social das Pol\u00edticas P\u00fablicas de Crian\u00e7a e Adolescentes.<\/p>\n<p>Durante o evento, o prefeito Carlos Brasileiro destacou a import\u00e2ncia da Confer\u00eancia Municipal dos Direitos da Crian\u00e7a e do Adolescente. <em>\u201cEu considero a confer\u00eancia como uma extens\u00e3o de uma fam\u00edlia que faz o bem a toda sociedade\u201d<\/em>, destacou Brasileiro.<\/p>\n<p><em><strong>*Ascom Prefeitura Municipal de Senhor do Bonfim-BA<\/strong><\/em><\/p>\n","protected":false},"excerpt":{"rendered":"<p>Aconteceu nos dias 22 e 23 de novembro, a VIII Confer\u00eancia Municipal dos Direitos da Crian\u00e7a e do Adolescente de Senhor do Bonfim. O evento foi realizado pela Secretaria de Assist\u00eancia Social, em parceria com Conselho Municipal dos Direitos da Crian\u00e7a e do Adolescente \u2013 CMDCA. A solenidade iniciou com a entona\u00e7\u00e3o do Hino Nacional [&hellip;]<\/p>\n","protected":false},"author":2,"featured_media":29488,"comment_status":"open","ping_status":"open","sticky":false,"template":"","format":"standard","meta":{"_acf_changed":false,"_monsterinsights_skip_tracking":false,"_monsterinsights_sitenote_active":false,"_monsterinsights_sitenote_note":"","_monsterinsights_sitenote_category":0,"_jetpack_memberships_contains_paid_content":false,"footnotes":"","jetpack_publicize_message":"","jetpack_publicize_feature_enabled":true,"jetpack_social_post_already_shared":true,"jetpack_social_options":{"image_generator_settings":{"template":"highway","default_image_id":0,"font":"","enabled":false},"version":2}},"categories":[1,4],"tags":[],"class_list":["post-29487","post","type-post","status-publish","format-standard","has-post-thumbnail","hentry","category-noticias","category-local"],"acf":[],"jetpack_publicize_connections":[],"jetpack_featured_media_url":"https:\/\/i0.wp.com\/blogdoeloiltoncajuhy.com.br\/site\/wp-content\/uploads\/2018\/11\/PMSB_conferencia-crianca-adolescente.jpg?fit=960%2C640&ssl=1","jetpack_sharing_enabled":true,"publishpress_future_workflow_manual_trigger":{"enabledWorkflows":[]},"_links":{"self":[{"href":"https:\/\/blogdoeloiltoncajuhy.com.br\/site\/wp-json\/wp\/v2\/posts\/29487","targetHints":{"allow":["GET"]}}],"collection":[{"href":"https:\/\/blogdoeloiltoncajuhy.com.br\/site\/wp-json\/wp\/v2\/posts"}],"about":[{"href":"https:\/\/blogdoeloiltoncajuhy.com.br\/site\/wp-json\/wp\/v2\/types\/post"}],"author":[{"embeddable":true,"href":"https:\/\/blogdoeloiltoncajuhy.com.br\/site\/wp-json\/wp\/v2\/users\/2"}],"replies":[{"embeddable":true,"href":"https:\/\/blogdoeloiltoncajuhy.com.br\/site\/wp-json\/wp\/v2\/comments?post=29487"}],"version-history":[{"count":1,"href":"https:\/\/blogdoeloiltoncajuhy.com.br\/site\/wp-json\/wp\/v2\/posts\/29487\/revisions"}],"predecessor-version":[{"id":29489,"href":"https:\/\/blogdoeloiltoncajuhy.com.br\/site\/wp-json\/wp\/v2\/posts\/29487\/revisions\/29489"}],"wp:featuredmedia":[{"embeddable":true,"href":"https:\/\/blogdoeloiltoncajuhy.com.br\/site\/wp-json\/wp\/v2\/media\/29488"}],"wp:attachment":[{"href":"https:\/\/blogdoeloiltoncajuhy.com.br\/site\/wp-json\/wp\/v2\/media?parent=29487"}],"wp:term":[{"taxonomy":"category","embeddable":true,"href":"https:\/\/blogdoeloiltoncajuhy.com.br\/site\/wp-json\/wp\/v2\/categories?post=29487"},{"taxonomy":"post_tag","embeddable":true,"href":"https:\/\/blogdoeloiltoncajuhy.com.br\/site\/wp-json\/wp\/v2\/tags?post=29487"}],"curies":[{"name":"wp","href":"https:\/\/api.w.org\/{rel}","templated":true}]}}