{"id":29482,"date":"2018-11-25T20:21:38","date_gmt":"2018-11-25T23:21:38","guid":{"rendered":"http:\/\/blogdoeloiltoncajuhy.com.br\/site\/?p=29482"},"modified":"2018-11-25T20:21:38","modified_gmt":"2018-11-25T23:21:38","slug":"vitoria-e-rebaixado-para-a-serie-b-do-campeonato-brasileiro","status":"publish","type":"post","link":"https:\/\/blogdoeloiltoncajuhy.com.br\/site\/vitoria-e-rebaixado-para-a-serie-b-do-campeonato-brasileiro\/","title":{"rendered":"Vit\u00f3ria \u00e9 rebaixado para a S\u00e9rie B do Campeonato Brasileiro"},"content":{"rendered":"<figure id=\"attachment_29483\" aria-describedby=\"caption-attachment-29483\" style=\"width: 380px\" class=\"wp-caption aligncenter\"><a href=\"https:\/\/i0.wp.com\/blogdoeloiltoncajuhy.com.br\/site\/wp-content\/uploads\/2018\/11\/willian-farias.jpg\"><img data-recalc-dims=\"1\" fetchpriority=\"high\" decoding=\"async\" class=\"wp-image-29483 size-full\" src=\"https:\/\/i0.wp.com\/blogdoeloiltoncajuhy.com.br\/site\/wp-content\/uploads\/2018\/11\/willian-farias.jpg?resize=380%2C280\" alt=\"\" width=\"380\" height=\"280\" srcset=\"https:\/\/i0.wp.com\/blogdoeloiltoncajuhy.com.br\/site\/wp-content\/uploads\/2018\/11\/willian-farias.jpg?w=380&amp;ssl=1 380w, https:\/\/i0.wp.com\/blogdoeloiltoncajuhy.com.br\/site\/wp-content\/uploads\/2018\/11\/willian-farias.jpg?resize=300%2C221&amp;ssl=1 300w, https:\/\/i0.wp.com\/blogdoeloiltoncajuhy.com.br\/site\/wp-content\/uploads\/2018\/11\/willian-farias.jpg?resize=250%2C184&amp;ssl=1 250w\" sizes=\"(max-width: 380px) 100vw, 380px\" \/><\/a><figcaption id=\"caption-attachment-29483\" class=\"wp-caption-text\">Foto: Romildo de Jesus \/ Ag. Haack\/ Bahia Not\u00edcias<\/figcaption><\/figure>\n<p><strong>O Vit\u00f3ria est\u00e1 oficialmente rebaixado para a S\u00e9rie B do Campeonato Brasileiro. O time rubro-negro, que tinha chances remotas de permanecer na elite do futebol nacional ap\u00f3s empatar sem gols com o Gr\u00eamio, neste domingo (25), no Barrad\u00e3o, viu a Chapecoense ficar no 0 a 0 com o Corinthians e assim decretar o rebaixamento da equipe baiana. A equipe catarinense era concorrente direto do Le\u00e3o.<\/strong><\/p>\n<p><strong>Em 37 partidas disputadas no Brasileir\u00e3o, o Vit\u00f3ria somou apenas 37 pontos. O que representa um aproveitamento de 33.3%.\u00a0Nesta temporada, o Vit\u00f3ria contou com tr\u00eas treinadores: Vagner Mancini, Paulo C\u00e9zar Carpegiani e Jo\u00e3o Burse. Ao todo, 26 jogadores foram contratados ao longo de 2018. A maioria n\u00e3o conseguiu se firmar.<\/strong><\/p>\n<p><strong>A despedida do Vit\u00f3ria da S\u00e9rie A ser\u00e1 contra o campe\u00e3o Palmeiras, domingo (2), \u00e0s 16h (hor\u00e1rio de Salvador), no Allianz Parque, em S\u00e3o Paulo.<\/strong><\/p>\n<p><em>*Bahia Not\u00edcias<\/em><\/p>\n","protected":false},"excerpt":{"rendered":"<p>O Vit\u00f3ria est\u00e1 oficialmente rebaixado para a S\u00e9rie B do Campeonato Brasileiro. O time rubro-negro, que tinha chances remotas de permanecer na elite do futebol nacional ap\u00f3s empatar sem gols com o Gr\u00eamio, neste domingo (25), no Barrad\u00e3o, viu a Chapecoense ficar no 0 a 0 com o Corinthians e assim decretar o rebaixamento da [&hellip;]<\/p>\n","protected":false},"author":2,"featured_media":29483,"comment_status":"open","ping_status":"open","sticky":false,"template":"","format":"standard","meta":{"_acf_changed":false,"_monsterinsights_skip_tracking":false,"_monsterinsights_sitenote_active":false,"_monsterinsights_sitenote_note":"","_monsterinsights_sitenote_category":0,"_jetpack_memberships_contains_paid_content":false,"footnotes":"","jetpack_publicize_message":"","jetpack_publicize_feature_enabled":true,"jetpack_social_post_already_shared":true,"jetpack_social_options":{"image_generator_settings":{"template":"highway","default_image_id":0,"font":"","enabled":false},"version":2}},"categories":[6,1],"tags":[],"class_list":["post-29482","post","type-post","status-publish","format-standard","has-post-thumbnail","hentry","category-esportes","category-noticias"],"acf":[],"jetpack_publicize_connections":[],"jetpack_featured_media_url":"https:\/\/i0.wp.com\/blogdoeloiltoncajuhy.com.br\/site\/wp-content\/uploads\/2018\/11\/willian-farias.jpg?fit=380%2C280&ssl=1","jetpack_sharing_enabled":true,"publishpress_future_workflow_manual_trigger":{"enabledWorkflows":[]},"_links":{"self":[{"href":"https:\/\/blogdoeloiltoncajuhy.com.br\/site\/wp-json\/wp\/v2\/posts\/29482","targetHints":{"allow":["GET"]}}],"collection":[{"href":"https:\/\/blogdoeloiltoncajuhy.com.br\/site\/wp-json\/wp\/v2\/posts"}],"about":[{"href":"https:\/\/blogdoeloiltoncajuhy.com.br\/site\/wp-json\/wp\/v2\/types\/post"}],"author":[{"embeddable":true,"href":"https:\/\/blogdoeloiltoncajuhy.com.br\/site\/wp-json\/wp\/v2\/users\/2"}],"replies":[{"embeddable":true,"href":"https:\/\/blogdoeloiltoncajuhy.com.br\/site\/wp-json\/wp\/v2\/comments?post=29482"}],"version-history":[{"count":1,"href":"https:\/\/blogdoeloiltoncajuhy.com.br\/site\/wp-json\/wp\/v2\/posts\/29482\/revisions"}],"predecessor-version":[{"id":29484,"href":"https:\/\/blogdoeloiltoncajuhy.com.br\/site\/wp-json\/wp\/v2\/posts\/29482\/revisions\/29484"}],"wp:featuredmedia":[{"embeddable":true,"href":"https:\/\/blogdoeloiltoncajuhy.com.br\/site\/wp-json\/wp\/v2\/media\/29483"}],"wp:attachment":[{"href":"https:\/\/blogdoeloiltoncajuhy.com.br\/site\/wp-json\/wp\/v2\/media?parent=29482"}],"wp:term":[{"taxonomy":"category","embeddable":true,"href":"https:\/\/blogdoeloiltoncajuhy.com.br\/site\/wp-json\/wp\/v2\/categories?post=29482"},{"taxonomy":"post_tag","embeddable":true,"href":"https:\/\/blogdoeloiltoncajuhy.com.br\/site\/wp-json\/wp\/v2\/tags?post=29482"}],"curies":[{"name":"wp","href":"https:\/\/api.w.org\/{rel}","templated":true}]}}