{"id":29477,"date":"2018-11-25T20:09:43","date_gmt":"2018-11-25T23:09:43","guid":{"rendered":"http:\/\/blogdoeloiltoncajuhy.com.br\/site\/?p=29477"},"modified":"2018-11-25T20:09:43","modified_gmt":"2018-11-25T23:09:43","slug":"esportes-garantido-na-sul-americana-2019-bahia-perde-para-o-america-mg-no-independencia","status":"publish","type":"post","link":"https:\/\/blogdoeloiltoncajuhy.com.br\/site\/esportes-garantido-na-sul-americana-2019-bahia-perde-para-o-america-mg-no-independencia\/","title":{"rendered":"ESPORTES: Garantido na Sul-Americana 2019, Bahia perde para o Am\u00e9rica-MG no Independ\u00eancia"},"content":{"rendered":"<figure id=\"attachment_29478\" aria-describedby=\"caption-attachment-29478\" style=\"width: 410px\" class=\"wp-caption alignright\"><a href=\"https:\/\/i0.wp.com\/blogdoeloiltoncajuhy.com.br\/site\/wp-content\/uploads\/2018\/11\/AmeBah_nov-2018.jpg\"><img data-recalc-dims=\"1\" fetchpriority=\"high\" decoding=\"async\" class=\"wp-image-29478\" src=\"https:\/\/i0.wp.com\/blogdoeloiltoncajuhy.com.br\/site\/wp-content\/uploads\/2018\/11\/AmeBah_nov-2018.jpg?resize=410%2C302\" alt=\"\" width=\"410\" height=\"302\" srcset=\"https:\/\/i0.wp.com\/blogdoeloiltoncajuhy.com.br\/site\/wp-content\/uploads\/2018\/11\/AmeBah_nov-2018.jpg?w=380&amp;ssl=1 380w, https:\/\/i0.wp.com\/blogdoeloiltoncajuhy.com.br\/site\/wp-content\/uploads\/2018\/11\/AmeBah_nov-2018.jpg?resize=300%2C221&amp;ssl=1 300w, https:\/\/i0.wp.com\/blogdoeloiltoncajuhy.com.br\/site\/wp-content\/uploads\/2018\/11\/AmeBah_nov-2018.jpg?resize=250%2C184&amp;ssl=1 250w\" sizes=\"(max-width: 410px) 100vw, 410px\" \/><\/a><figcaption id=\"caption-attachment-29478\" class=\"wp-caption-text\">Foto: Mour\u00e3o Panda \/ Am\u00e9rica-MG<\/figcaption><\/figure>\n<p>O Bahia entrou no gramado do Est\u00e1dio Independ\u00eancia na noite deste domingo (25), para encarar o Am\u00e9rica-MG j\u00e1 com a vaga garantida na pr\u00f3xima edi\u00e7\u00e3o da Copa Sul-Americana, por causa do empate do Cear\u00e1 com o Atl\u00e9tico-PR. Coincid\u00eancia ou n\u00e3o, o Tricolor fez um segundo tempo ap\u00e1tico e acabou derrotado pelo Coelho por 1 a 0, pela 37\u00aa rodada do Campeonato Brasileiro. O atacante Juninho foi o autor do \u00fanico gol da partida aos dois minutos do segundo tempo.<\/p>\n<p>Apesar do rev\u00e9s, o Tricolor segue na 11\u00aa posi\u00e7\u00e3o com 47 pontos na tabela de classifica\u00e7\u00e3o. J\u00e1 o Coelho, segue vivo na briga contra o rebaixamento ao somar 40 pontos e subir para a 17\u00aa coloca\u00e7\u00e3o. A Chapecoense tem 41 e encontra-se na 16\u00aa, fora da degola.<\/p>\n<p>Na \u00faltima rodada, todos os jogos ser\u00e3o realizados no pr\u00f3ximo domingo (2), \u00e0s 16h no hor\u00e1rio de Salvador. O Bahia recebe a visita do Cruzeiro na Arena Fonte Nova. Enquanto o Am\u00e9rica-MG finaliza sua participa\u00e7\u00e3o diante do Fluminense no Rio de Janeiro. A CBF ainda vai definir o local da partida, j\u00e1 que o Flamengo tamb\u00e9m jogar\u00e1 contra o Atl\u00e9tico-PR na capital carioca.<\/p>\n<p><strong>O JOGO<\/strong><\/p>\n<p>O Bahia era o visitante, mas come\u00e7ou a partida melhor do que o dono da casa Am\u00e9rica-MG. Com boa postura em campo, o Tricolor tomou conta das a\u00e7\u00f5es no in\u00edcio do jogo, impondo seu ritmo. As melhores tramas eram constru\u00eddas pelo lado esquerdo com tabelas entre L\u00e9o e Ramires. J\u00e1 o Coelho, criava boas iniciativas pelo lado direito com Marquinhos.<\/p>\n<p>Apesar do jogo ser movimentado com as duas equipes buscando o ataque, nenhuma delas conseguiu levar perigo \u00e0s metas de Jo\u00e3o Ricardo e Douglas. O Coelho teve boa oportunidade numa cobran\u00e7a de falta de Marquinhos aos 33 minutos. A bola balan\u00e7ou a rede pelo lado de fora. J\u00e1 o Tricolor, esteve perto de abrir o placar no final da etapa inicial aos 45 minutos com Clayton. Ramires cobrou o escanteio no primeiro pau e ele cabeceou com muito perigo obrigando Jo\u00e3o Ricardo a fazer boa defesa.<\/p>\n<p><strong>Segundo tempo<\/strong><\/p>\n<p>As duas equipes voltaram do vesti\u00e1rio sem altera\u00e7\u00f5es. O Coelho abriu o placar logo aos dois minutos do rein\u00edcio da partida com Juninho. Num lan\u00e7amento pelo lado esquerdo, Tiago cortou, mas a bola caiu nos p\u00e9s de Luan, que tocou para Rafael Moura. O He-Man deu com a\u00e7\u00facar para Juninho, que se infiltrou pelo meio da marca\u00e7\u00e3o e, cara-a-cara com Douglas, tocou no cantinho direito. Am\u00e9rica-MG 1&#215;0 Bahia.<\/p>\n<p>O Bahia demonstra apatia nesta etapa complementar. \u00c0 frente no placar, o Am\u00e9rica-MG passou a deixar o advers\u00e1rio com a bola e explorar os contra-ataques. Sem criatividade, o time baiano n\u00e3o conseguia construir nenhuma boa jogada ofensiva. Aos 28 minutos, por muito pouco Rafael Moura n\u00e3o ampliou o placar para o Coelho. Fran\u00e7a chegou bem pelo lado direito e cruzou para \u00e1rea. De peixinho, He-Man desviou de cabe\u00e7a, tirando de Douglas, mas a bola foi fraquinha em dire\u00e7\u00e3o \u00e0 linha de fundo e a defesa tricolor afastou.<\/p>\n<p>Aos 39 minutos, Vin\u00edcius errou o dom\u00ednio e armou um contra-ataque do time mineiro. Rafael Moura avan\u00e7ou e tocou para Matheusinho. Mas ele bateu mal e a bola subiu demais passando por cima da meta de Douglas.<\/p>\n<p><strong>FICHA T\u00c9CNICA<br \/>\nAm\u00e9rica-MG 1&#215;0 Bahia<br \/>\nCampeonato Brasileiro \u2013 37\u00aa rodada<\/strong><br \/>\n<strong>Local<\/strong>: Est\u00e1dio Independ\u00eancia, em Belo Horizonte<br \/>\n<strong>Hor\u00e1rio<\/strong>: 18h (de Salvador)<br \/>\n<strong>Data<\/strong>: 25\/11\/2018 (domingo)<br \/>\n<strong>\u00c1rbitro<\/strong>: Marcelo Aparecido de Souza (SP)<br \/>\n<strong>Assistentes<\/strong>: Anderson Jos\u00e9 de Moraes Coelho e Bruno Salgado Rizo (SP)<br \/>\n<strong>Assistentes adicionais<\/strong>: Rafael Gomes Felix da Silva e Ilbert Estevam da Silva<\/p>\n<p><strong>Cart\u00f5es\u00a0amarelos:<\/strong>\u00a0Norberto, Jo\u00e3o Ricardo\u00a0(Am\u00e9rica-MG) \/ Tiago, duas vezes, Gregore (Bahia)<\/p>\n<p><strong>Cart\u00e3o vermelho:<\/strong>\u00a0Tiago (Bahia)<\/p>\n<p><strong>Gol:<\/strong>\u00a0Juninho (Am\u00e9rica-MG)<\/p>\n<p><strong>Am\u00e9rica-MG<\/strong>: \u00a0Jo\u00e3o Ricardo, Norberto (Aderlan), Messias, Matheus Ferraz e Carlinhos; Z\u00e9 Ricardo, Juninho e Matheusinho (Paul\u00e3o); Luan, Marquinhos (Carlos Fran\u00e7a) e Rafael Moura.\u00a0<strong>T\u00e9cnico<\/strong>: Givanildo Oliveira.<\/p>\n<p><strong>Bahia<\/strong>: Douglas; Bruno, Tiago, Lucas Fonseca\u00a0e L\u00e9o;\u00a0Gregore e Elton; Clayton (Gilberto), Ramires (Vin\u00edcius) e Z\u00e9 Rafael;\u00a0Edigar Junio (J\u00fanior Brumado).\u00a0<strong>T\u00e9cnico<\/strong>: Enderson Moreira.<\/p>\n<p><em><strong>*Bahia Not\u00edcias<\/strong><\/em><\/p>\n","protected":false},"excerpt":{"rendered":"<p>O Bahia entrou no gramado do Est\u00e1dio Independ\u00eancia na noite deste domingo (25), para encarar o Am\u00e9rica-MG j\u00e1 com a vaga garantida na pr\u00f3xima edi\u00e7\u00e3o da Copa Sul-Americana, por causa do empate do Cear\u00e1 com o Atl\u00e9tico-PR. Coincid\u00eancia ou n\u00e3o, o Tricolor fez um segundo tempo ap\u00e1tico e acabou derrotado pelo Coelho por 1 a [&hellip;]<\/p>\n","protected":false},"author":2,"featured_media":29478,"comment_status":"open","ping_status":"open","sticky":false,"template":"","format":"standard","meta":{"_acf_changed":false,"_monsterinsights_skip_tracking":false,"_monsterinsights_sitenote_active":false,"_monsterinsights_sitenote_note":"","_monsterinsights_sitenote_category":0,"_jetpack_memberships_contains_paid_content":false,"footnotes":"","jetpack_publicize_message":"","jetpack_publicize_feature_enabled":true,"jetpack_social_post_already_shared":true,"jetpack_social_options":{"image_generator_settings":{"template":"highway","default_image_id":0,"font":"","enabled":false},"version":2}},"categories":[6,1],"tags":[],"class_list":["post-29477","post","type-post","status-publish","format-standard","has-post-thumbnail","hentry","category-esportes","category-noticias"],"acf":[],"jetpack_publicize_connections":[],"jetpack_featured_media_url":"https:\/\/i0.wp.com\/blogdoeloiltoncajuhy.com.br\/site\/wp-content\/uploads\/2018\/11\/AmeBah_nov-2018.jpg?fit=380%2C280&ssl=1","jetpack_sharing_enabled":true,"publishpress_future_workflow_manual_trigger":{"enabledWorkflows":[]},"_links":{"self":[{"href":"https:\/\/blogdoeloiltoncajuhy.com.br\/site\/wp-json\/wp\/v2\/posts\/29477","targetHints":{"allow":["GET"]}}],"collection":[{"href":"https:\/\/blogdoeloiltoncajuhy.com.br\/site\/wp-json\/wp\/v2\/posts"}],"about":[{"href":"https:\/\/blogdoeloiltoncajuhy.com.br\/site\/wp-json\/wp\/v2\/types\/post"}],"author":[{"embeddable":true,"href":"https:\/\/blogdoeloiltoncajuhy.com.br\/site\/wp-json\/wp\/v2\/users\/2"}],"replies":[{"embeddable":true,"href":"https:\/\/blogdoeloiltoncajuhy.com.br\/site\/wp-json\/wp\/v2\/comments?post=29477"}],"version-history":[{"count":1,"href":"https:\/\/blogdoeloiltoncajuhy.com.br\/site\/wp-json\/wp\/v2\/posts\/29477\/revisions"}],"predecessor-version":[{"id":29479,"href":"https:\/\/blogdoeloiltoncajuhy.com.br\/site\/wp-json\/wp\/v2\/posts\/29477\/revisions\/29479"}],"wp:featuredmedia":[{"embeddable":true,"href":"https:\/\/blogdoeloiltoncajuhy.com.br\/site\/wp-json\/wp\/v2\/media\/29478"}],"wp:attachment":[{"href":"https:\/\/blogdoeloiltoncajuhy.com.br\/site\/wp-json\/wp\/v2\/media?parent=29477"}],"wp:term":[{"taxonomy":"category","embeddable":true,"href":"https:\/\/blogdoeloiltoncajuhy.com.br\/site\/wp-json\/wp\/v2\/categories?post=29477"},{"taxonomy":"post_tag","embeddable":true,"href":"https:\/\/blogdoeloiltoncajuhy.com.br\/site\/wp-json\/wp\/v2\/tags?post=29477"}],"curies":[{"name":"wp","href":"https:\/\/api.w.org\/{rel}","templated":true}]}}