{"id":29464,"date":"2018-11-25T17:02:59","date_gmt":"2018-11-25T20:02:59","guid":{"rendered":"http:\/\/blogdoeloiltoncajuhy.com.br\/site\/?p=29464"},"modified":"2018-11-25T17:02:59","modified_gmt":"2018-11-25T20:02:59","slug":"batida-entre-carreta-e-onibus-escolar-deixa-3-mortos-na-br-116-coletivo-seguia-para-concurso-de-fanfarras","status":"publish","type":"post","link":"https:\/\/blogdoeloiltoncajuhy.com.br\/site\/batida-entre-carreta-e-onibus-escolar-deixa-3-mortos-na-br-116-coletivo-seguia-para-concurso-de-fanfarras\/","title":{"rendered":"Batida entre carreta e \u00f4nibus escolar deixa 3 mortos na BR-116; coletivo seguia para concurso de fanfarras"},"content":{"rendered":"<h5 style=\"text-align: center;\"><em>Acidente ocorreu na manh\u00e3 deste domingo (25), no km 382 da rodovia, trecho de Santa B\u00e1rbara. De acordo com Sesab, 29 ficaram feridos<\/em><\/h5>\n<figure id=\"attachment_29465\" aria-describedby=\"caption-attachment-29465\" style=\"width: 1344px\" class=\"wp-caption aligncenter\"><a href=\"https:\/\/i0.wp.com\/blogdoeloiltoncajuhy.com.br\/site\/wp-content\/uploads\/2018\/11\/acidente_BA_nov-2018_1.jpg\"><img data-recalc-dims=\"1\" fetchpriority=\"high\" decoding=\"async\" class=\"wp-image-29465 size-full\" src=\"https:\/\/i0.wp.com\/blogdoeloiltoncajuhy.com.br\/site\/wp-content\/uploads\/2018\/11\/acidente_BA_nov-2018_1.jpg?resize=800%2C501\" alt=\"\" width=\"800\" height=\"501\" srcset=\"https:\/\/i0.wp.com\/blogdoeloiltoncajuhy.com.br\/site\/wp-content\/uploads\/2018\/11\/acidente_BA_nov-2018_1.jpg?w=1344&amp;ssl=1 1344w, https:\/\/i0.wp.com\/blogdoeloiltoncajuhy.com.br\/site\/wp-content\/uploads\/2018\/11\/acidente_BA_nov-2018_1.jpg?resize=300%2C188&amp;ssl=1 300w, https:\/\/i0.wp.com\/blogdoeloiltoncajuhy.com.br\/site\/wp-content\/uploads\/2018\/11\/acidente_BA_nov-2018_1.jpg?resize=768%2C481&amp;ssl=1 768w, https:\/\/i0.wp.com\/blogdoeloiltoncajuhy.com.br\/site\/wp-content\/uploads\/2018\/11\/acidente_BA_nov-2018_1.jpg?resize=1024%2C642&amp;ssl=1 1024w, https:\/\/i0.wp.com\/blogdoeloiltoncajuhy.com.br\/site\/wp-content\/uploads\/2018\/11\/acidente_BA_nov-2018_1.jpg?resize=250%2C157&amp;ssl=1 250w\" sizes=\"(max-width: 800px) 100vw, 800px\" \/><\/a><figcaption id=\"caption-attachment-29465\" class=\"wp-caption-text\">Batida entre carreta e \u00f4nibus escolar que seguia para concurso de fanfarra deixa tr\u00eas mortos na BR-116, na Bahia \u2014 Foto: Madalena Braga\/TV Suba\u00e9<\/figcaption><\/figure>\n<p>Uma batida entre um \u00f4nibus escolar e uma carreta deixou tr\u00eas mortos e 29 feridos na manh\u00e3 deste domingo (25), no km 382 da BR-116, trecho de Santa B\u00e1rbara. As informa\u00e7\u00f5es s\u00e3o da Pol\u00edcia Rodovi\u00e1ria Federal (PRF) e da Secretaria de Sa\u00fade do Estado da Bahia (Sesab).<\/p>\n<p>Segundo a pol\u00edcia, o acidente ocorreu por volta das 10h50. O grupo que seguia no \u00f4nibus saiu do munic\u00edpio de Euclides da Cunha e ia para um concurso de fanfarra em Ant\u00f4nio Cardoso, cidade vizinha a Feira de Santana.<\/p>\n<p>Informa\u00e7\u00f5es preliminares da PRF apontam que o motorista da carreta foi fazer uma ultrapassagem e bateu no \u00f4nibus. A cabine da carreta ficou destru\u00edda e o motorista morreu. As outras duas pessoas que morreram estavam no \u00f4nibus, que tamb\u00e9m ficou destru\u00eddo. As v\u00edtimas chegaram a receber atendimento m\u00e9dico, mas n\u00e3o resistiram aos ferimentos.<\/p>\n<figure id=\"attachment_29466\" aria-describedby=\"caption-attachment-29466\" style=\"width: 1344px\" class=\"wp-caption aligncenter\"><a href=\"https:\/\/i0.wp.com\/blogdoeloiltoncajuhy.com.br\/site\/wp-content\/uploads\/2018\/11\/acidente_BA_nov-2018_2.jpg\"><img data-recalc-dims=\"1\" decoding=\"async\" class=\"wp-image-29466 size-full\" src=\"https:\/\/i0.wp.com\/blogdoeloiltoncajuhy.com.br\/site\/wp-content\/uploads\/2018\/11\/acidente_BA_nov-2018_2.jpg?resize=800%2C501\" alt=\"\" width=\"800\" height=\"501\" srcset=\"https:\/\/i0.wp.com\/blogdoeloiltoncajuhy.com.br\/site\/wp-content\/uploads\/2018\/11\/acidente_BA_nov-2018_2.jpg?w=1344&amp;ssl=1 1344w, https:\/\/i0.wp.com\/blogdoeloiltoncajuhy.com.br\/site\/wp-content\/uploads\/2018\/11\/acidente_BA_nov-2018_2.jpg?resize=300%2C188&amp;ssl=1 300w, https:\/\/i0.wp.com\/blogdoeloiltoncajuhy.com.br\/site\/wp-content\/uploads\/2018\/11\/acidente_BA_nov-2018_2.jpg?resize=768%2C481&amp;ssl=1 768w, https:\/\/i0.wp.com\/blogdoeloiltoncajuhy.com.br\/site\/wp-content\/uploads\/2018\/11\/acidente_BA_nov-2018_2.jpg?resize=1024%2C642&amp;ssl=1 1024w, https:\/\/i0.wp.com\/blogdoeloiltoncajuhy.com.br\/site\/wp-content\/uploads\/2018\/11\/acidente_BA_nov-2018_2.jpg?resize=250%2C157&amp;ssl=1 250w\" sizes=\"(max-width: 800px) 100vw, 800px\" \/><\/a><figcaption id=\"caption-attachment-29466\" class=\"wp-caption-text\">Frente de \u00f4nibus envolvido em acidente ficou destru\u00edda ap\u00f3s batida com carreta na BR-116, na Bahia \u2014 Foto: Madalena Braga\/TV Suba\u00e9<\/figcaption><\/figure>\n<p>Por meio de nota, a Sesab informou que dos 29 feridos, seis foram atendidos no hospital em Santa B\u00e1rbara, 19 foram encaminhados para o Hospital Geral Cl\u00e9riston Andrade (HGCA), em Feira de Santana e quatro para o Hospital Estadual da Crian\u00e7a (HEC), tamb\u00e9m em Feira. N\u00e3o h\u00e1 detalhes do estado de sa\u00fade deles.<\/p>\n<p>As equipes da pol\u00edcia foram encaminhadas para o local e a rodovia est\u00e1 interditada. Al\u00e9m da PRF, bombeiros e agentes da pol\u00edcia t\u00e9cnica estiveram no local do acidente.<\/p>\n<p>Segundo a assessoria de imprensa da prefeitura de Ant\u00f4nio Cardoso, o evento cultural de fanfarras e bandas foi cancelado. Ainda n\u00e3o h\u00e1 previs\u00e3o se haver\u00e1 nova data e quando ser\u00e1 o evento. Moradores de Ant\u00f4nio Cardoso fizeram homenagens \u00e0s v\u00edtimas com a forma\u00e7\u00e3o de uma grande roda e ora\u00e7\u00f5es.<\/p>\n<figure id=\"attachment_29467\" aria-describedby=\"caption-attachment-29467\" style=\"width: 1344px\" class=\"wp-caption aligncenter\"><a href=\"https:\/\/i0.wp.com\/blogdoeloiltoncajuhy.com.br\/site\/wp-content\/uploads\/2018\/11\/acidente_BA_nov-2018_3.jpg\"><img data-recalc-dims=\"1\" decoding=\"async\" class=\"wp-image-29467 size-full\" src=\"https:\/\/i0.wp.com\/blogdoeloiltoncajuhy.com.br\/site\/wp-content\/uploads\/2018\/11\/acidente_BA_nov-2018_3.jpg?resize=800%2C501\" alt=\"\" width=\"800\" height=\"501\" srcset=\"https:\/\/i0.wp.com\/blogdoeloiltoncajuhy.com.br\/site\/wp-content\/uploads\/2018\/11\/acidente_BA_nov-2018_3.jpg?w=1344&amp;ssl=1 1344w, https:\/\/i0.wp.com\/blogdoeloiltoncajuhy.com.br\/site\/wp-content\/uploads\/2018\/11\/acidente_BA_nov-2018_3.jpg?resize=300%2C188&amp;ssl=1 300w, https:\/\/i0.wp.com\/blogdoeloiltoncajuhy.com.br\/site\/wp-content\/uploads\/2018\/11\/acidente_BA_nov-2018_3.jpg?resize=768%2C481&amp;ssl=1 768w, https:\/\/i0.wp.com\/blogdoeloiltoncajuhy.com.br\/site\/wp-content\/uploads\/2018\/11\/acidente_BA_nov-2018_3.jpg?resize=1024%2C642&amp;ssl=1 1024w, https:\/\/i0.wp.com\/blogdoeloiltoncajuhy.com.br\/site\/wp-content\/uploads\/2018\/11\/acidente_BA_nov-2018_3.jpg?resize=250%2C157&amp;ssl=1 250w\" sizes=\"(max-width: 800px) 100vw, 800px\" \/><\/a><figcaption id=\"caption-attachment-29467\" class=\"wp-caption-text\">Carreta e \u00f4nibus que bateram na BR-116, na Bahia \u2014 Foto: Madalena Braga\/TV Suba\u00e9<\/figcaption><\/figure>\n<p><em><strong>*Por G1 BA<\/strong><\/em><\/p>\n","protected":false},"excerpt":{"rendered":"<p>Acidente ocorreu na manh\u00e3 deste domingo (25), no km 382 da rodovia, trecho de Santa B\u00e1rbara. De acordo com Sesab, 29 ficaram feridos Uma batida entre um \u00f4nibus escolar e uma carreta deixou tr\u00eas mortos e 29 feridos na manh\u00e3 deste domingo (25), no km 382 da BR-116, trecho de Santa B\u00e1rbara. As informa\u00e7\u00f5es s\u00e3o [&hellip;]<\/p>\n","protected":false},"author":2,"featured_media":29467,"comment_status":"open","ping_status":"open","sticky":false,"template":"","format":"standard","meta":{"_acf_changed":false,"_monsterinsights_skip_tracking":false,"_monsterinsights_sitenote_active":false,"_monsterinsights_sitenote_note":"","_monsterinsights_sitenote_category":0,"_jetpack_memberships_contains_paid_content":false,"footnotes":"","jetpack_publicize_message":"","jetpack_publicize_feature_enabled":true,"jetpack_social_post_already_shared":true,"jetpack_social_options":{"image_generator_settings":{"template":"highway","default_image_id":0,"font":"","enabled":false},"version":2}},"categories":[5,1],"tags":[],"class_list":["post-29464","post","type-post","status-publish","format-standard","has-post-thumbnail","hentry","category-cotidiano","category-noticias"],"acf":[],"jetpack_publicize_connections":[],"jetpack_featured_media_url":"https:\/\/i0.wp.com\/blogdoeloiltoncajuhy.com.br\/site\/wp-content\/uploads\/2018\/11\/acidente_BA_nov-2018_3.jpg?fit=1344%2C842&ssl=1","jetpack_sharing_enabled":true,"publishpress_future_workflow_manual_trigger":{"enabledWorkflows":[]},"_links":{"self":[{"href":"https:\/\/blogdoeloiltoncajuhy.com.br\/site\/wp-json\/wp\/v2\/posts\/29464","targetHints":{"allow":["GET"]}}],"collection":[{"href":"https:\/\/blogdoeloiltoncajuhy.com.br\/site\/wp-json\/wp\/v2\/posts"}],"about":[{"href":"https:\/\/blogdoeloiltoncajuhy.com.br\/site\/wp-json\/wp\/v2\/types\/post"}],"author":[{"embeddable":true,"href":"https:\/\/blogdoeloiltoncajuhy.com.br\/site\/wp-json\/wp\/v2\/users\/2"}],"replies":[{"embeddable":true,"href":"https:\/\/blogdoeloiltoncajuhy.com.br\/site\/wp-json\/wp\/v2\/comments?post=29464"}],"version-history":[{"count":1,"href":"https:\/\/blogdoeloiltoncajuhy.com.br\/site\/wp-json\/wp\/v2\/posts\/29464\/revisions"}],"predecessor-version":[{"id":29468,"href":"https:\/\/blogdoeloiltoncajuhy.com.br\/site\/wp-json\/wp\/v2\/posts\/29464\/revisions\/29468"}],"wp:featuredmedia":[{"embeddable":true,"href":"https:\/\/blogdoeloiltoncajuhy.com.br\/site\/wp-json\/wp\/v2\/media\/29467"}],"wp:attachment":[{"href":"https:\/\/blogdoeloiltoncajuhy.com.br\/site\/wp-json\/wp\/v2\/media?parent=29464"}],"wp:term":[{"taxonomy":"category","embeddable":true,"href":"https:\/\/blogdoeloiltoncajuhy.com.br\/site\/wp-json\/wp\/v2\/categories?post=29464"},{"taxonomy":"post_tag","embeddable":true,"href":"https:\/\/blogdoeloiltoncajuhy.com.br\/site\/wp-json\/wp\/v2\/tags?post=29464"}],"curies":[{"name":"wp","href":"https:\/\/api.w.org\/{rel}","templated":true}]}}