{"id":29459,"date":"2018-11-25T08:44:08","date_gmt":"2018-11-25T11:44:08","guid":{"rendered":"http:\/\/blogdoeloiltoncajuhy.com.br\/site\/?p=29459"},"modified":"2018-11-25T08:44:08","modified_gmt":"2018-11-25T11:44:08","slug":"concursos-10-orgaos-abrem-400-vagas-nesta-segunda-feira-26","status":"publish","type":"post","link":"https:\/\/blogdoeloiltoncajuhy.com.br\/site\/concursos-10-orgaos-abrem-400-vagas-nesta-segunda-feira-26\/","title":{"rendered":"Concursos: 10 \u00f3rg\u00e3os abrem 400 vagas nesta segunda-feira (26)"},"content":{"rendered":"<h5 style=\"text-align: center;\"><em>H\u00e1 oportunidades para todos os n\u00edveis de escolaridade<\/em><\/h5>\n<div class=\"mc-column content-text active-extra-styles active-capital-letter\" data-block-type=\"unstyled\" data-block-weight=\"23\" data-block-id=\"1\">\n<p class=\"content-text__container theme-color-primary-first-letter\" data-track-category=\"Link no Texto\" data-track-links=\"\"><a href=\"https:\/\/i0.wp.com\/blogdoeloiltoncajuhy.com.br\/site\/wp-content\/uploads\/2017\/10\/concursos_out-17.jpg\"><img data-recalc-dims=\"1\" fetchpriority=\"high\" decoding=\"async\" class=\"aligncenter size-full wp-image-21095\" src=\"https:\/\/i0.wp.com\/blogdoeloiltoncajuhy.com.br\/site\/wp-content\/uploads\/2017\/10\/concursos_out-17.jpg?resize=550%2C365\" alt=\"\" width=\"550\" height=\"365\" srcset=\"https:\/\/i0.wp.com\/blogdoeloiltoncajuhy.com.br\/site\/wp-content\/uploads\/2017\/10\/concursos_out-17.jpg?w=550&amp;ssl=1 550w, https:\/\/i0.wp.com\/blogdoeloiltoncajuhy.com.br\/site\/wp-content\/uploads\/2017\/10\/concursos_out-17.jpg?resize=300%2C199&amp;ssl=1 300w, https:\/\/i0.wp.com\/blogdoeloiltoncajuhy.com.br\/site\/wp-content\/uploads\/2017\/10\/concursos_out-17.jpg?resize=250%2C166&amp;ssl=1 250w\" sizes=\"(max-width: 550px) 100vw, 550px\" \/><\/a>Pelo menos 10 \u00f3rg\u00e3os abrem nesta segunda-feira (26) inscri\u00e7\u00f5es em concursos p\u00fablicos para 400 vagas. H\u00e1 oportunidades para todos os n\u00edveis de escolaridade.<\/p>\n<\/div>\n<div class=\"wall protected-content\">\n<div class=\"mc-column content-text active-extra-styles \" data-block-type=\"unstyled\" data-block-weight=\"22\" data-block-id=\"2\">\n<p class=\"content-text__container \" data-track-category=\"Link no Texto\" data-track-links=\"\">O maior concurso \u00e9 o da prefeitura de \u00c1gua Boa, em Mato Grosso, com 131 vagas. Os sal\u00e1rios chegam a R$ 6.312,90.<\/p>\n<\/div>\n<div class=\"mc-column content-text active-extra-styles\" data-block-type=\"raw\" data-block-weight=\"6\" data-block-id=\"3\">\n<ul class=\"content-unordered-list\">\n<li><a href=\"http:\/\/especiais.g1.globo.com\/economia\/concursos-e-emprego\/lista-de-concursos-publicos-e-vagas-de-emprego\/\" target=\"_blank\" rel=\"noopener\">CONFIRA A LISTA COMPLETA DE CONCURSOS<\/a><\/li>\n<\/ul>\n<div class=\"mc-column content-text active-extra-styles\" data-block-type=\"raw\" data-block-weight=\"5\" data-block-id=\"5\">\n<div class=\"content-intertitle\">\n<h2>Veja abaixo detalhes dos concursos:<\/h2>\n<\/div>\n<\/div>\n<div class=\"mc-column content-text active-extra-styles\" data-block-type=\"raw\" data-block-weight=\"5\" data-block-id=\"6\">\n<div class=\"content-intertitle\">\n<h2><strong>C\u00e2mara Municipal de Paiva (MG)<\/strong><\/h2>\n<\/div>\n<\/div>\n<div class=\"mc-column content-text active-extra-styles\" data-block-type=\"raw\" data-block-weight=\"19\" data-block-id=\"7\">\n<ul class=\"content-unordered-list\">\n<li>Inscri\u00e7\u00f5es: at\u00e9 26\/12\/2018<\/li>\n<li>4 vagas<\/li>\n<li>Sal\u00e1rios de at\u00e9 R$ 1.118,35<\/li>\n<li>Cargos de n\u00edvel fundamental e m\u00e9dio<\/li>\n<li><a href=\"https:\/\/www.concursosjcm.com.br\/informacoes\/110\/\" target=\"_blank\" rel=\"noopener\">Veja o edital<\/a><\/li>\n<\/ul>\n<\/div>\n<div class=\"mc-column content-text active-extra-styles\" data-block-type=\"raw\" data-block-weight=\"4\" data-block-id=\"8\">\n<div class=\"content-intertitle\">\n<h2>Guarda Municipal de Teresina<\/h2>\n<\/div>\n<\/div>\n<div class=\"mc-column content-text active-extra-styles\" data-block-type=\"raw\" data-block-weight=\"17\" data-block-id=\"9\">\n<ul class=\"content-unordered-list\">\n<li>Inscri\u00e7\u00f5es: at\u00e9 27\/12\/2018<\/li>\n<li>75 vagas<\/li>\n<li>Sal\u00e1rios de at\u00e9 R$ 1.133,00<\/li>\n<li>Cargos de n\u00edvel m\u00e9dio<\/li>\n<li><a href=\"https:\/\/g1.globo.com\/pi\/piaui\/noticia\/2018\/11\/05\/guarda-municipal-de-teresina-lanca-concurso-com-75-vagas-e-cadastro-reserva-para-400.ghtml\">Veja o edital<\/a><\/li>\n<\/ul>\n<\/div>\n<div class=\"mc-column content-text active-extra-styles\" data-block-type=\"raw\" data-block-weight=\"2\" data-block-id=\"10\">\n<div class=\"content-intertitle\">\n<h2>Itaipu Binacional<\/h2>\n<\/div>\n<\/div>\n<div class=\"mc-column content-text active-extra-styles\" data-block-type=\"raw\" data-block-weight=\"19\" data-block-id=\"11\">\n<ul class=\"content-unordered-list\">\n<li>Inscri\u00e7\u00f5es: at\u00e9 02\/01\/2019<\/li>\n<li>46 vagas<\/li>\n<li>Sal\u00e1rios de at\u00e9 R$ 7.090,22<\/li>\n<li>Cargos de n\u00edvel m\u00e9dio e superior<\/li>\n<li><a href=\"http:\/\/portal.nc.ufpr.br\/PortalNC\/Concurso?concurso=ITAIPU2018\" target=\"_blank\" rel=\"noopener\">Veja o edital<\/a><\/li>\n<\/ul>\n<\/div>\n<div class=\"mc-column content-text active-extra-styles\" data-block-type=\"raw\" data-block-weight=\"5\" data-block-id=\"12\">\n<div class=\"content-intertitle\">\n<h2>Prefeitura de \u00c1gua Boa (MT)<\/h2>\n<\/div>\n<\/div>\n<div class=\"mc-column content-text active-extra-styles\" data-block-type=\"raw\" data-block-weight=\"20\" data-block-id=\"13\">\n<ul class=\"content-unordered-list\">\n<li>Inscri\u00e7\u00f5es: at\u00e9 10\/12\/2018<\/li>\n<li>131 vagas<\/li>\n<li>Sal\u00e1rios de at\u00e9 R$ 6.312,90<\/li>\n<li>Cargos de n\u00edvel fundamental, m\u00e9dio e superior<\/li>\n<li><a href=\"http:\/\/www.aguaboa.mt.gov.br\/administracao\/2243-prefeitura-divulga-convocacao-dos-processos-seletivos-publico-e-simplificado\" target=\"_blank\" rel=\"noopener\">Veja o edital<\/a><\/li>\n<\/ul>\n<\/div>\n<div class=\"mc-column content-text active-extra-styles\" data-block-type=\"raw\" data-block-weight=\"4\" data-block-id=\"14\">\n<div class=\"content-intertitle\">\n<h2>Prefeitura de Castelo (ES)<\/h2>\n<\/div>\n<\/div>\n<div class=\"mc-column content-text active-extra-styles\" data-block-type=\"raw\" data-block-weight=\"17\" data-block-id=\"15\">\n<ul class=\"content-unordered-list\">\n<li>Inscri\u00e7\u00f5es: at\u00e9 27\/11\/2018<\/li>\n<li>20 vagas<\/li>\n<li>Sal\u00e1rios de at\u00e9 R$ 980,41<\/li>\n<li>Cargos de n\u00edvel m\u00e9dio<\/li>\n<li><a href=\"http:\/\/castelo.es.gov.br\/imagens\/noticias\/Imagem_2018\/11_2018\/2.%20Edital%2005%20ASSISTENTE%20DE%20SERVICOS%20DE%20EDUCACAO-CUIDADOR.pdf\" target=\"_blank\" rel=\"noopener\">Veja o edital<\/a><\/li>\n<\/ul>\n<\/div>\n<div class=\"mc-column content-text active-extra-styles\" data-block-type=\"raw\" data-block-weight=\"4\" data-block-id=\"16\">\n<div class=\"content-intertitle\">\n<h2>Prefeitura de Itarana (ES)<\/h2>\n<\/div>\n<\/div>\n<div class=\"mc-column content-text active-extra-styles\" data-block-type=\"raw\" data-block-weight=\"19\" data-block-id=\"17\">\n<ul class=\"content-unordered-list\">\n<li>Inscri\u00e7\u00f5es: at\u00e9 30\/11\/2018<\/li>\n<li>11 vagas<\/li>\n<li>Sal\u00e1rios de at\u00e9 R$ 2.142,00<\/li>\n<li>Cargos de n\u00edvel m\u00e9dio e superior<\/li>\n<li><a href=\"https:\/\/www.itarana.es.gov.br\/portal\/selecao-semas-2018\" target=\"_blank\" rel=\"noopener\">Veja o edital<\/a><\/li>\n<\/ul>\n<\/div>\n<div class=\"mc-column content-text active-extra-styles\" data-block-type=\"raw\" data-block-weight=\"5\" data-block-id=\"18\">\n<div class=\"content-intertitle\">\n<h2>Prefeitura de Jo\u00e3o Monlevade (MG)<\/h2>\n<\/div>\n<\/div>\n<div class=\"mc-column content-text active-extra-styles\" data-block-type=\"raw\" data-block-weight=\"17\" data-block-id=\"19\">\n<ul class=\"content-unordered-list\">\n<li>Inscri\u00e7\u00f5es: at\u00e9 30\/11\/2018<\/li>\n<li>30 vagas<\/li>\n<li>Sal\u00e1rios de at\u00e9 R$ 1.010,02<\/li>\n<li>Cargos de n\u00edvel fundamental<\/li>\n<li><a href=\"http:\/\/pmjm.mg.gov.br\/\" target=\"_blank\" rel=\"noopener\">Veja o edital<\/a><\/li>\n<\/ul>\n<\/div>\n<div class=\"mc-column content-text active-extra-styles\" data-block-type=\"raw\" data-block-weight=\"4\" data-block-id=\"20\">\n<div class=\"content-intertitle\">\n<h2>Prefeitura de Cambuci (RJ)<\/h2>\n<\/div>\n<\/div>\n<div class=\"mc-column content-text active-extra-styles\" data-block-type=\"raw\" data-block-weight=\"19\" data-block-id=\"21\">\n<ul class=\"content-unordered-list\">\n<li>Inscri\u00e7\u00f5es: at\u00e9 21\/12\/2018<\/li>\n<li>68 vagas<\/li>\n<li>Sal\u00e1rios de at\u00e9 R$ 1.176,34<\/li>\n<li>Cargos de n\u00edvel m\u00e9dio e superior<\/li>\n<li><a href=\"https:\/\/www.incpconcursos.org.br\/informacoes\/73\/\" target=\"_blank\" rel=\"noopener\">Veja o edital<\/a><\/li>\n<\/ul>\n<div class=\"mc-column content-text active-extra-styles\" data-block-type=\"raw\" data-block-weight=\"4\" data-block-id=\"23\">\n<div class=\"content-intertitle\">\n<h2>Prefeitura de Dracena (SP)<\/h2>\n<\/div>\n<\/div>\n<div class=\"mc-column content-text active-extra-styles\" data-block-type=\"raw\" data-block-weight=\"19\" data-block-id=\"24\">\n<ul class=\"content-unordered-list\">\n<li>Inscri\u00e7\u00f5es: at\u00e9 07\/12\/2018<\/li>\n<li>13 vagas<\/li>\n<li>Sal\u00e1rios de at\u00e9 R$ 1.599,87<\/li>\n<li>Cargos de n\u00edvel m\u00e9dio e superior<\/li>\n<li><a href=\"http:\/\/www.conscamweb.com.br\/concurso\/concursoMaisInformacoes.do?idInstituicao=16&amp;idConcurso=7\" target=\"_blank\" rel=\"noopener\">Veja o edital<\/a><\/li>\n<\/ul>\n<\/div>\n<div class=\"mc-column content-text active-extra-styles\" data-block-type=\"raw\" data-block-weight=\"8\" data-block-id=\"25\">\n<div class=\"content-intertitle\">\n<h2>Secretaria de Estado de Assist\u00eancia Social do Par\u00e1<\/h2>\n<\/div>\n<\/div>\n<div data-track-category=\"fim do conteudo\" data-track-action=\"ultimo chunk conteudo\" data-track-noninteraction=\"false\" data-track-scroll=\"entrada completa viewport\">\n<div class=\"mc-column content-text active-extra-styles\" data-block-type=\"raw\" data-block-weight=\"19\" data-block-id=\"26\">\n<ul class=\"content-unordered-list\">\n<li>Inscri\u00e7\u00f5es: at\u00e9 20\/12\/2018<\/li>\n<li>9 vagas<\/li>\n<li>Sal\u00e1rios de at\u00e9 R$ 3.345,14<\/li>\n<li>Cargos de n\u00edvel m\u00e9dio e superior<\/li>\n<li><a href=\"http:\/\/www.iades.com.br\/inscricao\/ProcessoSeletivo.aspx?id=c5b3afb6\" target=\"_blank\" rel=\"noopener\">Veja o edital<\/a><\/li>\n<\/ul>\n<p><em><strong>*Por G1<\/strong><\/em><\/p>\n<\/div>\n<\/div>\n<\/div>\n<\/div>\n<\/div>\n","protected":false},"excerpt":{"rendered":"<p>H\u00e1 oportunidades para todos os n\u00edveis de escolaridade Pelo menos 10 \u00f3rg\u00e3os abrem nesta segunda-feira (26) inscri\u00e7\u00f5es em concursos p\u00fablicos para 400 vagas. H\u00e1 oportunidades para todos os n\u00edveis de escolaridade. O maior concurso \u00e9 o da prefeitura de \u00c1gua Boa, em Mato Grosso, com 131 vagas. Os sal\u00e1rios chegam a R$ 6.312,90. CONFIRA A [&hellip;]<\/p>\n","protected":false},"author":2,"featured_media":0,"comment_status":"open","ping_status":"open","sticky":false,"template":"","format":"standard","meta":{"_acf_changed":false,"_monsterinsights_skip_tracking":false,"_monsterinsights_sitenote_active":false,"_monsterinsights_sitenote_note":"","_monsterinsights_sitenote_category":0,"_jetpack_memberships_contains_paid_content":false,"footnotes":"","jetpack_publicize_message":"","jetpack_publicize_feature_enabled":true,"jetpack_social_post_already_shared":true,"jetpack_social_options":{"image_generator_settings":{"template":"highway","default_image_id":0,"font":"","enabled":false},"version":2}},"categories":[5,1],"tags":[],"class_list":["post-29459","post","type-post","status-publish","format-standard","hentry","category-cotidiano","category-noticias"],"acf":[],"jetpack_publicize_connections":[],"jetpack_featured_media_url":"","jetpack_sharing_enabled":true,"publishpress_future_workflow_manual_trigger":{"enabledWorkflows":[]},"_links":{"self":[{"href":"https:\/\/blogdoeloiltoncajuhy.com.br\/site\/wp-json\/wp\/v2\/posts\/29459","targetHints":{"allow":["GET"]}}],"collection":[{"href":"https:\/\/blogdoeloiltoncajuhy.com.br\/site\/wp-json\/wp\/v2\/posts"}],"about":[{"href":"https:\/\/blogdoeloiltoncajuhy.com.br\/site\/wp-json\/wp\/v2\/types\/post"}],"author":[{"embeddable":true,"href":"https:\/\/blogdoeloiltoncajuhy.com.br\/site\/wp-json\/wp\/v2\/users\/2"}],"replies":[{"embeddable":true,"href":"https:\/\/blogdoeloiltoncajuhy.com.br\/site\/wp-json\/wp\/v2\/comments?post=29459"}],"version-history":[{"count":1,"href":"https:\/\/blogdoeloiltoncajuhy.com.br\/site\/wp-json\/wp\/v2\/posts\/29459\/revisions"}],"predecessor-version":[{"id":29460,"href":"https:\/\/blogdoeloiltoncajuhy.com.br\/site\/wp-json\/wp\/v2\/posts\/29459\/revisions\/29460"}],"wp:attachment":[{"href":"https:\/\/blogdoeloiltoncajuhy.com.br\/site\/wp-json\/wp\/v2\/media?parent=29459"}],"wp:term":[{"taxonomy":"category","embeddable":true,"href":"https:\/\/blogdoeloiltoncajuhy.com.br\/site\/wp-json\/wp\/v2\/categories?post=29459"},{"taxonomy":"post_tag","embeddable":true,"href":"https:\/\/blogdoeloiltoncajuhy.com.br\/site\/wp-json\/wp\/v2\/tags?post=29459"}],"curies":[{"name":"wp","href":"https:\/\/api.w.org\/{rel}","templated":true}]}}