{"id":29454,"date":"2018-11-25T08:33:54","date_gmt":"2018-11-25T11:33:54","guid":{"rendered":"http:\/\/blogdoeloiltoncajuhy.com.br\/site\/?p=29454"},"modified":"2018-11-25T08:35:08","modified_gmt":"2018-11-25T11:35:08","slug":"serie-b-csa-e-avai-confirmam-o-acesso-ao-lado-de-fortaleza-e-goias","status":"publish","type":"post","link":"https:\/\/blogdoeloiltoncajuhy.com.br\/site\/serie-b-csa-e-avai-confirmam-o-acesso-ao-lado-de-fortaleza-e-goias\/","title":{"rendered":"S\u00c9RIE B: CSA e Ava\u00ed confirmam o acesso ao lado de Fortaleza e Goi\u00e1s"},"content":{"rendered":"<h5 style=\"text-align: center;\"><em>J\u00e1 o Paysandu se juntou a Sampaio Corr\u00eaa, Juventude e Boa Esporte &#8211; todos rebaixados \u00e0 S\u00e9rie C<\/em><\/h5>\n<figure id=\"attachment_29455\" aria-describedby=\"caption-attachment-29455\" style=\"width: 700px\" class=\"wp-caption aligncenter\"><a href=\"https:\/\/i0.wp.com\/blogdoeloiltoncajuhy.com.br\/site\/wp-content\/uploads\/2018\/11\/CSA.jpg\"><img data-recalc-dims=\"1\" fetchpriority=\"high\" decoding=\"async\" class=\"wp-image-29455 size-full\" src=\"https:\/\/i0.wp.com\/blogdoeloiltoncajuhy.com.br\/site\/wp-content\/uploads\/2018\/11\/CSA.jpg?resize=700%2C484\" alt=\"\" width=\"700\" height=\"484\" srcset=\"https:\/\/i0.wp.com\/blogdoeloiltoncajuhy.com.br\/site\/wp-content\/uploads\/2018\/11\/CSA.jpg?w=700&amp;ssl=1 700w, https:\/\/i0.wp.com\/blogdoeloiltoncajuhy.com.br\/site\/wp-content\/uploads\/2018\/11\/CSA.jpg?resize=300%2C207&amp;ssl=1 300w, https:\/\/i0.wp.com\/blogdoeloiltoncajuhy.com.br\/site\/wp-content\/uploads\/2018\/11\/CSA.jpg?resize=250%2C173&amp;ssl=1 250w\" sizes=\"(max-width: 700px) 100vw, 700px\" \/><\/a><figcaption id=\"caption-attachment-29455\" class=\"wp-caption-text\">Foto: Divulga\u00e7\u00e3o<\/figcaption><\/figure>\n<p>Encerrada a edi\u00e7\u00e3o 2018 da S\u00e9rie B do Campeonato Brasileiro. Ap\u00f3s os acessos do campe\u00e3o Fortaleza e do Goi\u00e1s, CSA e Ava\u00ed tamb\u00e9m garantiram presen\u00e7as na S\u00e9rie A de 2019. O Paysandu, por outro lado, se juntou a Sampaio Corr\u00eaa, Juventude e Boa Esporte na S\u00e9rie C.<\/p>\n<p>O CSA fez muito bem a sua parte, ao golear o Juventude, por 4 a 0, em Caxias do Sul (RS), terminando com 62 pontos, como vice-campe\u00e3o. O Ava\u00ed segurou o empate sem gols no confronto direto ante a Ponte Preta, na Ressacada, em Florian\u00f3polis (SC), terminando com 61 pontos, em terceiro lugar.<\/p>\n<p>O Goi\u00e1s, por sua vez, encerrou sua participa\u00e7\u00e3o no quarto lugar, com 60 pontos, mesma pontua\u00e7\u00e3o da Ponte Preta que sobrou na disputa. A Macaca terminou em quinto por ter menos vit\u00f3rias do que o time goiano: 18 a 16.<\/p>\n<p><strong>Campanhas do quarteto!<\/strong><\/p>\n<p>O Fortaleza, de Rog\u00e9rio Ceni, foi o primeiro time a garantir o acesso. Depois sagrou-se campe\u00e3o. Voltar\u00e1 \u00e0 elite em 2019, 13 anos ap\u00f3s sua \u00faltima participa\u00e7\u00e3o. O tricolor cearense teve uma campanha regular, ficando no G4 em 37 rodadas. Fez a melhor campanha, com 21 vit\u00f3rias, com 62,3% de aproveitamento.<\/p>\n<p><strong>Volta ap\u00f3s 37 anos<\/strong><\/p>\n<p>Fora da elite desde 1987, quando participou do M\u00f3dulo Amarelo, o CSA fez uma boa campanha, ficando 34 rodadas no G4. Mas saiu, justamente, na pen\u00faltima rodada, dando um susto em sua torcida. O seu t\u00e9cnico, Marcelo Cabo, j\u00e1 tinha subido com o Atl\u00e9tico-GO, em 2016.<\/p>\n<p>Sob o comando de Geninho, de 70 anos, o Ava\u00ed fez uma campanha regular em busca do acesso. Esteve 27 rodadas no G4, sendo que depois da 28.\u00aa rodada s\u00f3 ficou entre os primeiros colocados. A sua \u00faltima participa\u00e7\u00e3o no Brasileir\u00e3o ocorreu em 2015.<\/p>\n<p>O Goi\u00e1s teve um come\u00e7o irregular. Ficou nove rodadas no Z4, zona de rebaixamento, mas depois reagiu na troca de t\u00e9cnicos. Saiu H\u00e9lio dos Anjos e entrou Ney Franco. No total, ficou 15 rodadas no G4, desde a 24.\u00aa rodada. Volta \u00e0 elite ap\u00f3s quatro anos \u2013 caiu em 2015.<\/p>\n<p><strong>Rebaixados e tristeza<\/strong><\/p>\n<p>Festa de alguns, tristeza de outros. O quarto time rebaixado \u00e0 S\u00e9rie C em 2019 \u00e9 o Paysandu que perdeu em casa, na Curuzu, para o Atl\u00e9tico-GO, por 5 a 2. Ficou com 43 pontos, em 17.\u00ba lugar. Oeste e Figueirense, com 46 pontos, se livraram da queda.\u00a0Antes da \u00faltima rodada, j\u00e1 tinham seus destinos tra\u00e7ados o Boa Esporte, Juventude e Sampaio Corr\u00eaa.<\/p>\n<p><em><strong>*Futebol Interior<\/strong><\/em><\/p>\n<p><strong>Confira os resultados da \u00faltima rodada da S\u00e9rie B 2018:<\/strong><\/p>\n<p><a href=\"https:\/\/i0.wp.com\/blogdoeloiltoncajuhy.com.br\/site\/wp-content\/uploads\/2018\/11\/serieB_final_01.jpg\"><img data-recalc-dims=\"1\" decoding=\"async\" class=\"aligncenter size-full wp-image-29456\" src=\"https:\/\/i0.wp.com\/blogdoeloiltoncajuhy.com.br\/site\/wp-content\/uploads\/2018\/11\/serieB_final_01.jpg?resize=293%2C429\" alt=\"\" width=\"293\" height=\"429\" srcset=\"https:\/\/i0.wp.com\/blogdoeloiltoncajuhy.com.br\/site\/wp-content\/uploads\/2018\/11\/serieB_final_01.jpg?w=293&amp;ssl=1 293w, https:\/\/i0.wp.com\/blogdoeloiltoncajuhy.com.br\/site\/wp-content\/uploads\/2018\/11\/serieB_final_01.jpg?resize=205%2C300&amp;ssl=1 205w, https:\/\/i0.wp.com\/blogdoeloiltoncajuhy.com.br\/site\/wp-content\/uploads\/2018\/11\/serieB_final_01.jpg?resize=171%2C250&amp;ssl=1 171w\" sizes=\"(max-width: 293px) 100vw, 293px\" \/><\/a> <a href=\"https:\/\/i0.wp.com\/blogdoeloiltoncajuhy.com.br\/site\/wp-content\/uploads\/2018\/11\/serieB_final_02.jpg\"><img data-recalc-dims=\"1\" decoding=\"async\" class=\"aligncenter size-full wp-image-29457\" src=\"https:\/\/i0.wp.com\/blogdoeloiltoncajuhy.com.br\/site\/wp-content\/uploads\/2018\/11\/serieB_final_02.jpg?resize=300%2C433\" alt=\"\" width=\"300\" height=\"433\" srcset=\"https:\/\/i0.wp.com\/blogdoeloiltoncajuhy.com.br\/site\/wp-content\/uploads\/2018\/11\/serieB_final_02.jpg?w=300&amp;ssl=1 300w, https:\/\/i0.wp.com\/blogdoeloiltoncajuhy.com.br\/site\/wp-content\/uploads\/2018\/11\/serieB_final_02.jpg?resize=208%2C300&amp;ssl=1 208w, https:\/\/i0.wp.com\/blogdoeloiltoncajuhy.com.br\/site\/wp-content\/uploads\/2018\/11\/serieB_final_02.jpg?resize=173%2C250&amp;ssl=1 173w\" sizes=\"(max-width: 300px) 100vw, 300px\" \/><\/a><\/p>\n","protected":false},"excerpt":{"rendered":"<p>J\u00e1 o Paysandu se juntou a Sampaio Corr\u00eaa, Juventude e Boa Esporte &#8211; todos rebaixados \u00e0 S\u00e9rie C Encerrada a edi\u00e7\u00e3o 2018 da S\u00e9rie B do Campeonato Brasileiro. Ap\u00f3s os acessos do campe\u00e3o Fortaleza e do Goi\u00e1s, CSA e Ava\u00ed tamb\u00e9m garantiram presen\u00e7as na S\u00e9rie A de 2019. O Paysandu, por outro lado, se juntou [&hellip;]<\/p>\n","protected":false},"author":2,"featured_media":29457,"comment_status":"open","ping_status":"open","sticky":false,"template":"","format":"standard","meta":{"_acf_changed":false,"_monsterinsights_skip_tracking":false,"_monsterinsights_sitenote_active":false,"_monsterinsights_sitenote_note":"","_monsterinsights_sitenote_category":0,"_jetpack_memberships_contains_paid_content":false,"footnotes":"","jetpack_publicize_message":"","jetpack_publicize_feature_enabled":true,"jetpack_social_post_already_shared":true,"jetpack_social_options":{"image_generator_settings":{"template":"highway","default_image_id":0,"font":"","enabled":false},"version":2}},"categories":[6,1],"tags":[],"class_list":["post-29454","post","type-post","status-publish","format-standard","has-post-thumbnail","hentry","category-esportes","category-noticias"],"acf":[],"jetpack_publicize_connections":[],"jetpack_featured_media_url":"https:\/\/i0.wp.com\/blogdoeloiltoncajuhy.com.br\/site\/wp-content\/uploads\/2018\/11\/serieB_final_02.jpg?fit=300%2C433&ssl=1","jetpack_sharing_enabled":true,"publishpress_future_workflow_manual_trigger":{"enabledWorkflows":[]},"_links":{"self":[{"href":"https:\/\/blogdoeloiltoncajuhy.com.br\/site\/wp-json\/wp\/v2\/posts\/29454","targetHints":{"allow":["GET"]}}],"collection":[{"href":"https:\/\/blogdoeloiltoncajuhy.com.br\/site\/wp-json\/wp\/v2\/posts"}],"about":[{"href":"https:\/\/blogdoeloiltoncajuhy.com.br\/site\/wp-json\/wp\/v2\/types\/post"}],"author":[{"embeddable":true,"href":"https:\/\/blogdoeloiltoncajuhy.com.br\/site\/wp-json\/wp\/v2\/users\/2"}],"replies":[{"embeddable":true,"href":"https:\/\/blogdoeloiltoncajuhy.com.br\/site\/wp-json\/wp\/v2\/comments?post=29454"}],"version-history":[{"count":1,"href":"https:\/\/blogdoeloiltoncajuhy.com.br\/site\/wp-json\/wp\/v2\/posts\/29454\/revisions"}],"predecessor-version":[{"id":29458,"href":"https:\/\/blogdoeloiltoncajuhy.com.br\/site\/wp-json\/wp\/v2\/posts\/29454\/revisions\/29458"}],"wp:featuredmedia":[{"embeddable":true,"href":"https:\/\/blogdoeloiltoncajuhy.com.br\/site\/wp-json\/wp\/v2\/media\/29457"}],"wp:attachment":[{"href":"https:\/\/blogdoeloiltoncajuhy.com.br\/site\/wp-json\/wp\/v2\/media?parent=29454"}],"wp:term":[{"taxonomy":"category","embeddable":true,"href":"https:\/\/blogdoeloiltoncajuhy.com.br\/site\/wp-json\/wp\/v2\/categories?post=29454"},{"taxonomy":"post_tag","embeddable":true,"href":"https:\/\/blogdoeloiltoncajuhy.com.br\/site\/wp-json\/wp\/v2\/tags?post=29454"}],"curies":[{"name":"wp","href":"https:\/\/api.w.org\/{rel}","templated":true}]}}