{"id":29425,"date":"2018-11-24T09:30:10","date_gmt":"2018-11-24T12:30:10","guid":{"rendered":"http:\/\/blogdoeloiltoncajuhy.com.br\/site\/?p=29425"},"modified":"2018-11-24T09:31:44","modified_gmt":"2018-11-24T12:31:44","slug":"dia-do-bem-promove-acoes-solidarias-no-distrito-de-tijuacu-em-senhor-do-bonfim","status":"publish","type":"post","link":"https:\/\/blogdoeloiltoncajuhy.com.br\/site\/dia-do-bem-promove-acoes-solidarias-no-distrito-de-tijuacu-em-senhor-do-bonfim\/","title":{"rendered":"&#8220;Dia do Bem&#8221; promove a\u00e7\u00f5es solid\u00e1rias no distrito de Tijua\u00e7u, em Senhor do Bonfim"},"content":{"rendered":"<p><a href=\"https:\/\/i0.wp.com\/blogdoeloiltoncajuhy.com.br\/site\/wp-content\/uploads\/2018\/11\/dia-do-bem.jpg\"><img data-recalc-dims=\"1\" fetchpriority=\"high\" decoding=\"async\" class=\"aligncenter wp-image-29426\" src=\"https:\/\/i0.wp.com\/blogdoeloiltoncajuhy.com.br\/site\/wp-content\/uploads\/2018\/11\/dia-do-bem.jpg?resize=500%2C474\" alt=\"\" width=\"500\" height=\"474\" srcset=\"https:\/\/i0.wp.com\/blogdoeloiltoncajuhy.com.br\/site\/wp-content\/uploads\/2018\/11\/dia-do-bem.jpg?w=1200&amp;ssl=1 1200w, https:\/\/i0.wp.com\/blogdoeloiltoncajuhy.com.br\/site\/wp-content\/uploads\/2018\/11\/dia-do-bem.jpg?resize=300%2C285&amp;ssl=1 300w, https:\/\/i0.wp.com\/blogdoeloiltoncajuhy.com.br\/site\/wp-content\/uploads\/2018\/11\/dia-do-bem.jpg?resize=768%2C728&amp;ssl=1 768w, https:\/\/i0.wp.com\/blogdoeloiltoncajuhy.com.br\/site\/wp-content\/uploads\/2018\/11\/dia-do-bem.jpg?resize=1024%2C971&amp;ssl=1 1024w, https:\/\/i0.wp.com\/blogdoeloiltoncajuhy.com.br\/site\/wp-content\/uploads\/2018\/11\/dia-do-bem.jpg?resize=250%2C237&amp;ssl=1 250w\" sizes=\"(max-width: 500px) 100vw, 500px\" \/><\/a>Neste domingo, dia 25, das 10 \u00e0s 17 horas, o distrito de Tijua\u00e7u, em Senhor do Bonfim, recebe o <strong>&#8220;Dia do Bem&#8221;<\/strong>, um projeto social volunt\u00e1rio que vai promover uma s\u00e9rie de a\u00e7\u00f5es solid\u00e1rias \u00e0 comunidade local. O evento ser\u00e1 realizado na Escola Municipal de Primeiro Grau, Centro de Tijua\u00e7u.<\/p>\n<p>A mobiliza\u00e7\u00e3o \u00e9 uma iniciativa da Igreja Presbiteriana de Filad\u00e9lfia, com apoio do Instituto Presbiteriano Vida e do Programa Mackenzie Volunt\u00e1rio.<\/p>\n<p><strong>Confira os servi\u00e7os que ser\u00e3o disponibilizados gratuitamente:<\/strong><\/p>\n<p><em><strong>Sa\u00fade:<\/strong><\/em><br \/>\nVerifica\u00e7\u00e3o de Press\u00e3o Arterial;<br \/>\nTeste de Glicemia;<br \/>\nTeste R\u00e1pido: HIV, S\u00edfilis e Hepatite.<\/p>\n<p><em><strong>Beleza:<\/strong><\/em><br \/>\nCorte de Cabelo;<br \/>\nEscova;<br \/>\nTran\u00e7as;<br \/>\nManicure.<\/p>\n<p><em><strong>Orienta\u00e7\u00e3o Jur\u00eddica.<\/strong><\/em><\/p>\n<p><em><strong>Atividades recreativas com crian\u00e7as.<\/strong><\/em><\/p>\n<p>Participe!<\/p>\n<p><em><strong>*Fonte: Comunica\u00e7\u00e3o IP Filad\u00e9lfia<\/strong><\/em><\/p>\n","protected":false},"excerpt":{"rendered":"<p>Neste domingo, dia 25, das 10 \u00e0s 17 horas, o distrito de Tijua\u00e7u, em Senhor do Bonfim, recebe o &#8220;Dia do Bem&#8221;, um projeto social volunt\u00e1rio que vai promover uma s\u00e9rie de a\u00e7\u00f5es solid\u00e1rias \u00e0 comunidade local. O evento ser\u00e1 realizado na Escola Municipal de Primeiro Grau, Centro de Tijua\u00e7u. A mobiliza\u00e7\u00e3o \u00e9 uma iniciativa [&hellip;]<\/p>\n","protected":false},"author":2,"featured_media":29426,"comment_status":"open","ping_status":"open","sticky":false,"template":"","format":"standard","meta":{"_acf_changed":false,"_monsterinsights_skip_tracking":false,"_monsterinsights_sitenote_active":false,"_monsterinsights_sitenote_note":"","_monsterinsights_sitenote_category":0,"_jetpack_memberships_contains_paid_content":false,"footnotes":"","jetpack_publicize_message":"","jetpack_publicize_feature_enabled":true,"jetpack_social_post_already_shared":true,"jetpack_social_options":{"image_generator_settings":{"template":"highway","default_image_id":0,"font":"","enabled":false},"version":2}},"categories":[5,1,4],"tags":[],"class_list":["post-29425","post","type-post","status-publish","format-standard","has-post-thumbnail","hentry","category-cotidiano","category-noticias","category-local"],"acf":[],"jetpack_publicize_connections":[],"jetpack_featured_media_url":"https:\/\/i0.wp.com\/blogdoeloiltoncajuhy.com.br\/site\/wp-content\/uploads\/2018\/11\/dia-do-bem.jpg?fit=1200%2C1138&ssl=1","jetpack_sharing_enabled":true,"publishpress_future_workflow_manual_trigger":{"enabledWorkflows":[]},"_links":{"self":[{"href":"https:\/\/blogdoeloiltoncajuhy.com.br\/site\/wp-json\/wp\/v2\/posts\/29425","targetHints":{"allow":["GET"]}}],"collection":[{"href":"https:\/\/blogdoeloiltoncajuhy.com.br\/site\/wp-json\/wp\/v2\/posts"}],"about":[{"href":"https:\/\/blogdoeloiltoncajuhy.com.br\/site\/wp-json\/wp\/v2\/types\/post"}],"author":[{"embeddable":true,"href":"https:\/\/blogdoeloiltoncajuhy.com.br\/site\/wp-json\/wp\/v2\/users\/2"}],"replies":[{"embeddable":true,"href":"https:\/\/blogdoeloiltoncajuhy.com.br\/site\/wp-json\/wp\/v2\/comments?post=29425"}],"version-history":[{"count":2,"href":"https:\/\/blogdoeloiltoncajuhy.com.br\/site\/wp-json\/wp\/v2\/posts\/29425\/revisions"}],"predecessor-version":[{"id":29428,"href":"https:\/\/blogdoeloiltoncajuhy.com.br\/site\/wp-json\/wp\/v2\/posts\/29425\/revisions\/29428"}],"wp:featuredmedia":[{"embeddable":true,"href":"https:\/\/blogdoeloiltoncajuhy.com.br\/site\/wp-json\/wp\/v2\/media\/29426"}],"wp:attachment":[{"href":"https:\/\/blogdoeloiltoncajuhy.com.br\/site\/wp-json\/wp\/v2\/media?parent=29425"}],"wp:term":[{"taxonomy":"category","embeddable":true,"href":"https:\/\/blogdoeloiltoncajuhy.com.br\/site\/wp-json\/wp\/v2\/categories?post=29425"},{"taxonomy":"post_tag","embeddable":true,"href":"https:\/\/blogdoeloiltoncajuhy.com.br\/site\/wp-json\/wp\/v2\/tags?post=29425"}],"curies":[{"name":"wp","href":"https:\/\/api.w.org\/{rel}","templated":true}]}}