{"id":29422,"date":"2018-11-24T08:41:15","date_gmt":"2018-11-24T11:41:15","guid":{"rendered":"http:\/\/blogdoeloiltoncajuhy.com.br\/site\/?p=29422"},"modified":"2018-11-24T08:41:15","modified_gmt":"2018-11-24T11:41:15","slug":"defensoria-publica-da-ba-abre-77-vagas-de-contratacao-temporaria-para-niveis-superior-medio-e-tecnico","status":"publish","type":"post","link":"https:\/\/blogdoeloiltoncajuhy.com.br\/site\/defensoria-publica-da-ba-abre-77-vagas-de-contratacao-temporaria-para-niveis-superior-medio-e-tecnico\/","title":{"rendered":"Defensoria P\u00fablica da BA abre 77 vagas de contrata\u00e7\u00e3o tempor\u00e1ria para n\u00edveis superior, m\u00e9dio e t\u00e9cnico"},"content":{"rendered":"<h5 style=\"text-align: center;\"><em>Outras 15 vagas s\u00e3o para forma\u00e7\u00e3o de cadastro reserva. Inscri\u00e7\u00f5es est\u00e3o abertas a partir do dia 30. Sal\u00e1rios v\u00e3o at\u00e9 R$ 2.614<\/em><\/h5>\n<figure id=\"attachment_29423\" aria-describedby=\"caption-attachment-29423\" style=\"width: 984px\" class=\"wp-caption aligncenter\"><a href=\"https:\/\/i0.wp.com\/blogdoeloiltoncajuhy.com.br\/site\/wp-content\/uploads\/2018\/11\/defensoria-publicaBA.jpg\"><img data-recalc-dims=\"1\" fetchpriority=\"high\" decoding=\"async\" class=\"wp-image-29423 size-full\" src=\"https:\/\/i0.wp.com\/blogdoeloiltoncajuhy.com.br\/site\/wp-content\/uploads\/2018\/11\/defensoria-publicaBA.jpg?resize=800%2C530\" alt=\"\" width=\"800\" height=\"530\" srcset=\"https:\/\/i0.wp.com\/blogdoeloiltoncajuhy.com.br\/site\/wp-content\/uploads\/2018\/11\/defensoria-publicaBA.jpg?w=984&amp;ssl=1 984w, https:\/\/i0.wp.com\/blogdoeloiltoncajuhy.com.br\/site\/wp-content\/uploads\/2018\/11\/defensoria-publicaBA.jpg?resize=300%2C199&amp;ssl=1 300w, https:\/\/i0.wp.com\/blogdoeloiltoncajuhy.com.br\/site\/wp-content\/uploads\/2018\/11\/defensoria-publicaBA.jpg?resize=768%2C509&amp;ssl=1 768w, https:\/\/i0.wp.com\/blogdoeloiltoncajuhy.com.br\/site\/wp-content\/uploads\/2018\/11\/defensoria-publicaBA.jpg?resize=250%2C166&amp;ssl=1 250w\" sizes=\"(max-width: 800px) 100vw, 800px\" \/><\/a><figcaption id=\"caption-attachment-29423\" class=\"wp-caption-text\">Provas ser\u00e3o aplicadas no dia 3 de fevereiro de 2019, um domingo \u2014 Foto: Fabiana Figueiredo\/G1<\/figcaption><\/figure>\n<p>A Defensoria P\u00fablica do Estado da Bahia (DPE-BA) divulgou, nesta sexta-feira (23), edital de processo seletivo para contrata\u00e7\u00e3o tempor\u00e1ria com 77 vagas divididas entre n\u00edvel superior (41), t\u00e9cnico (33) e m\u00e9dio t\u00e9cnico (3). Inscri\u00e7\u00f5es estar\u00e3o abertas a partir da pr\u00f3xima sexta (30).<\/p>\n<p>Al\u00e9m disso, o edital tamb\u00e9m prev\u00ea 15 vagas para forma\u00e7\u00e3o de cadastro reserva: 13 cargos de n\u00edvel superior, um de n\u00edvel m\u00e9dio e um de n\u00edvel m\u00e9dio t\u00e9cnico. O edital \u00e9 para contrata\u00e7\u00e3o sob o Regime Especial de Direito Administrativo (Reda).<\/p>\n<p>O valor da taxa de inscri\u00e7\u00e3o \u00e9 de R$ 70 para cargo de analista t\u00e9cnico (n\u00edvel superior) e de R$ 50 para os cargos de agente administrativo (m\u00e9dio) e t\u00e9cnico em inform\u00e1tica (m\u00e9dio t\u00e9cnico). O cadastro pode ser feito no <a href=\"http:\/\/www.selecao.uneb.br\/\"><span style=\"color: #0000ff;\"><em><strong>site da Uneb<\/strong><\/em><\/span><\/a>.<\/p>\n<p>O sal\u00e1rio oferecido para o cargo de n\u00edvel superior \u00e9 de R$ 2.614,65. Para os n\u00edveis m\u00e9dio e t\u00e9cnico \u00e9 de R$ 1.543,99. A carga hor\u00e1ria \u00e9 de 40 horas semanais.<\/p>\n<p>As vagas de n\u00edvel superior s\u00e3o para profissionais com forma\u00e7\u00e3o em direito, administra\u00e7\u00e3o, ci\u00eancias cont\u00e1beis, secretariado executivo, tecnologia em an\u00e1lise e desenvolvimento de sistemas, tecnologia em rede de computadores, jornalismo, design, produ\u00e7\u00e3o audiovisual, arquitetura, engenharia civil, engenharia el\u00e9trica e pedagogia.<\/p>\n<p>As provas ser\u00e3o aplicadas no dia 3 de fevereiro de 2019 (domingo). Os locais e hor\u00e1rios ser\u00e3o divulgados no dia 28 de janeiro. O edital do concurso prev\u00ea cota de 5% para pessoas com defici\u00eancia, 30% para negros e\/ou pardos e 2% para ind\u00edgenas.<\/p>\n<p><em><strong>*Por G1 BA<\/strong><\/em><\/p>\n","protected":false},"excerpt":{"rendered":"<p>Outras 15 vagas s\u00e3o para forma\u00e7\u00e3o de cadastro reserva. Inscri\u00e7\u00f5es est\u00e3o abertas a partir do dia 30. Sal\u00e1rios v\u00e3o at\u00e9 R$ 2.614 A Defensoria P\u00fablica do Estado da Bahia (DPE-BA) divulgou, nesta sexta-feira (23), edital de processo seletivo para contrata\u00e7\u00e3o tempor\u00e1ria com 77 vagas divididas entre n\u00edvel superior (41), t\u00e9cnico (33) e m\u00e9dio t\u00e9cnico (3). [&hellip;]<\/p>\n","protected":false},"author":2,"featured_media":29423,"comment_status":"open","ping_status":"open","sticky":false,"template":"","format":"standard","meta":{"_acf_changed":false,"_monsterinsights_skip_tracking":false,"_monsterinsights_sitenote_active":false,"_monsterinsights_sitenote_note":"","_monsterinsights_sitenote_category":0,"_jetpack_memberships_contains_paid_content":false,"footnotes":"","jetpack_publicize_message":"","jetpack_publicize_feature_enabled":true,"jetpack_social_post_already_shared":true,"jetpack_social_options":{"image_generator_settings":{"template":"highway","default_image_id":0,"font":"","enabled":false},"version":2}},"categories":[5,1],"tags":[],"class_list":["post-29422","post","type-post","status-publish","format-standard","has-post-thumbnail","hentry","category-cotidiano","category-noticias"],"acf":[],"jetpack_publicize_connections":[],"jetpack_featured_media_url":"https:\/\/i0.wp.com\/blogdoeloiltoncajuhy.com.br\/site\/wp-content\/uploads\/2018\/11\/defensoria-publicaBA.jpg?fit=984%2C652&ssl=1","jetpack_sharing_enabled":true,"publishpress_future_workflow_manual_trigger":{"enabledWorkflows":[]},"_links":{"self":[{"href":"https:\/\/blogdoeloiltoncajuhy.com.br\/site\/wp-json\/wp\/v2\/posts\/29422","targetHints":{"allow":["GET"]}}],"collection":[{"href":"https:\/\/blogdoeloiltoncajuhy.com.br\/site\/wp-json\/wp\/v2\/posts"}],"about":[{"href":"https:\/\/blogdoeloiltoncajuhy.com.br\/site\/wp-json\/wp\/v2\/types\/post"}],"author":[{"embeddable":true,"href":"https:\/\/blogdoeloiltoncajuhy.com.br\/site\/wp-json\/wp\/v2\/users\/2"}],"replies":[{"embeddable":true,"href":"https:\/\/blogdoeloiltoncajuhy.com.br\/site\/wp-json\/wp\/v2\/comments?post=29422"}],"version-history":[{"count":1,"href":"https:\/\/blogdoeloiltoncajuhy.com.br\/site\/wp-json\/wp\/v2\/posts\/29422\/revisions"}],"predecessor-version":[{"id":29424,"href":"https:\/\/blogdoeloiltoncajuhy.com.br\/site\/wp-json\/wp\/v2\/posts\/29422\/revisions\/29424"}],"wp:featuredmedia":[{"embeddable":true,"href":"https:\/\/blogdoeloiltoncajuhy.com.br\/site\/wp-json\/wp\/v2\/media\/29423"}],"wp:attachment":[{"href":"https:\/\/blogdoeloiltoncajuhy.com.br\/site\/wp-json\/wp\/v2\/media?parent=29422"}],"wp:term":[{"taxonomy":"category","embeddable":true,"href":"https:\/\/blogdoeloiltoncajuhy.com.br\/site\/wp-json\/wp\/v2\/categories?post=29422"},{"taxonomy":"post_tag","embeddable":true,"href":"https:\/\/blogdoeloiltoncajuhy.com.br\/site\/wp-json\/wp\/v2\/tags?post=29422"}],"curies":[{"name":"wp","href":"https:\/\/api.w.org\/{rel}","templated":true}]}}