{"id":29413,"date":"2018-11-23T21:52:17","date_gmt":"2018-11-24T00:52:17","guid":{"rendered":"http:\/\/blogdoeloiltoncajuhy.com.br\/site\/?p=29413"},"modified":"2018-11-23T21:52:17","modified_gmt":"2018-11-24T00:52:17","slug":"senhor-do-bonfim-realiza-semana-nacional-de-mobilizacao-contra-o-aedes-aegypti","status":"publish","type":"post","link":"https:\/\/blogdoeloiltoncajuhy.com.br\/site\/senhor-do-bonfim-realiza-semana-nacional-de-mobilizacao-contra-o-aedes-aegypti\/","title":{"rendered":"Senhor do Bonfim realiza Semana Nacional de Mobiliza\u00e7\u00e3o contra o Aedes aegypti"},"content":{"rendered":"<h5 style=\"text-align: center;\"><em>Agentes de Endemias divulgam a\u00e7\u00f5es contra o Aedes aegypti no munic\u00edpio<\/em><\/h5>\n<div>\n<p><a href=\"https:\/\/i0.wp.com\/blogdoeloiltoncajuhy.com.br\/site\/wp-content\/uploads\/2018\/11\/moblizacao-dengue_2018-01.jpg\"><img data-recalc-dims=\"1\" fetchpriority=\"high\" decoding=\"async\" class=\"aligncenter size-full wp-image-29414\" src=\"https:\/\/i0.wp.com\/blogdoeloiltoncajuhy.com.br\/site\/wp-content\/uploads\/2018\/11\/moblizacao-dengue_2018-01.jpg?resize=800%2C600\" alt=\"\" width=\"800\" height=\"600\" srcset=\"https:\/\/i0.wp.com\/blogdoeloiltoncajuhy.com.br\/site\/wp-content\/uploads\/2018\/11\/moblizacao-dengue_2018-01.jpg?w=960&amp;ssl=1 960w, https:\/\/i0.wp.com\/blogdoeloiltoncajuhy.com.br\/site\/wp-content\/uploads\/2018\/11\/moblizacao-dengue_2018-01.jpg?resize=300%2C225&amp;ssl=1 300w, https:\/\/i0.wp.com\/blogdoeloiltoncajuhy.com.br\/site\/wp-content\/uploads\/2018\/11\/moblizacao-dengue_2018-01.jpg?resize=768%2C576&amp;ssl=1 768w, https:\/\/i0.wp.com\/blogdoeloiltoncajuhy.com.br\/site\/wp-content\/uploads\/2018\/11\/moblizacao-dengue_2018-01.jpg?resize=250%2C188&amp;ssl=1 250w\" sizes=\"(max-width: 800px) 100vw, 800px\" \/><\/a>Come\u00e7a na pr\u00f3xima segunda-feira (26), em Senhor do Bonfim, e segue at\u00e9 sexta-feira, dia 30 de novembro, a <strong>Semana Nacional de Mobiliza\u00e7\u00e3o contra o Aedes Aegypti<\/strong>.\u00a0A proposta visa sensibilizar a popula\u00e7\u00e3o sobre a import\u00e2ncia da preven\u00e7\u00e3o de doen\u00e7as como a dengue, zika e chikungunya.<\/p>\n<p>A a\u00e7\u00e3o contar\u00e1 com a participa\u00e7\u00e3o da Vigil\u00e2ncia Epidemiol\u00f3gica Municipal (VIEP), Coordena\u00e7\u00e3o da Aten\u00e7\u00e3o B\u00e1sica Municipal, al\u00e9m de professore, pais e alunos de escolas da rede municipal de ensino.<\/p>\n<p>A programa\u00e7\u00e3o contar\u00e1 com palestras, orienta\u00e7\u00f5es, entregas de panfletos, atividades educativas de conscientiza\u00e7\u00e3o nas escolas municipais\u00a0C\u00e2ndido\u00a0Felix, no\u00a0<wbr \/>Alto da Maravilha, e Escola Municipal\u00a0Nivia\u00a0Seixas, no Bonfim III, bem como, intensifica\u00e7\u00e3o casa a casa, tamb\u00e9m com orienta\u00e7\u00f5es e entrega de folhetos da campanha,\u00a0blitz\u00a0e a\u00e7\u00f5es com envolvimentos das secretarias municipais.<\/p>\n<p>Os mutir\u00f5es (faxina\u00e7os) contar\u00e3o com apoio dos Unidades Sa\u00fade da\u00a0Fam\u00edlia\u00a0e dos Agentes Comunit\u00e1rios de Sa\u00fade das Estrat\u00e9gias de Sa\u00fade da Fam\u00edlia (ESFs), que auxiliar\u00e3o no trabalho de visitas nas \u00e1reas de abrang\u00eancia, com entrega de panfletos e com orienta\u00e7\u00e3o.\u00a0Na semana do mutir\u00e3o, tamb\u00e9m haver\u00e1 um levantamento das resid\u00eancias que acumulam reciclagem sem nenhum crit\u00e9rio.<\/p>\n<p><b><a href=\"https:\/\/i0.wp.com\/blogdoeloiltoncajuhy.com.br\/site\/wp-content\/uploads\/2018\/11\/moblizacao-dengue_2018-02.jpg\"><img data-recalc-dims=\"1\" decoding=\"async\" class=\"aligncenter wp-image-29415\" src=\"https:\/\/i0.wp.com\/blogdoeloiltoncajuhy.com.br\/site\/wp-content\/uploads\/2018\/11\/moblizacao-dengue_2018-02.jpg?resize=390%2C520\" alt=\"\" width=\"390\" height=\"520\" srcset=\"https:\/\/i0.wp.com\/blogdoeloiltoncajuhy.com.br\/site\/wp-content\/uploads\/2018\/11\/moblizacao-dengue_2018-02.jpg?w=720&amp;ssl=1 720w, https:\/\/i0.wp.com\/blogdoeloiltoncajuhy.com.br\/site\/wp-content\/uploads\/2018\/11\/moblizacao-dengue_2018-02.jpg?resize=225%2C300&amp;ssl=1 225w, https:\/\/i0.wp.com\/blogdoeloiltoncajuhy.com.br\/site\/wp-content\/uploads\/2018\/11\/moblizacao-dengue_2018-02.jpg?resize=188%2C250&amp;ssl=1 188w\" sizes=\"(max-width: 390px) 100vw, 390px\" \/><\/a>Programa\u00e7\u00e3o<\/b><\/p>\n<p><b>Segunda-feira (26):<\/b><\/p>\n<p>\u00c0s 9h haver\u00e1 uma roda de conversa com o Gr\u00eamio Estudantil da Escola Municipal\u00a0C\u00e2ndido\u00a0Felix, no Alto da Maravilha.<\/p>\n<p>No mesmo dia, \u00e0s 15h30 haver\u00e1 uma palestra\u00a0ministrada\u00a0por\u00a0<wbr \/>t\u00e9cnicos\u00a0da Funda\u00e7\u00e3o Nacional de Sa\u00fade (FUNASA), sobre as melhores formas de combater a prolifera\u00e7\u00e3o do Aedes\u00a0Aegypti, orienta\u00e7\u00f5es e entregas de panfletos.<\/p>\n<p><b>Ter\u00e7a-feira (27):<\/b><\/p>\n<p>Visitas em Todos os Pontos\u00a0Estrat\u00e9gicos\u00a0(PEs) cadastrados no\u00a0munic\u00edpio\u00a0para elimina\u00e7\u00e3o, tratamento com a aplica\u00e7\u00e3o de larvicidas e inseticidas nos\u00a0poss\u00edveis\u00a0criadouros.<\/p>\n<p><b>Quarta-feira (28):<\/b><\/p>\n<p>A partir das 9h30, palestra com os professores e alunos do turno vespertino da Escola Municipal\u00a0Nivia\u00a0Seixas, no Bonfim III. \u00c0s 14h30, palestras com pais e alunos do turno matutino.<\/p>\n<p><b>Quinta-feira (29):<\/b><\/p>\n<p>\u00c0s 8h30 ocorrer\u00e1 mobiliza\u00e7\u00e3o e faxina\u00e7o pelas principais ruas do bairro Bonfim III.\u00a0No mesmo dia, \u00e0s 15h30, bloqueio fumac\u00ea nas ruas com maiores indicies de infesta\u00e7\u00e3o apresentados nos\u00a0\u00faltimos Levantamentos de \u00cdndices\u00a0R\u00e1pidos (LIRAa).<\/p>\n<p><b>Sexta-feira (30):<\/b><\/p>\n<p>\u00c0s 8h30, mobiliza\u00e7\u00e3o e faxina\u00e7o nas principais ruas do bairro Alto da Maravilha. \u00c0s 15h30, bloqueio com fumac\u00ea nas ruas com maiores indicies de infesta\u00e7\u00e3o apresentados nos\u00a0\u00faltimos\u00a0Levantamentos de \u00cdndices\u00a0R\u00e1pidos (LIRAa).<\/p>\n<\/div>\n<div>As a\u00e7\u00f5es direcionadas aos bairros Alto da Maravilha e Bonfim III, se deram por conta do alto \u00edndice de infesta\u00e7\u00e3o predial com larva do AEDES AEGYPTI levantados no ultimo LIRAa realizado de 22 a 26 de outubro de 2018.<\/div>\n<div><\/div>\n<div><em><strong>*BLOG DO ELOILTON CAJUHY &#8211; Com informa\u00e7\u00f5es dos Agentes de Combate \u00e0s Endemias<\/strong><\/em><\/div>\n","protected":false},"excerpt":{"rendered":"<p>Agentes de Endemias divulgam a\u00e7\u00f5es contra o Aedes aegypti no munic\u00edpio Come\u00e7a na pr\u00f3xima segunda-feira (26), em Senhor do Bonfim, e segue at\u00e9 sexta-feira, dia 30 de novembro, a Semana Nacional de Mobiliza\u00e7\u00e3o contra o Aedes Aegypti.\u00a0A proposta visa sensibilizar a popula\u00e7\u00e3o sobre a import\u00e2ncia da preven\u00e7\u00e3o de doen\u00e7as como a dengue, zika e chikungunya. [&hellip;]<\/p>\n","protected":false},"author":2,"featured_media":29416,"comment_status":"open","ping_status":"open","sticky":false,"template":"","format":"standard","meta":{"_acf_changed":false,"_monsterinsights_skip_tracking":false,"_monsterinsights_sitenote_active":false,"_monsterinsights_sitenote_note":"","_monsterinsights_sitenote_category":0,"_jetpack_memberships_contains_paid_content":false,"footnotes":"","jetpack_publicize_message":"","jetpack_publicize_feature_enabled":true,"jetpack_social_post_already_shared":true,"jetpack_social_options":{"image_generator_settings":{"template":"highway","default_image_id":0,"font":"","enabled":false},"version":2}},"categories":[1,7,4],"tags":[],"class_list":["post-29413","post","type-post","status-publish","format-standard","has-post-thumbnail","hentry","category-noticias","category-saude","category-local"],"acf":[],"jetpack_publicize_connections":[],"jetpack_featured_media_url":"https:\/\/i0.wp.com\/blogdoeloiltoncajuhy.com.br\/site\/wp-content\/uploads\/2018\/11\/moblizacao-dengue_2018-03.jpg?fit=960%2C720&ssl=1","jetpack_sharing_enabled":true,"publishpress_future_workflow_manual_trigger":{"enabledWorkflows":[]},"_links":{"self":[{"href":"https:\/\/blogdoeloiltoncajuhy.com.br\/site\/wp-json\/wp\/v2\/posts\/29413","targetHints":{"allow":["GET"]}}],"collection":[{"href":"https:\/\/blogdoeloiltoncajuhy.com.br\/site\/wp-json\/wp\/v2\/posts"}],"about":[{"href":"https:\/\/blogdoeloiltoncajuhy.com.br\/site\/wp-json\/wp\/v2\/types\/post"}],"author":[{"embeddable":true,"href":"https:\/\/blogdoeloiltoncajuhy.com.br\/site\/wp-json\/wp\/v2\/users\/2"}],"replies":[{"embeddable":true,"href":"https:\/\/blogdoeloiltoncajuhy.com.br\/site\/wp-json\/wp\/v2\/comments?post=29413"}],"version-history":[{"count":1,"href":"https:\/\/blogdoeloiltoncajuhy.com.br\/site\/wp-json\/wp\/v2\/posts\/29413\/revisions"}],"predecessor-version":[{"id":29417,"href":"https:\/\/blogdoeloiltoncajuhy.com.br\/site\/wp-json\/wp\/v2\/posts\/29413\/revisions\/29417"}],"wp:featuredmedia":[{"embeddable":true,"href":"https:\/\/blogdoeloiltoncajuhy.com.br\/site\/wp-json\/wp\/v2\/media\/29416"}],"wp:attachment":[{"href":"https:\/\/blogdoeloiltoncajuhy.com.br\/site\/wp-json\/wp\/v2\/media?parent=29413"}],"wp:term":[{"taxonomy":"category","embeddable":true,"href":"https:\/\/blogdoeloiltoncajuhy.com.br\/site\/wp-json\/wp\/v2\/categories?post=29413"},{"taxonomy":"post_tag","embeddable":true,"href":"https:\/\/blogdoeloiltoncajuhy.com.br\/site\/wp-json\/wp\/v2\/tags?post=29413"}],"curies":[{"name":"wp","href":"https:\/\/api.w.org\/{rel}","templated":true}]}}