{"id":29398,"date":"2018-11-23T06:45:06","date_gmt":"2018-11-23T09:45:06","guid":{"rendered":"http:\/\/blogdoeloiltoncajuhy.com.br\/site\/?p=29398"},"modified":"2018-11-23T06:46:02","modified_gmt":"2018-11-23T09:46:02","slug":"inscricoes-para-o-sisu-comecam-em-22-de-janeiro","status":"publish","type":"post","link":"https:\/\/blogdoeloiltoncajuhy.com.br\/site\/inscricoes-para-o-sisu-comecam-em-22-de-janeiro\/","title":{"rendered":"Inscri\u00e7\u00f5es para o Sisu come\u00e7am em 22 de janeiro"},"content":{"rendered":"<h5 style=\"text-align: center;\"><em>Estudantes que fizeram o Enem 2018 podem se candidatar a uma das vagas ofertadas pelas 130 institui\u00e7\u00f5es de ensino superior<\/em><\/h5>\n<p><a href=\"https:\/\/i0.wp.com\/blogdoeloiltoncajuhy.com.br\/site\/wp-content\/uploads\/2015\/12\/sisu.jpg\"><img data-recalc-dims=\"1\" fetchpriority=\"high\" decoding=\"async\" class=\"aligncenter size-full wp-image-6748\" src=\"https:\/\/i0.wp.com\/blogdoeloiltoncajuhy.com.br\/site\/wp-content\/uploads\/2015\/12\/sisu.jpg?resize=524%2C338\" alt=\"\" width=\"524\" height=\"338\" srcset=\"https:\/\/i0.wp.com\/blogdoeloiltoncajuhy.com.br\/site\/wp-content\/uploads\/2015\/12\/sisu.jpg?w=524&amp;ssl=1 524w, https:\/\/i0.wp.com\/blogdoeloiltoncajuhy.com.br\/site\/wp-content\/uploads\/2015\/12\/sisu.jpg?resize=300%2C194&amp;ssl=1 300w, https:\/\/i0.wp.com\/blogdoeloiltoncajuhy.com.br\/site\/wp-content\/uploads\/2015\/12\/sisu.jpg?resize=250%2C161&amp;ssl=1 250w\" sizes=\"(max-width: 524px) 100vw, 524px\" \/><\/a>As inscri\u00e7\u00f5es para a primeira edi\u00e7\u00e3o do Sistema de Sele\u00e7\u00e3o Unificada (Sisu) de 2019 come\u00e7am em 22 de janeiro e seguem at\u00e9 as 23h59 do dia 25 do mesmo m\u00eas. O <span style=\"color: #0000ff;\"><strong><a style=\"color: #0000ff;\" href=\"http:\/\/portal.imprensanacional.gov.br\/materia\/-\/asset_publisher\/Kujrw0TZC2Mb\/content\/id\/51093625\/do3-2018-11-21-edital-n-83-de-13-de-novembro-de-2018processo-seletivo-1-edicao-de-2019-sistema-de-selecao-unificada-sisu-51093248\">edital<\/a><\/strong><\/span> com as regras foi publicado nessa quarta-feira (21) no Di\u00e1rio Oficial da Uni\u00e3o.<\/p>\n<p>O Sisu \u00e9 o sistema eletr\u00f4nico por meio do qual 130 institui\u00e7\u00f5es p\u00fablicas de educa\u00e7\u00e3o superior oferecem vagas a candidatos participantes do Exame Nacional do Ensino M\u00e9dio (Enem). Podem se candidatar estudantes que fizeram o exame em 2018 e n\u00e3o tiverem zero na reda\u00e7\u00e3o. O n\u00famero total de vagas oferecidas pelas universidades ainda ser\u00e1 divulgado.<\/p>\n<p>No momento da inscri\u00e7\u00e3o, os interessados devem escolher at\u00e9 duas op\u00e7\u00f5es de cursos em ordem de prefer\u00eancia e a modalidade de concorr\u00eancia (ampla concorr\u00eancia ou a\u00e7\u00f5es afirmativas).<\/p>\n<p><em>\u201cO Sisu \u00e9 uma das formas mais democr\u00e1ticas de ingresso no ensino superior p\u00fablico. O acesso se d\u00e1 por meio de um computador ou celular com acesso \u00e0 internet, propiciando ao candidato maior mobilidade a custo zero\u201d<\/em>, explica Vicente de Paula Almeida Junior, diretor de pol\u00edticas e programas de educa\u00e7\u00e3o superior da Secretaria de Educa\u00e7\u00e3o Superior (Sesu) do MEC.<\/p>\n<p>O resultado ser\u00e1 divulgado em 28 de janeiro de 2019. As matr\u00edculas dos selecionados ser\u00e3o feitas nas institui\u00e7\u00f5es para as quais foram aprovados entre os dias 30 de janeiro e 4 de fevereiro de 2019.<\/p>\n<h4><strong>Enem<\/strong><\/h4>\n<p>Os gabaritos oficiais das provas do Enem 2018 podem ser conferidos no site do Instituto Nacional de Pesquisas Educacionais (Inep). Os resultados finais de cada participante ser\u00e3o divulgados em janeiro do pr\u00f3ximo ano.<\/p>\n<p><em><strong>*Fonte: Governo do Brasil, com informa\u00e7\u00f5es do Minist\u00e9rio da Educa\u00e7\u00e3o e do Sisu<\/strong><\/em><\/p>\n","protected":false},"excerpt":{"rendered":"<p>Estudantes que fizeram o Enem 2018 podem se candidatar a uma das vagas ofertadas pelas 130 institui\u00e7\u00f5es de ensino superior As inscri\u00e7\u00f5es para a primeira edi\u00e7\u00e3o do Sistema de Sele\u00e7\u00e3o Unificada (Sisu) de 2019 come\u00e7am em 22 de janeiro e seguem at\u00e9 as 23h59 do dia 25 do mesmo m\u00eas. O edital com as regras [&hellip;]<\/p>\n","protected":false},"author":2,"featured_media":0,"comment_status":"open","ping_status":"open","sticky":false,"template":"","format":"standard","meta":{"_acf_changed":false,"_monsterinsights_skip_tracking":false,"_monsterinsights_sitenote_active":false,"_monsterinsights_sitenote_note":"","_monsterinsights_sitenote_category":0,"_jetpack_memberships_contains_paid_content":false,"footnotes":"","jetpack_publicize_message":"","jetpack_publicize_feature_enabled":true,"jetpack_social_post_already_shared":true,"jetpack_social_options":{"image_generator_settings":{"template":"highway","default_image_id":0,"font":"","enabled":false},"version":2}},"categories":[14,1],"tags":[],"class_list":["post-29398","post","type-post","status-publish","format-standard","hentry","category-educacao","category-noticias"],"acf":[],"jetpack_publicize_connections":[],"jetpack_featured_media_url":"","jetpack_sharing_enabled":true,"publishpress_future_workflow_manual_trigger":{"enabledWorkflows":[]},"_links":{"self":[{"href":"https:\/\/blogdoeloiltoncajuhy.com.br\/site\/wp-json\/wp\/v2\/posts\/29398","targetHints":{"allow":["GET"]}}],"collection":[{"href":"https:\/\/blogdoeloiltoncajuhy.com.br\/site\/wp-json\/wp\/v2\/posts"}],"about":[{"href":"https:\/\/blogdoeloiltoncajuhy.com.br\/site\/wp-json\/wp\/v2\/types\/post"}],"author":[{"embeddable":true,"href":"https:\/\/blogdoeloiltoncajuhy.com.br\/site\/wp-json\/wp\/v2\/users\/2"}],"replies":[{"embeddable":true,"href":"https:\/\/blogdoeloiltoncajuhy.com.br\/site\/wp-json\/wp\/v2\/comments?post=29398"}],"version-history":[{"count":2,"href":"https:\/\/blogdoeloiltoncajuhy.com.br\/site\/wp-json\/wp\/v2\/posts\/29398\/revisions"}],"predecessor-version":[{"id":29400,"href":"https:\/\/blogdoeloiltoncajuhy.com.br\/site\/wp-json\/wp\/v2\/posts\/29398\/revisions\/29400"}],"wp:attachment":[{"href":"https:\/\/blogdoeloiltoncajuhy.com.br\/site\/wp-json\/wp\/v2\/media?parent=29398"}],"wp:term":[{"taxonomy":"category","embeddable":true,"href":"https:\/\/blogdoeloiltoncajuhy.com.br\/site\/wp-json\/wp\/v2\/categories?post=29398"},{"taxonomy":"post_tag","embeddable":true,"href":"https:\/\/blogdoeloiltoncajuhy.com.br\/site\/wp-json\/wp\/v2\/tags?post=29398"}],"curies":[{"name":"wp","href":"https:\/\/api.w.org\/{rel}","templated":true}]}}