{"id":29393,"date":"2018-11-23T06:32:19","date_gmt":"2018-11-23T09:32:19","guid":{"rendered":"http:\/\/blogdoeloiltoncajuhy.com.br\/site\/?p=29393"},"modified":"2018-11-23T06:33:57","modified_gmt":"2018-11-23T09:33:57","slug":"aposentados-e-pensionistas-recebem-segunda-parcela-do-13o-a-partir-da-proxima-semana","status":"publish","type":"post","link":"https:\/\/blogdoeloiltoncajuhy.com.br\/site\/aposentados-e-pensionistas-recebem-segunda-parcela-do-13o-a-partir-da-proxima-semana\/","title":{"rendered":"Aposentados e pensionistas recebem segunda parcela do 13\u00ba a partir da pr\u00f3xima semana"},"content":{"rendered":"<h5 style=\"text-align: center;\"><em>Em todo o Pa\u00eds, 29,7 milh\u00f5es de benefici\u00e1rios ter\u00e3o direito \u00e0 parcela a partir da pr\u00f3xima segunda-feira (26)<\/em><\/h5>\n<p><a href=\"https:\/\/i0.wp.com\/blogdoeloiltoncajuhy.com.br\/site\/wp-content\/uploads\/2016\/10\/previdencia-inss-aposentadoria-trabalho-e1476354703906.jpg\"><img data-recalc-dims=\"1\" fetchpriority=\"high\" decoding=\"async\" class=\"aligncenter size-full wp-image-12780\" src=\"https:\/\/i0.wp.com\/blogdoeloiltoncajuhy.com.br\/site\/wp-content\/uploads\/2016\/10\/previdencia-inss-aposentadoria-trabalho-e1476354703906.jpg?resize=500%2C300\" alt=\"\" width=\"500\" height=\"300\" \/><\/a>A partir da pr\u00f3xima segunda-feira (26), o Instituto Nacional do Seguro Social (INSS) come\u00e7a a pagar a segunda parcela do 13\u00ba sal\u00e1rio para aposentados e pensionistas. Creditados na folha de pagamento de novembro, os dep\u00f3sitos ser\u00e3o realizados at\u00e9 o dia 7 de dezembro.<\/p>\n<p>A segunda parcela corresponde a 50% do valor de cada benef\u00edcio. No entanto, \u00e9 sobre a segunda parcela que poder\u00e1 incidir o Imposto de Renda. Em todo o Pa\u00eds, 29,7 milh\u00f5es de benefici\u00e1rios receber\u00e3o a segunda e \u00faltima parcela do 13\u00ba. A primeira parte do dinheiro foi pago entre os dias 27 de agosto e 10 de setembro, um total de R$ 20,7 bilh\u00f5es.<\/p>\n<h4><strong>Quem recebe<\/strong><\/h4>\n<p>Por lei, tem direito ao 13\u00ba quem recebeu benef\u00edcio previdenci\u00e1rio de aposentadoria, pens\u00e3o por morte, aux\u00edlio-doen\u00e7a, aux\u00edlio-acidente, aux\u00edlio-reclus\u00e3o ou sal\u00e1rio-maternidade. No caso de aux\u00edlio-doen\u00e7a e sal\u00e1rio-maternidade, o valor do abono anual \u00e9 proporcional ao per\u00edodo recebido. No caso dos que recebem benef\u00edcios assistenciais, como o Benef\u00edcio de Presta\u00e7\u00e3o Continuada (BPC) e o Renda Mensal Vital\u00edcia (RMV), n\u00e3o t\u00eam direito ao abono anual.<\/p>\n<h4><strong><a href=\"https:\/\/i0.wp.com\/blogdoeloiltoncajuhy.com.br\/site\/wp-content\/uploads\/2018\/11\/info-calendario-inss.png\"><img data-recalc-dims=\"1\" decoding=\"async\" class=\"aligncenter wp-image-29395\" src=\"https:\/\/i0.wp.com\/blogdoeloiltoncajuhy.com.br\/site\/wp-content\/uploads\/2018\/11\/info-calendario-inss.png?resize=800%2C270\" alt=\"\" width=\"800\" height=\"270\" srcset=\"https:\/\/i0.wp.com\/blogdoeloiltoncajuhy.com.br\/site\/wp-content\/uploads\/2018\/11\/info-calendario-inss.png?w=960&amp;ssl=1 960w, https:\/\/i0.wp.com\/blogdoeloiltoncajuhy.com.br\/site\/wp-content\/uploads\/2018\/11\/info-calendario-inss.png?resize=300%2C101&amp;ssl=1 300w, https:\/\/i0.wp.com\/blogdoeloiltoncajuhy.com.br\/site\/wp-content\/uploads\/2018\/11\/info-calendario-inss.png?resize=768%2C259&amp;ssl=1 768w, https:\/\/i0.wp.com\/blogdoeloiltoncajuhy.com.br\/site\/wp-content\/uploads\/2018\/11\/info-calendario-inss.png?resize=250%2C84&amp;ssl=1 250w\" sizes=\"(max-width: 800px) 100vw, 800px\" \/><\/a>13\u00ba Sal\u00e1rio<\/strong><\/h4>\n<p>O prazo para pagamento da primeira parcela do 13\u00ba sal\u00e1rio de 2018 para trabalhadores na ativa termina no dia 30 de novembro. Nas localidades onde for feriado, o benef\u00edcio ser\u00e1 pago at\u00e9 o dia 29. Para trabalhadores da iniciativa p\u00fablica e privada, a data limite para a segunda parcela \u00e9 dia 20 de dezembro.<\/p>\n<p>Segundo o Departamento Intersindical de Estat\u00edstica e Estudos Socioecon\u00f4micos (Dieese), a previs\u00e3o \u00e9 de que 84,5 milh\u00f5es de pessoas recebam o 13\u00ba sal\u00e1rio. S\u00e3o 48,7 milh\u00f5es de trabalhadores ativos e 35,8 milh\u00f5es de aposentados e pensionistas. A institui\u00e7\u00e3o estima que R$ 211,2 bilh\u00f5es sejam injetados na economia (R$ 139 milh\u00f5es dos empregados formais ativos). O valor m\u00e9dio do benef\u00edcio \u00e9 de R$ 2.320 por pessoa.<\/p>\n<p><em><strong>*Fonte: Governo do Brasil, com informa\u00e7\u00f5es do Minist\u00e9rio do Trabalho e do INSS<\/strong><\/em><\/p>\n","protected":false},"excerpt":{"rendered":"<p>Em todo o Pa\u00eds, 29,7 milh\u00f5es de benefici\u00e1rios ter\u00e3o direito \u00e0 parcela a partir da pr\u00f3xima segunda-feira (26) A partir da pr\u00f3xima segunda-feira (26), o Instituto Nacional do Seguro Social (INSS) come\u00e7a a pagar a segunda parcela do 13\u00ba sal\u00e1rio para aposentados e pensionistas. Creditados na folha de pagamento de novembro, os dep\u00f3sitos ser\u00e3o realizados [&hellip;]<\/p>\n","protected":false},"author":2,"featured_media":29395,"comment_status":"open","ping_status":"open","sticky":false,"template":"","format":"standard","meta":{"_acf_changed":false,"_monsterinsights_skip_tracking":false,"_monsterinsights_sitenote_active":false,"_monsterinsights_sitenote_note":"","_monsterinsights_sitenote_category":0,"_jetpack_memberships_contains_paid_content":false,"footnotes":"","jetpack_publicize_message":"","jetpack_publicize_feature_enabled":true,"jetpack_social_post_already_shared":true,"jetpack_social_options":{"image_generator_settings":{"template":"highway","default_image_id":0,"font":"","enabled":false},"version":2}},"categories":[5,1],"tags":[],"class_list":["post-29393","post","type-post","status-publish","format-standard","has-post-thumbnail","hentry","category-cotidiano","category-noticias"],"acf":[],"jetpack_publicize_connections":[],"jetpack_featured_media_url":"https:\/\/i0.wp.com\/blogdoeloiltoncajuhy.com.br\/site\/wp-content\/uploads\/2018\/11\/info-calendario-inss.png?fit=960%2C324&ssl=1","jetpack_sharing_enabled":true,"publishpress_future_workflow_manual_trigger":{"enabledWorkflows":[]},"_links":{"self":[{"href":"https:\/\/blogdoeloiltoncajuhy.com.br\/site\/wp-json\/wp\/v2\/posts\/29393","targetHints":{"allow":["GET"]}}],"collection":[{"href":"https:\/\/blogdoeloiltoncajuhy.com.br\/site\/wp-json\/wp\/v2\/posts"}],"about":[{"href":"https:\/\/blogdoeloiltoncajuhy.com.br\/site\/wp-json\/wp\/v2\/types\/post"}],"author":[{"embeddable":true,"href":"https:\/\/blogdoeloiltoncajuhy.com.br\/site\/wp-json\/wp\/v2\/users\/2"}],"replies":[{"embeddable":true,"href":"https:\/\/blogdoeloiltoncajuhy.com.br\/site\/wp-json\/wp\/v2\/comments?post=29393"}],"version-history":[{"count":3,"href":"https:\/\/blogdoeloiltoncajuhy.com.br\/site\/wp-json\/wp\/v2\/posts\/29393\/revisions"}],"predecessor-version":[{"id":29397,"href":"https:\/\/blogdoeloiltoncajuhy.com.br\/site\/wp-json\/wp\/v2\/posts\/29393\/revisions\/29397"}],"wp:featuredmedia":[{"embeddable":true,"href":"https:\/\/blogdoeloiltoncajuhy.com.br\/site\/wp-json\/wp\/v2\/media\/29395"}],"wp:attachment":[{"href":"https:\/\/blogdoeloiltoncajuhy.com.br\/site\/wp-json\/wp\/v2\/media?parent=29393"}],"wp:term":[{"taxonomy":"category","embeddable":true,"href":"https:\/\/blogdoeloiltoncajuhy.com.br\/site\/wp-json\/wp\/v2\/categories?post=29393"},{"taxonomy":"post_tag","embeddable":true,"href":"https:\/\/blogdoeloiltoncajuhy.com.br\/site\/wp-json\/wp\/v2\/tags?post=29393"}],"curies":[{"name":"wp","href":"https:\/\/api.w.org\/{rel}","templated":true}]}}