{"id":29390,"date":"2018-11-23T06:23:17","date_gmt":"2018-11-23T09:23:17","guid":{"rendered":"http:\/\/blogdoeloiltoncajuhy.com.br\/site\/?p=29390"},"modified":"2018-11-23T06:23:17","modified_gmt":"2018-11-23T09:23:17","slug":"inscricoes-para-o-mais-medicos-sao-prorrogadas-ate-7-de-dezembro","status":"publish","type":"post","link":"https:\/\/blogdoeloiltoncajuhy.com.br\/site\/inscricoes-para-o-mais-medicos-sao-prorrogadas-ate-7-de-dezembro\/","title":{"rendered":"Inscri\u00e7\u00f5es para o Mais M\u00e9dicos s\u00e3o prorrogadas at\u00e9 7 de dezembro"},"content":{"rendered":"<p>O Minist\u00e9rio da Sa\u00fade prorrogou para o dia 7 de dezembro o prazo de inscri\u00e7\u00e3o de profissionais brasileiros e estrangeiros com registro no Brasil que queiram participar da nova sele\u00e7\u00e3o do Programa Mais M\u00e9dicos.<\/p>\n<p>Segundo a pasta, a medida foi tomada devido \u00e0 instabilidade no site do programa causada por ataques cibern\u00e9ticos, que foram identificadas desde o primeiro dia de inscri\u00e7\u00e3o. O prazo para as inscri\u00e7\u00f5es terminaria no pr\u00f3ximo domingo (25).<\/p>\n<figure id=\"attachment_29391\" aria-describedby=\"caption-attachment-29391\" style=\"width: 754px\" class=\"wp-caption aligncenter\"><a href=\"https:\/\/i0.wp.com\/blogdoeloiltoncajuhy.com.br\/site\/wp-content\/uploads\/2018\/11\/mais-medicos_nov-2018.jpg\"><img data-recalc-dims=\"1\" fetchpriority=\"high\" decoding=\"async\" class=\"size-full wp-image-29391\" src=\"https:\/\/i0.wp.com\/blogdoeloiltoncajuhy.com.br\/site\/wp-content\/uploads\/2018\/11\/mais-medicos_nov-2018.jpg?resize=754%2C503\" alt=\"\" width=\"754\" height=\"503\" srcset=\"https:\/\/i0.wp.com\/blogdoeloiltoncajuhy.com.br\/site\/wp-content\/uploads\/2018\/11\/mais-medicos_nov-2018.jpg?w=754&amp;ssl=1 754w, https:\/\/i0.wp.com\/blogdoeloiltoncajuhy.com.br\/site\/wp-content\/uploads\/2018\/11\/mais-medicos_nov-2018.jpg?resize=300%2C200&amp;ssl=1 300w, https:\/\/i0.wp.com\/blogdoeloiltoncajuhy.com.br\/site\/wp-content\/uploads\/2018\/11\/mais-medicos_nov-2018.jpg?resize=250%2C167&amp;ssl=1 250w\" sizes=\"(max-width: 754px) 100vw, 754px\" \/><\/a><figcaption id=\"caption-attachment-29391\" class=\"wp-caption-text\">Prorroga\u00e7\u00e3o das inscri\u00e7\u00f5es j\u00e1 havia sido anunciada pelo ministro Gilberto Occhi (Foto: Valter Campanato\/Ag\u00eancia Brasil)<\/figcaption><\/figure>\n<p>A prorroga\u00e7\u00e3o j\u00e1 havia sido anunciada mais cedo pelo ministro da Sa\u00fade, Gilberto Occhi, em Petrolina, Pernambuco. Com a mudan\u00e7a, o prazo para apresenta\u00e7\u00e3o dos m\u00e9dicos nos munic\u00edpios para a homologa\u00e7\u00e3o do contrato tamb\u00e9m foi estendido. Agora os inscritos ter\u00e3o at\u00e9 o dia 14 de dezembro para entregar a documenta\u00e7\u00e3o no munic\u00edpio escolhido e iniciar o trabalho.<\/p>\n<p>Al\u00e9m disso, a data prevista para in\u00edcio da apresenta\u00e7\u00e3o dos m\u00e9dicos j\u00e1 inscritos nos munic\u00edpios foi adiantada. Os m\u00e9dicos poder\u00e3o se apresentar a partir de amanh\u00e3 (23).<\/p>\n<p><strong>Balan\u00e7o das inscri\u00e7\u00f5es<\/strong><\/p>\n<p>De acordo com o Minist\u00e9rio da Sa\u00fade, at\u00e9 as 17h desta quinta-feira (22), segundo dia de inscri\u00e7\u00f5es, o n\u00famero de candidatos ao programa com registro em Conselho Regional de Medicina (CRM) brasileiro chegou a 11.429. Desse total, 5.212 profissionais efetivaram a inscri\u00e7\u00e3o e 3.648 m\u00e9dicos j\u00e1 selecionaram o munic\u00edpio de atua\u00e7\u00e3o. Os profissionais podem se inscrever no site do programa.<\/p>\n<p>O edital do programa, publicado na \u00faltima ter\u00e7a-feira (20), oferece 8.517 vagas para trabalhar em 2.824 munic\u00edpios e 34 distritos sanit\u00e1rios especiais ind\u00edgenas. Essas vagas eram ocupadas por m\u00e9dicos cubanos.<\/p>\n<p>O programa Mais M\u00e9dicos foi criado em 2013 para ampliar a assist\u00eancia da popula\u00e7\u00e3o na aten\u00e7\u00e3o b\u00e1sica, levando m\u00e9dicos para regi\u00f5es carentes de profissionais. Segundo o Minist\u00e9rio da Sa\u00fade, o programa tem 18.240 vagas em mais de 4 mil munic\u00edpios, al\u00e9m de 34 distritos sanit\u00e1rios especiais ind\u00edgenas, e atende a cerca de 63 milh\u00f5es de brasileiros.<\/p>\n<p>Os profissionais do Mais M\u00e9dicos recebem uma bolsa-forma\u00e7\u00e3o no valor de R$ 11,8 mil e uma ajuda de custo inicial de R$ 10 e R$ 30 mil para deslocamento para o munic\u00edpio onde v\u00e3o trabalhar. Os profissionais que atuam no programa tamb\u00e9m t\u00eam a moradia e a alimenta\u00e7\u00e3o custeadas pelas prefeituras.<\/p>\n<p><em><strong>*Ag\u00eancia Brasil<\/strong><\/em><\/p>\n","protected":false},"excerpt":{"rendered":"<p>O Minist\u00e9rio da Sa\u00fade prorrogou para o dia 7 de dezembro o prazo de inscri\u00e7\u00e3o de profissionais brasileiros e estrangeiros com registro no Brasil que queiram participar da nova sele\u00e7\u00e3o do Programa Mais M\u00e9dicos. Segundo a pasta, a medida foi tomada devido \u00e0 instabilidade no site do programa causada por ataques cibern\u00e9ticos, que foram identificadas [&hellip;]<\/p>\n","protected":false},"author":2,"featured_media":29391,"comment_status":"open","ping_status":"open","sticky":false,"template":"","format":"standard","meta":{"_acf_changed":false,"_monsterinsights_skip_tracking":false,"_monsterinsights_sitenote_active":false,"_monsterinsights_sitenote_note":"","_monsterinsights_sitenote_category":0,"_jetpack_memberships_contains_paid_content":false,"footnotes":"","jetpack_publicize_message":"","jetpack_publicize_feature_enabled":true,"jetpack_social_post_already_shared":true,"jetpack_social_options":{"image_generator_settings":{"template":"highway","default_image_id":0,"font":"","enabled":false},"version":2}},"categories":[1,7],"tags":[],"class_list":["post-29390","post","type-post","status-publish","format-standard","has-post-thumbnail","hentry","category-noticias","category-saude"],"acf":[],"jetpack_publicize_connections":[],"jetpack_featured_media_url":"https:\/\/i0.wp.com\/blogdoeloiltoncajuhy.com.br\/site\/wp-content\/uploads\/2018\/11\/mais-medicos_nov-2018.jpg?fit=754%2C503&ssl=1","jetpack_sharing_enabled":true,"publishpress_future_workflow_manual_trigger":{"enabledWorkflows":[]},"_links":{"self":[{"href":"https:\/\/blogdoeloiltoncajuhy.com.br\/site\/wp-json\/wp\/v2\/posts\/29390","targetHints":{"allow":["GET"]}}],"collection":[{"href":"https:\/\/blogdoeloiltoncajuhy.com.br\/site\/wp-json\/wp\/v2\/posts"}],"about":[{"href":"https:\/\/blogdoeloiltoncajuhy.com.br\/site\/wp-json\/wp\/v2\/types\/post"}],"author":[{"embeddable":true,"href":"https:\/\/blogdoeloiltoncajuhy.com.br\/site\/wp-json\/wp\/v2\/users\/2"}],"replies":[{"embeddable":true,"href":"https:\/\/blogdoeloiltoncajuhy.com.br\/site\/wp-json\/wp\/v2\/comments?post=29390"}],"version-history":[{"count":1,"href":"https:\/\/blogdoeloiltoncajuhy.com.br\/site\/wp-json\/wp\/v2\/posts\/29390\/revisions"}],"predecessor-version":[{"id":29392,"href":"https:\/\/blogdoeloiltoncajuhy.com.br\/site\/wp-json\/wp\/v2\/posts\/29390\/revisions\/29392"}],"wp:featuredmedia":[{"embeddable":true,"href":"https:\/\/blogdoeloiltoncajuhy.com.br\/site\/wp-json\/wp\/v2\/media\/29391"}],"wp:attachment":[{"href":"https:\/\/blogdoeloiltoncajuhy.com.br\/site\/wp-json\/wp\/v2\/media?parent=29390"}],"wp:term":[{"taxonomy":"category","embeddable":true,"href":"https:\/\/blogdoeloiltoncajuhy.com.br\/site\/wp-json\/wp\/v2\/categories?post=29390"},{"taxonomy":"post_tag","embeddable":true,"href":"https:\/\/blogdoeloiltoncajuhy.com.br\/site\/wp-json\/wp\/v2\/tags?post=29390"}],"curies":[{"name":"wp","href":"https:\/\/api.w.org\/{rel}","templated":true}]}}