{"id":29383,"date":"2018-11-22T22:19:28","date_gmt":"2018-11-23T01:19:28","guid":{"rendered":"http:\/\/blogdoeloiltoncajuhy.com.br\/site\/?p=29383"},"modified":"2018-11-23T07:44:34","modified_gmt":"2018-11-23T10:44:34","slug":"figura-popular-de-bonfim-miron-das-sacolas-morre-de-infarto-em-juazeiro","status":"publish","type":"post","link":"https:\/\/blogdoeloiltoncajuhy.com.br\/site\/figura-popular-de-bonfim-miron-das-sacolas-morre-de-infarto-em-juazeiro\/","title":{"rendered":"Figura popular de Bonfim, &#8220;Miron das Sacolas&#8221; morre de infarto em Juazeiro"},"content":{"rendered":"<p><strong><em>Atualizado em 23 de novembro, \u00e0s 7h45<\/em><\/strong><a href=\"https:\/\/i0.wp.com\/blogdoeloiltoncajuhy.com.br\/site\/wp-content\/uploads\/2018\/11\/miron-das-sacolas.jpg\"><img data-recalc-dims=\"1\" fetchpriority=\"high\" decoding=\"async\" class=\"aligncenter size-full wp-image-29384\" src=\"https:\/\/i0.wp.com\/blogdoeloiltoncajuhy.com.br\/site\/wp-content\/uploads\/2018\/11\/miron-das-sacolas.jpg?resize=628%2C521\" alt=\"\" width=\"628\" height=\"521\" srcset=\"https:\/\/i0.wp.com\/blogdoeloiltoncajuhy.com.br\/site\/wp-content\/uploads\/2018\/11\/miron-das-sacolas.jpg?w=628&amp;ssl=1 628w, https:\/\/i0.wp.com\/blogdoeloiltoncajuhy.com.br\/site\/wp-content\/uploads\/2018\/11\/miron-das-sacolas.jpg?resize=300%2C249&amp;ssl=1 300w, https:\/\/i0.wp.com\/blogdoeloiltoncajuhy.com.br\/site\/wp-content\/uploads\/2018\/11\/miron-das-sacolas.jpg?resize=250%2C207&amp;ssl=1 250w\" sizes=\"(max-width: 628px) 100vw, 628px\" \/><\/a>Figura bastante popular em Senhor do Bonfim, o comerciante <strong>Emiron Soares de Lima<\/strong>, de 70 anos, mais conhecido como <strong>&#8220;Miron das Sacolas&#8221;<\/strong>, faleceu por volta das 19h desta quinta-feira (22), em um hospital de Juazeiro-BA.<\/p>\n<p>De acordo com o site IVAN SILVA NOT\u00cdCIA, ele passou mal por volta das 9h da manh\u00e3 de hoje, ligou para o SAMU e foi socorrido para a UPA 24h. L\u00e1, ele foi diagnosticado com infarto, sendo transferido as pressas para Juazeiro, onde n\u00e3o resistiu e morreu.<\/p>\n<p>Miron, al\u00e9m de ser bastante conhecido na feira livre de nossa cidade, onde comercializava produtos de artesanato, era apaixonado pelo r\u00e1dio, tendo participa\u00e7\u00e3o ativa nas r\u00e1dios da regi\u00e3o, principalmente na R\u00e1dio Cara\u00edba, ligando para todos os programas da emissora.<\/p>\n<p>O corpo de Emiron Soares de Lima est\u00e1 sendo velado no Memorial Vila Nova e ser\u00e1 sepultado nesta sexta-feira (23), \u00e0s 16h, no Cemit\u00e9rio Jardim da Saudade, Alto do Cigano, nesta cidade.<\/p>\n<p><strong style=\"font-weight: 300; font-style: italic;\">*BLOG DO ELOILTON CAJUHY<\/strong><\/p>\n","protected":false},"excerpt":{"rendered":"<p>Atualizado em 23 de novembro, \u00e0s 7h45Figura bastante popular em Senhor do Bonfim, o comerciante Emiron Soares de Lima, de 70 anos, mais conhecido como &#8220;Miron das Sacolas&#8221;, faleceu por volta das 19h desta quinta-feira (22), em um hospital de Juazeiro-BA. De acordo com o site IVAN SILVA NOT\u00cdCIA, ele passou mal por volta das [&hellip;]<\/p>\n","protected":false},"author":2,"featured_media":29384,"comment_status":"open","ping_status":"open","sticky":false,"template":"","format":"standard","meta":{"_acf_changed":false,"_monsterinsights_skip_tracking":false,"_monsterinsights_sitenote_active":false,"_monsterinsights_sitenote_note":"","_monsterinsights_sitenote_category":0,"_jetpack_memberships_contains_paid_content":false,"footnotes":"","jetpack_publicize_message":"","jetpack_publicize_feature_enabled":true,"jetpack_social_post_already_shared":true,"jetpack_social_options":{"image_generator_settings":{"template":"highway","default_image_id":0,"font":"","enabled":false},"version":2}},"categories":[5,1,4],"tags":[],"class_list":["post-29383","post","type-post","status-publish","format-standard","has-post-thumbnail","hentry","category-cotidiano","category-noticias","category-local"],"acf":[],"jetpack_publicize_connections":[],"jetpack_featured_media_url":"https:\/\/i0.wp.com\/blogdoeloiltoncajuhy.com.br\/site\/wp-content\/uploads\/2018\/11\/miron-das-sacolas.jpg?fit=628%2C521&ssl=1","jetpack_sharing_enabled":true,"publishpress_future_workflow_manual_trigger":{"enabledWorkflows":[]},"_links":{"self":[{"href":"https:\/\/blogdoeloiltoncajuhy.com.br\/site\/wp-json\/wp\/v2\/posts\/29383","targetHints":{"allow":["GET"]}}],"collection":[{"href":"https:\/\/blogdoeloiltoncajuhy.com.br\/site\/wp-json\/wp\/v2\/posts"}],"about":[{"href":"https:\/\/blogdoeloiltoncajuhy.com.br\/site\/wp-json\/wp\/v2\/types\/post"}],"author":[{"embeddable":true,"href":"https:\/\/blogdoeloiltoncajuhy.com.br\/site\/wp-json\/wp\/v2\/users\/2"}],"replies":[{"embeddable":true,"href":"https:\/\/blogdoeloiltoncajuhy.com.br\/site\/wp-json\/wp\/v2\/comments?post=29383"}],"version-history":[{"count":3,"href":"https:\/\/blogdoeloiltoncajuhy.com.br\/site\/wp-json\/wp\/v2\/posts\/29383\/revisions"}],"predecessor-version":[{"id":29406,"href":"https:\/\/blogdoeloiltoncajuhy.com.br\/site\/wp-json\/wp\/v2\/posts\/29383\/revisions\/29406"}],"wp:featuredmedia":[{"embeddable":true,"href":"https:\/\/blogdoeloiltoncajuhy.com.br\/site\/wp-json\/wp\/v2\/media\/29384"}],"wp:attachment":[{"href":"https:\/\/blogdoeloiltoncajuhy.com.br\/site\/wp-json\/wp\/v2\/media?parent=29383"}],"wp:term":[{"taxonomy":"category","embeddable":true,"href":"https:\/\/blogdoeloiltoncajuhy.com.br\/site\/wp-json\/wp\/v2\/categories?post=29383"},{"taxonomy":"post_tag","embeddable":true,"href":"https:\/\/blogdoeloiltoncajuhy.com.br\/site\/wp-json\/wp\/v2\/tags?post=29383"}],"curies":[{"name":"wp","href":"https:\/\/api.w.org\/{rel}","templated":true}]}}