{"id":29378,"date":"2018-11-22T15:19:01","date_gmt":"2018-11-22T18:19:01","guid":{"rendered":"http:\/\/blogdoeloiltoncajuhy.com.br\/site\/?p=29378"},"modified":"2018-11-22T15:19:01","modified_gmt":"2018-11-22T18:19:01","slug":"em-tijuacu-brasileiro-inaugura-a-37a-obra-da-atual-gestao","status":"publish","type":"post","link":"https:\/\/blogdoeloiltoncajuhy.com.br\/site\/em-tijuacu-brasileiro-inaugura-a-37a-obra-da-atual-gestao\/","title":{"rendered":"Em Tijua\u00e7u, Brasileiro inaugura a 37\u00aa obra da atual gest\u00e3o"},"content":{"rendered":"<p><a href=\"https:\/\/i0.wp.com\/blogdoeloiltoncajuhy.com.br\/site\/wp-content\/uploads\/2018\/11\/PMSB_inauguracao-tijuacu_nov-2018.jpg\"><img data-recalc-dims=\"1\" fetchpriority=\"high\" decoding=\"async\" class=\"aligncenter size-full wp-image-29379\" src=\"https:\/\/i0.wp.com\/blogdoeloiltoncajuhy.com.br\/site\/wp-content\/uploads\/2018\/11\/PMSB_inauguracao-tijuacu_nov-2018.jpg?resize=800%2C533\" alt=\"\" width=\"800\" height=\"533\" srcset=\"https:\/\/i0.wp.com\/blogdoeloiltoncajuhy.com.br\/site\/wp-content\/uploads\/2018\/11\/PMSB_inauguracao-tijuacu_nov-2018.jpg?w=960&amp;ssl=1 960w, https:\/\/i0.wp.com\/blogdoeloiltoncajuhy.com.br\/site\/wp-content\/uploads\/2018\/11\/PMSB_inauguracao-tijuacu_nov-2018.jpg?resize=300%2C200&amp;ssl=1 300w, https:\/\/i0.wp.com\/blogdoeloiltoncajuhy.com.br\/site\/wp-content\/uploads\/2018\/11\/PMSB_inauguracao-tijuacu_nov-2018.jpg?resize=768%2C512&amp;ssl=1 768w, https:\/\/i0.wp.com\/blogdoeloiltoncajuhy.com.br\/site\/wp-content\/uploads\/2018\/11\/PMSB_inauguracao-tijuacu_nov-2018.jpg?resize=250%2C167&amp;ssl=1 250w\" sizes=\"(max-width: 800px) 100vw, 800px\" \/><\/a>A inaugura\u00e7\u00e3o aconteceu durante a celebra\u00e7\u00e3o do Dia da Consci\u00eancia Negra, 20 de novembro. O cal\u00e7amento era um antigo desejo dos moradores da Rua do Seu Mudinho, que fica nas margens da BR- 407.<\/p>\n<p>Projeto de Lei ser\u00e1 encaminhado pelo vereador Carlos de Tijua\u00e7u para nomear oficialmente o logradouro p\u00fablico. Ap\u00f3s a lei ser promulgada, ela ser\u00e1 enviada para o setor da Prefeitura respons\u00e1vel por fazer o cadastro t\u00e9cnico.<\/p>\n<p><em>\u201cEle [ Brasileiro] garantiu e fez. \u00c9 um homem de palavra, um homem de valor. Estamos todos agradecidos\u201d<\/em>, enfatizou Raimundo Francisco, popular Mundinho.<\/p>\n<p>Os trabalhos foram realizados pela Lima Cunha Construtora Ltda. O investimento de cerca de R$ 59 mil, foi oriundo de recursos pr\u00f3prios do munic\u00edpio.\u00a0<em>\u201cNosso Tijua\u00e7u vive um novo tempo, essa \u00e9 uma conquista de voc\u00eas. Obrigado Carlinhos!\u201d<\/em>, enfatizou o vereador Carlos de Tijua\u00e7u durante a solenidade de inaugura\u00e7\u00e3o.<\/p>\n<p>A pavimenta\u00e7\u00e3o faz parte do programa Bonfim em Desenvolvimento, o maior programa de investimentos da hist\u00f3ria de Senhor do Bonfim. <em>&#8220;At\u00e9 maio de 2019, iremos entregar mais de 60 obras. Isso mostra a capacidade de ger\u00eancia do nosso governo, a capacidade de buscar recursos com nossos deputados e o apoio que temos do governo do Estado<\/em>\u201d, pontuo o prefeito Carlos Brasileiro.<\/p>\n<p>Prestigiaram o evento, o vice-prefeito Z\u00e9 Ant\u00f4nio, os secret\u00e1rios municipais, Cl\u00e1udio Nunes (Administra\u00e7\u00e3o), Benito Brasileiro (Planejamento e Finan\u00e7as), Cristiane Maia (Educa\u00e7\u00e3o), Ivan Barbosa (Infraestrutura e Meio Ambiente), os vereadores Herm\u00f3genes, Elizeu, R\u00ea do Sindicato e Carlos de Tijua\u00e7u, al\u00e9m lideran\u00e7as comunit\u00e1rias e moradores.<\/p>\n<p><em><strong>*ASCOM &#8211; Prefeitura Municipal de Senhor do Bonfim &#8211; BA<br \/>\n<\/strong>Telefones: 74 3541-8366 \/ 99110-9117<\/em><br \/>\n<em>Endere\u00e7o: Pra\u00e7a Juracy Magalh\u00e3es, 126<\/em><br \/>\n<em>E-MAIL: ascom@pmsb.ba.gov.br <\/em><br \/>\n<em>SITE OFICIAL: www.pmsb.ba.gov.br<\/em><br \/>\n<em>FAN PAGE: www.facebook.com\/oficialpmsb<\/em><\/p>\n","protected":false},"excerpt":{"rendered":"<p>A inaugura\u00e7\u00e3o aconteceu durante a celebra\u00e7\u00e3o do Dia da Consci\u00eancia Negra, 20 de novembro. O cal\u00e7amento era um antigo desejo dos moradores da Rua do Seu Mudinho, que fica nas margens da BR- 407. Projeto de Lei ser\u00e1 encaminhado pelo vereador Carlos de Tijua\u00e7u para nomear oficialmente o logradouro p\u00fablico. Ap\u00f3s a lei ser promulgada, [&hellip;]<\/p>\n","protected":false},"author":2,"featured_media":29379,"comment_status":"open","ping_status":"open","sticky":false,"template":"","format":"standard","meta":{"_acf_changed":false,"_monsterinsights_skip_tracking":false,"_monsterinsights_sitenote_active":false,"_monsterinsights_sitenote_note":"","_monsterinsights_sitenote_category":0,"_jetpack_memberships_contains_paid_content":false,"footnotes":"","jetpack_publicize_message":"","jetpack_publicize_feature_enabled":true,"jetpack_social_post_already_shared":true,"jetpack_social_options":{"image_generator_settings":{"template":"highway","default_image_id":0,"font":"","enabled":false},"version":2}},"categories":[1,3,4],"tags":[],"class_list":["post-29378","post","type-post","status-publish","format-standard","has-post-thumbnail","hentry","category-noticias","category-politica","category-local"],"acf":[],"jetpack_publicize_connections":[],"jetpack_featured_media_url":"https:\/\/i0.wp.com\/blogdoeloiltoncajuhy.com.br\/site\/wp-content\/uploads\/2018\/11\/PMSB_inauguracao-tijuacu_nov-2018.jpg?fit=960%2C640&ssl=1","jetpack_sharing_enabled":true,"publishpress_future_workflow_manual_trigger":{"enabledWorkflows":[]},"_links":{"self":[{"href":"https:\/\/blogdoeloiltoncajuhy.com.br\/site\/wp-json\/wp\/v2\/posts\/29378","targetHints":{"allow":["GET"]}}],"collection":[{"href":"https:\/\/blogdoeloiltoncajuhy.com.br\/site\/wp-json\/wp\/v2\/posts"}],"about":[{"href":"https:\/\/blogdoeloiltoncajuhy.com.br\/site\/wp-json\/wp\/v2\/types\/post"}],"author":[{"embeddable":true,"href":"https:\/\/blogdoeloiltoncajuhy.com.br\/site\/wp-json\/wp\/v2\/users\/2"}],"replies":[{"embeddable":true,"href":"https:\/\/blogdoeloiltoncajuhy.com.br\/site\/wp-json\/wp\/v2\/comments?post=29378"}],"version-history":[{"count":1,"href":"https:\/\/blogdoeloiltoncajuhy.com.br\/site\/wp-json\/wp\/v2\/posts\/29378\/revisions"}],"predecessor-version":[{"id":29380,"href":"https:\/\/blogdoeloiltoncajuhy.com.br\/site\/wp-json\/wp\/v2\/posts\/29378\/revisions\/29380"}],"wp:featuredmedia":[{"embeddable":true,"href":"https:\/\/blogdoeloiltoncajuhy.com.br\/site\/wp-json\/wp\/v2\/media\/29379"}],"wp:attachment":[{"href":"https:\/\/blogdoeloiltoncajuhy.com.br\/site\/wp-json\/wp\/v2\/media?parent=29378"}],"wp:term":[{"taxonomy":"category","embeddable":true,"href":"https:\/\/blogdoeloiltoncajuhy.com.br\/site\/wp-json\/wp\/v2\/categories?post=29378"},{"taxonomy":"post_tag","embeddable":true,"href":"https:\/\/blogdoeloiltoncajuhy.com.br\/site\/wp-json\/wp\/v2\/tags?post=29378"}],"curies":[{"name":"wp","href":"https:\/\/api.w.org\/{rel}","templated":true}]}}