{"id":29373,"date":"2018-11-22T10:45:59","date_gmt":"2018-11-22T13:45:59","guid":{"rendered":"http:\/\/blogdoeloiltoncajuhy.com.br\/site\/?p=29373"},"modified":"2018-11-22T10:45:59","modified_gmt":"2018-11-22T13:45:59","slug":"bonfim-caminhao-roubado-e-localizado-pela-pm-na-regiao-de-tijuacu","status":"publish","type":"post","link":"https:\/\/blogdoeloiltoncajuhy.com.br\/site\/bonfim-caminhao-roubado-e-localizado-pela-pm-na-regiao-de-tijuacu\/","title":{"rendered":"BONFIM: Caminh\u00e3o roubado \u00e9 localizado pela PM na regi\u00e3o de Tijua\u00e7u"},"content":{"rendered":"<p><a href=\"https:\/\/i0.wp.com\/blogdoeloiltoncajuhy.com.br\/site\/wp-content\/uploads\/2018\/11\/assalto_2018.jpg\"><img data-recalc-dims=\"1\" fetchpriority=\"high\" decoding=\"async\" class=\"aligncenter wp-image-29277\" src=\"https:\/\/i0.wp.com\/blogdoeloiltoncajuhy.com.br\/site\/wp-content\/uploads\/2018\/11\/assalto_2018.jpg?resize=400%2C221\" alt=\"\" width=\"400\" height=\"221\" srcset=\"https:\/\/i0.wp.com\/blogdoeloiltoncajuhy.com.br\/site\/wp-content\/uploads\/2018\/11\/assalto_2018.jpg?w=961&amp;ssl=1 961w, https:\/\/i0.wp.com\/blogdoeloiltoncajuhy.com.br\/site\/wp-content\/uploads\/2018\/11\/assalto_2018.jpg?resize=300%2C166&amp;ssl=1 300w, https:\/\/i0.wp.com\/blogdoeloiltoncajuhy.com.br\/site\/wp-content\/uploads\/2018\/11\/assalto_2018.jpg?resize=768%2C424&amp;ssl=1 768w, https:\/\/i0.wp.com\/blogdoeloiltoncajuhy.com.br\/site\/wp-content\/uploads\/2018\/11\/assalto_2018.jpg?resize=250%2C138&amp;ssl=1 250w\" sizes=\"(max-width: 400px) 100vw, 400px\" \/><\/a>Atendendo solicita\u00e7\u00e3o do CICOM, por volta das 12h desta quarta-feira (21), a guarni\u00e7\u00e3o CETO foi at\u00e9 ao Povoado de Lagoa da Pedra, regi\u00e3o de Tijua\u00e7u, para averiguar informa\u00e7\u00f5es sobre um ve\u00edculo abandonado.<\/p>\n<p>Um homem informou que teve seu caminh\u00e3o, Mercedes Benz, licen\u00e7a de Feira de Santana, roubado por volta das 02 horas da manh\u00e3 e j\u00e1 havia feito o registro na Delegacia. V\u00edtima e ve\u00edculo foram conduzidos \u00e0 Delegacia de Senhor do Bonfim.<\/p>\n<p><strong>Menor apreendido com droga &#8211;<\/strong>\u00a0Por volta das 08h40, tamb\u00e9m de quarta-feira, 21, a guarni\u00e7\u00e3o ROCAM, atendendo solicita\u00e7\u00e3o do CICOM, apresentou na delegacia um menor de 16 anos, junto com sua genitora, por estar portando uma por\u00e7\u00e3o de erva, aparentando ser maconha. Ele se encontrava pr\u00f3ximo a Ladeira de Pedra, depois do Pontilh\u00e3o da Rua Carrapichel.<\/p>\n<p><em><strong>*BLOG DO ELOILTON CAJUHY &#8211; Com informa\u00e7\u00f5es do 6\u00ba BPM\/Senhor do Bonfim<\/strong><\/em><\/p>\n","protected":false},"excerpt":{"rendered":"<p>Atendendo solicita\u00e7\u00e3o do CICOM, por volta das 12h desta quarta-feira (21), a guarni\u00e7\u00e3o CETO foi at\u00e9 ao Povoado de Lagoa da Pedra, regi\u00e3o de Tijua\u00e7u, para averiguar informa\u00e7\u00f5es sobre um ve\u00edculo abandonado. Um homem informou que teve seu caminh\u00e3o, Mercedes Benz, licen\u00e7a de Feira de Santana, roubado por volta das 02 horas da manh\u00e3 e [&hellip;]<\/p>\n","protected":false},"author":2,"featured_media":0,"comment_status":"open","ping_status":"open","sticky":false,"template":"","format":"standard","meta":{"_acf_changed":false,"_monsterinsights_skip_tracking":false,"_monsterinsights_sitenote_active":false,"_monsterinsights_sitenote_note":"","_monsterinsights_sitenote_category":0,"_jetpack_memberships_contains_paid_content":false,"footnotes":"","jetpack_publicize_message":"","jetpack_publicize_feature_enabled":true,"jetpack_social_post_already_shared":true,"jetpack_social_options":{"image_generator_settings":{"template":"highway","default_image_id":0,"font":"","enabled":false},"version":2}},"categories":[5,1,4],"tags":[],"class_list":["post-29373","post","type-post","status-publish","format-standard","hentry","category-cotidiano","category-noticias","category-local"],"acf":[],"jetpack_publicize_connections":[],"jetpack_featured_media_url":"","jetpack_sharing_enabled":true,"publishpress_future_workflow_manual_trigger":{"enabledWorkflows":[]},"_links":{"self":[{"href":"https:\/\/blogdoeloiltoncajuhy.com.br\/site\/wp-json\/wp\/v2\/posts\/29373","targetHints":{"allow":["GET"]}}],"collection":[{"href":"https:\/\/blogdoeloiltoncajuhy.com.br\/site\/wp-json\/wp\/v2\/posts"}],"about":[{"href":"https:\/\/blogdoeloiltoncajuhy.com.br\/site\/wp-json\/wp\/v2\/types\/post"}],"author":[{"embeddable":true,"href":"https:\/\/blogdoeloiltoncajuhy.com.br\/site\/wp-json\/wp\/v2\/users\/2"}],"replies":[{"embeddable":true,"href":"https:\/\/blogdoeloiltoncajuhy.com.br\/site\/wp-json\/wp\/v2\/comments?post=29373"}],"version-history":[{"count":1,"href":"https:\/\/blogdoeloiltoncajuhy.com.br\/site\/wp-json\/wp\/v2\/posts\/29373\/revisions"}],"predecessor-version":[{"id":29374,"href":"https:\/\/blogdoeloiltoncajuhy.com.br\/site\/wp-json\/wp\/v2\/posts\/29373\/revisions\/29374"}],"wp:attachment":[{"href":"https:\/\/blogdoeloiltoncajuhy.com.br\/site\/wp-json\/wp\/v2\/media?parent=29373"}],"wp:term":[{"taxonomy":"category","embeddable":true,"href":"https:\/\/blogdoeloiltoncajuhy.com.br\/site\/wp-json\/wp\/v2\/categories?post=29373"},{"taxonomy":"post_tag","embeddable":true,"href":"https:\/\/blogdoeloiltoncajuhy.com.br\/site\/wp-json\/wp\/v2\/tags?post=29373"}],"curies":[{"name":"wp","href":"https:\/\/api.w.org\/{rel}","templated":true}]}}