{"id":29370,"date":"2018-11-22T06:53:31","date_gmt":"2018-11-22T09:53:31","guid":{"rendered":"http:\/\/blogdoeloiltoncajuhy.com.br\/site\/?p=29370"},"modified":"2018-11-22T06:53:31","modified_gmt":"2018-11-22T09:53:31","slug":"helio-freitas-lancara-seu-novo-livro-em-salvador","status":"publish","type":"post","link":"https:\/\/blogdoeloiltoncajuhy.com.br\/site\/helio-freitas-lancara-seu-novo-livro-em-salvador\/","title":{"rendered":"H\u00e9lio Freitas lan\u00e7ar\u00e1 seu novo livro em Salvador"},"content":{"rendered":"<p><a href=\"https:\/\/i0.wp.com\/blogdoeloiltoncajuhy.com.br\/site\/wp-content\/uploads\/2018\/11\/helio-freitas-lancamento-livro.jpg\"><img data-recalc-dims=\"1\" fetchpriority=\"high\" decoding=\"async\" class=\"aligncenter wp-image-29371\" src=\"https:\/\/i0.wp.com\/blogdoeloiltoncajuhy.com.br\/site\/wp-content\/uploads\/2018\/11\/helio-freitas-lancamento-livro.jpg?resize=474%2C600\" alt=\"\" width=\"474\" height=\"600\" srcset=\"https:\/\/i0.wp.com\/blogdoeloiltoncajuhy.com.br\/site\/wp-content\/uploads\/2018\/11\/helio-freitas-lancamento-livro.jpg?w=695&amp;ssl=1 695w, https:\/\/i0.wp.com\/blogdoeloiltoncajuhy.com.br\/site\/wp-content\/uploads\/2018\/11\/helio-freitas-lancamento-livro.jpg?resize=237%2C300&amp;ssl=1 237w, https:\/\/i0.wp.com\/blogdoeloiltoncajuhy.com.br\/site\/wp-content\/uploads\/2018\/11\/helio-freitas-lancamento-livro.jpg?resize=198%2C250&amp;ssl=1 198w\" sizes=\"(max-width: 474px) 100vw, 474px\" \/><\/a>O jornalista e escritor bonfinense H\u00e9lio Freitas far\u00e1, neste s\u00e1bado (24), o lan\u00e7amento do seu mais novo livro, <strong>&#8220;Uns Textos Mambembes (Quase todos sobre coisas e gente da velha aldeia)&#8221;<\/strong>, em Salvador. O evento vai acontecer no Sal\u00e3o de Festas do seu pr\u00e9dio, e ser\u00e1 em benef\u00edcio do Hospital Martag\u00e3o Gesteira.<\/p>\n<p>Vale ressaltar, que aqui em Senhor do Bonfim, o livro est\u00e1 sendo vendido em do Lar dos Velhinhos, Filarm\u00f4nica dos Ferrovi\u00e1rios Bonfinenses e Associa\u00e7\u00e3o de Equoterapia. Os pontos do venda s\u00e3o Farm\u00e1cia Sa\u00fade, no Cal\u00e7ad\u00e3o, e Infoloja, na Rua Rui Barbosa, ao lado da Caixa Econ\u00f4mica.<\/p>\n<p>Nas redes sociais, seu conterr\u00e2neo S\u00e9rgio Teixeira publicou texto convidando os bonfinenses a prestigiarem o lan\u00e7amento do trabalho de H\u00e9lio na capital. <strong>Confira:<\/strong><\/p>\n<p><em>&#8220;Quem estiver em Salvador neste fim de semana tem um compromisso com a intelig\u00eancia, a sensibilidade e o talento liter\u00e1rio do nosso poeta decano H\u00e9lio Freitas. Ele estar\u00e1 recebendo os amigos e conterr\u00e2neos no Sal\u00e3o de Festas do seu pr\u00e9dio para oficializar o lan\u00e7amento dos seus Textos Mambembes em formato de livro.<\/em><\/p>\n<p><em>A velha e sempre nova Bonfim est\u00e1 presente no olhar arguto, cr\u00edtico e po\u00e9tico de H\u00e9lio. A festa \u00e9 aberta a todos os que o admiram, os que queiram adquirir o livro e os que j\u00e1 adquiriram, mas querem o seu aut\u00f3grafo precioso. No mais, um encontro de bonfinense para celebrar a nossa cultura. Imperd\u00edvel e (quase) obrigat\u00f3rio para quem estiver em Salvador no pr\u00f3ximo s\u00e1bado \u00e0 tarde.<\/em><\/p>\n<p><em>H\u00e9lio Freitas \u00e9 um poeta humanista. Isto significa que est\u00e1 sempre ao lado dos mais fracos, ao lado das for\u00e7as do bem e solid\u00e1rio aos movimentos progressistas da nossa sociedade. Um lan\u00e7amento seu, com seus escritos, \u00e9 sinal de que as suas qualidades de poeta e prosador estar\u00e3o manifestos na cr\u00edtica, no esclarecimento hist\u00f3rico, na recupera\u00e7\u00e3o de temas caros aos seus admiradores e conterr\u00e2neos&#8221;.<\/em><\/p>\n<p><strong>*BLOG DO ELOILTON CAJUHY<\/strong><\/p>\n","protected":false},"excerpt":{"rendered":"<p>O jornalista e escritor bonfinense H\u00e9lio Freitas far\u00e1, neste s\u00e1bado (24), o lan\u00e7amento do seu mais novo livro, &#8220;Uns Textos Mambembes (Quase todos sobre coisas e gente da velha aldeia)&#8221;, em Salvador. O evento vai acontecer no Sal\u00e3o de Festas do seu pr\u00e9dio, e ser\u00e1 em benef\u00edcio do Hospital Martag\u00e3o Gesteira. Vale ressaltar, que aqui [&hellip;]<\/p>\n","protected":false},"author":2,"featured_media":29371,"comment_status":"open","ping_status":"open","sticky":false,"template":"","format":"standard","meta":{"_acf_changed":false,"_monsterinsights_skip_tracking":false,"_monsterinsights_sitenote_active":false,"_monsterinsights_sitenote_note":"","_monsterinsights_sitenote_category":0,"_jetpack_memberships_contains_paid_content":false,"footnotes":"","jetpack_publicize_message":"","jetpack_publicize_feature_enabled":true,"jetpack_social_post_already_shared":true,"jetpack_social_options":{"image_generator_settings":{"template":"highway","default_image_id":0,"font":"","enabled":false},"version":2}},"categories":[8,1,4],"tags":[],"class_list":["post-29370","post","type-post","status-publish","format-standard","has-post-thumbnail","hentry","category-cultura","category-noticias","category-local"],"acf":[],"jetpack_publicize_connections":[],"jetpack_featured_media_url":"https:\/\/i0.wp.com\/blogdoeloiltoncajuhy.com.br\/site\/wp-content\/uploads\/2018\/11\/helio-freitas-lancamento-livro.jpg?fit=695%2C879&ssl=1","jetpack_sharing_enabled":true,"publishpress_future_workflow_manual_trigger":{"enabledWorkflows":[]},"_links":{"self":[{"href":"https:\/\/blogdoeloiltoncajuhy.com.br\/site\/wp-json\/wp\/v2\/posts\/29370","targetHints":{"allow":["GET"]}}],"collection":[{"href":"https:\/\/blogdoeloiltoncajuhy.com.br\/site\/wp-json\/wp\/v2\/posts"}],"about":[{"href":"https:\/\/blogdoeloiltoncajuhy.com.br\/site\/wp-json\/wp\/v2\/types\/post"}],"author":[{"embeddable":true,"href":"https:\/\/blogdoeloiltoncajuhy.com.br\/site\/wp-json\/wp\/v2\/users\/2"}],"replies":[{"embeddable":true,"href":"https:\/\/blogdoeloiltoncajuhy.com.br\/site\/wp-json\/wp\/v2\/comments?post=29370"}],"version-history":[{"count":1,"href":"https:\/\/blogdoeloiltoncajuhy.com.br\/site\/wp-json\/wp\/v2\/posts\/29370\/revisions"}],"predecessor-version":[{"id":29372,"href":"https:\/\/blogdoeloiltoncajuhy.com.br\/site\/wp-json\/wp\/v2\/posts\/29370\/revisions\/29372"}],"wp:featuredmedia":[{"embeddable":true,"href":"https:\/\/blogdoeloiltoncajuhy.com.br\/site\/wp-json\/wp\/v2\/media\/29371"}],"wp:attachment":[{"href":"https:\/\/blogdoeloiltoncajuhy.com.br\/site\/wp-json\/wp\/v2\/media?parent=29370"}],"wp:term":[{"taxonomy":"category","embeddable":true,"href":"https:\/\/blogdoeloiltoncajuhy.com.br\/site\/wp-json\/wp\/v2\/categories?post=29370"},{"taxonomy":"post_tag","embeddable":true,"href":"https:\/\/blogdoeloiltoncajuhy.com.br\/site\/wp-json\/wp\/v2\/tags?post=29370"}],"curies":[{"name":"wp","href":"https:\/\/api.w.org\/{rel}","templated":true}]}}