{"id":29367,"date":"2018-11-22T06:28:22","date_gmt":"2018-11-22T09:28:22","guid":{"rendered":"http:\/\/blogdoeloiltoncajuhy.com.br\/site\/?p=29367"},"modified":"2018-11-22T06:28:22","modified_gmt":"2018-11-22T09:28:22","slug":"tijuacu-comemora-dia-da-consciencia-negra-com-diversas-atividades-programacao-continua-ate-o-dia-29","status":"publish","type":"post","link":"https:\/\/blogdoeloiltoncajuhy.com.br\/site\/tijuacu-comemora-dia-da-consciencia-negra-com-diversas-atividades-programacao-continua-ate-o-dia-29\/","title":{"rendered":"Tijua\u00e7u comemora Dia da Consci\u00eancia Negra com diversas atividades; programa\u00e7\u00e3o continua at\u00e9 o dia 29"},"content":{"rendered":"<p><a href=\"https:\/\/i0.wp.com\/blogdoeloiltoncajuhy.com.br\/site\/wp-content\/uploads\/2018\/11\/tijuacu_dia-da-consciencia-negra_2018.jpg\"><img data-recalc-dims=\"1\" fetchpriority=\"high\" decoding=\"async\" class=\"aligncenter size-full wp-image-29368\" src=\"https:\/\/i0.wp.com\/blogdoeloiltoncajuhy.com.br\/site\/wp-content\/uploads\/2018\/11\/tijuacu_dia-da-consciencia-negra_2018.jpg?resize=800%2C533\" alt=\"\" width=\"800\" height=\"533\" srcset=\"https:\/\/i0.wp.com\/blogdoeloiltoncajuhy.com.br\/site\/wp-content\/uploads\/2018\/11\/tijuacu_dia-da-consciencia-negra_2018.jpg?w=960&amp;ssl=1 960w, https:\/\/i0.wp.com\/blogdoeloiltoncajuhy.com.br\/site\/wp-content\/uploads\/2018\/11\/tijuacu_dia-da-consciencia-negra_2018.jpg?resize=300%2C200&amp;ssl=1 300w, https:\/\/i0.wp.com\/blogdoeloiltoncajuhy.com.br\/site\/wp-content\/uploads\/2018\/11\/tijuacu_dia-da-consciencia-negra_2018.jpg?resize=768%2C512&amp;ssl=1 768w, https:\/\/i0.wp.com\/blogdoeloiltoncajuhy.com.br\/site\/wp-content\/uploads\/2018\/11\/tijuacu_dia-da-consciencia-negra_2018.jpg?resize=250%2C167&amp;ssl=1 250w\" sizes=\"(max-width: 800px) 100vw, 800px\" \/><\/a>Foi com muita festa, emo\u00e7\u00e3o e uni\u00e3o que a comunidade quilombola de Tijua\u00e7u comemorou o Dia Nacional da Consci\u00eancia Negra, realizado anualmente em 20 de novembro.<\/p>\n<p>A celebra\u00e7\u00e3o, realizada pela prefeitura de Senhor Bonfim, por meio da Secretaria de Educa\u00e7\u00e3o (SEMED), em parceria com a Universidade do Estado da Bahia (UNEB) e a comunidade quilombola de Tijua\u00e7u, contou com uma vasta programa\u00e7\u00e3o cultural alusiva a data.<\/p>\n<p>O roteiro iniciou com uma alvorada festiva e se estendeu durante toda manh\u00e3, tarde e noite. Quem passou pela Pra\u00e7a do Com\u00e9rcio pode conferir diversas atividades em celebra\u00e7\u00e3o ao Dia da Consci\u00eancia Negra.<\/p>\n<p>Apresenta\u00e7\u00f5es de capoeira, Hip Hop, percuss\u00e3o afro, recital de poemas quilombolas, oficinas, minicursos, entre outras atividades, marcaram o evento. A programa\u00e7\u00e3o de ter\u00e7a-feira (20) se encerrou com uma roda de conversa falando de religi\u00f5es de matriz africana.<\/p>\n<p>\u201c<em>A programa\u00e7\u00e3o foi elaborada para que as pessoas possam refletir e discutir a quest\u00e3o da Igualdade Racial. Esse \u00e9 um dos temas que deve estar presente no dia a dia escolar, no curr\u00edculo e nas viv\u00eancias de nossos estudantes. A comunidade de Tijua\u00e7u est\u00e1 de parab\u00e9ns!<\/em>\u201d, enfatiza a secret\u00e1ria de Educa\u00e7\u00e3o, Cristiane Maia.<\/p>\n<p>Um dos momentos marcantes foi a apresenta\u00e7\u00e3o do Trabalho de Conclus\u00e3o de Curso, TCC, pela professora Eliete Fagundes de Jesus Rodrigues. Em suas mem\u00f3rias autobiogr\u00e1ficas, a ex-empregada dom\u00e9stica narrou as dificuldades enfrentadas, luta e supera\u00e7\u00e3o ao longo de sua vida.<\/p>\n<p>\u201c<em>N\u00e3o \u00e9 f\u00e1cil para quem \u00e9 pobre e preto. A minha hist\u00f3ria \u00e9 importante para que as pessoas possam refletir que nem tudo \u00e9 f\u00e1cil, mas pode acontecer. Para isso voc\u00ea precisa querer<\/em>&#8220;, frisou a professora quilombola.<\/p>\n<p>A inaugura\u00e7\u00e3o do cal\u00e7amento no logradouro denominado oficiosamente por Rua do Seu Mudinho, nas margens da Rodovia Lomanto J\u00fanior, fez parte das festividades. A obra do programa Bonfim em Desenvolvimento foi constru\u00edda com recursos pr\u00f3prios do munic\u00edpio.<\/p>\n<p>O evento contou com a presen\u00e7a do prefeito de Senhor do Bonfim, Carlos Brasileiro, do vice-prefeito, Jos\u00e9 Ant\u00f4nio, secret\u00e1rios de governo, dos vereadores Carlos de Tijua\u00e7u, R\u00ea do Sindicato, Elizeu dos Temperos e Herm\u00f3genes Almeida, lideran\u00e7as comunit\u00e1rias e o p\u00fablico em geral.<\/p>\n<p>A programa\u00e7\u00e3o dedicada ao Dia da Consci\u00eancia Negra continua at\u00e9 o final de novembro. No dia 23, vai acontecer o Projeto Escola Verde, um evento direcionado especificamente para professores, diretores e coordenadores escolares. Nos dias 28 e 29 est\u00e1 programado uma Roda de Conversa com diversos convidados. Ainda no dia 29, ser\u00e3o realizados os Jogos Internos da Escola de 1\u00ba Grau de Tijua\u00e7u, com o tema Africanize.<\/p>\n<p><strong>Dia da Consci\u00eancia Negra &#8211;\u00a0<\/strong>A data existe desde 2003 e foi institu\u00edda em homenagem ao dia da morte do l\u00edder quilombola Zumbir dos Palmares, em 1695. O quilombola representa a luta contra a escravid\u00e3o no per\u00edodo colonial. A data \u00e9 dedicada \u00e0 reflex\u00e3o e valoriza\u00e7\u00e3o da cultura e hist\u00f3ria do negro na sociedade brasileira.<\/p>\n<p><em><strong>*ASCOM &#8211; Prefeitura Municipal de Senhor do Bonfim &#8211; BA<br \/>\n<\/strong>Telefones: 74 3541-8366 \/ 99110-9117<\/em><br \/>\n<em>Endere\u00e7o: Pra\u00e7a Juracy Magalh\u00e3es, 126<\/em><br \/>\n<em>E-MAIL: ascom@pmsb.ba.gov.br <\/em><br \/>\n<em>SITE OFICIAL: www.pmsb.ba.gov.br<\/em><br \/>\n<em>FAN PAGE: www.facebook.com\/oficialpmsb<\/em><\/p>\n","protected":false},"excerpt":{"rendered":"<p>Foi com muita festa, emo\u00e7\u00e3o e uni\u00e3o que a comunidade quilombola de Tijua\u00e7u comemorou o Dia Nacional da Consci\u00eancia Negra, realizado anualmente em 20 de novembro. A celebra\u00e7\u00e3o, realizada pela prefeitura de Senhor Bonfim, por meio da Secretaria de Educa\u00e7\u00e3o (SEMED), em parceria com a Universidade do Estado da Bahia (UNEB) e a comunidade quilombola [&hellip;]<\/p>\n","protected":false},"author":2,"featured_media":29368,"comment_status":"open","ping_status":"open","sticky":false,"template":"","format":"standard","meta":{"_acf_changed":false,"_monsterinsights_skip_tracking":false,"_monsterinsights_sitenote_active":false,"_monsterinsights_sitenote_note":"","_monsterinsights_sitenote_category":0,"_jetpack_memberships_contains_paid_content":false,"footnotes":"","jetpack_publicize_message":"","jetpack_publicize_feature_enabled":true,"jetpack_social_post_already_shared":true,"jetpack_social_options":{"image_generator_settings":{"template":"highway","default_image_id":0,"font":"","enabled":false},"version":2}},"categories":[8,1,4],"tags":[],"class_list":["post-29367","post","type-post","status-publish","format-standard","has-post-thumbnail","hentry","category-cultura","category-noticias","category-local"],"acf":[],"jetpack_publicize_connections":[],"jetpack_featured_media_url":"https:\/\/i0.wp.com\/blogdoeloiltoncajuhy.com.br\/site\/wp-content\/uploads\/2018\/11\/tijuacu_dia-da-consciencia-negra_2018.jpg?fit=960%2C640&ssl=1","jetpack_sharing_enabled":true,"publishpress_future_workflow_manual_trigger":{"enabledWorkflows":[]},"_links":{"self":[{"href":"https:\/\/blogdoeloiltoncajuhy.com.br\/site\/wp-json\/wp\/v2\/posts\/29367","targetHints":{"allow":["GET"]}}],"collection":[{"href":"https:\/\/blogdoeloiltoncajuhy.com.br\/site\/wp-json\/wp\/v2\/posts"}],"about":[{"href":"https:\/\/blogdoeloiltoncajuhy.com.br\/site\/wp-json\/wp\/v2\/types\/post"}],"author":[{"embeddable":true,"href":"https:\/\/blogdoeloiltoncajuhy.com.br\/site\/wp-json\/wp\/v2\/users\/2"}],"replies":[{"embeddable":true,"href":"https:\/\/blogdoeloiltoncajuhy.com.br\/site\/wp-json\/wp\/v2\/comments?post=29367"}],"version-history":[{"count":1,"href":"https:\/\/blogdoeloiltoncajuhy.com.br\/site\/wp-json\/wp\/v2\/posts\/29367\/revisions"}],"predecessor-version":[{"id":29369,"href":"https:\/\/blogdoeloiltoncajuhy.com.br\/site\/wp-json\/wp\/v2\/posts\/29367\/revisions\/29369"}],"wp:featuredmedia":[{"embeddable":true,"href":"https:\/\/blogdoeloiltoncajuhy.com.br\/site\/wp-json\/wp\/v2\/media\/29368"}],"wp:attachment":[{"href":"https:\/\/blogdoeloiltoncajuhy.com.br\/site\/wp-json\/wp\/v2\/media?parent=29367"}],"wp:term":[{"taxonomy":"category","embeddable":true,"href":"https:\/\/blogdoeloiltoncajuhy.com.br\/site\/wp-json\/wp\/v2\/categories?post=29367"},{"taxonomy":"post_tag","embeddable":true,"href":"https:\/\/blogdoeloiltoncajuhy.com.br\/site\/wp-json\/wp\/v2\/tags?post=29367"}],"curies":[{"name":"wp","href":"https:\/\/api.w.org\/{rel}","templated":true}]}}