{"id":29362,"date":"2018-11-21T23:04:48","date_gmt":"2018-11-22T02:04:48","guid":{"rendered":"http:\/\/blogdoeloiltoncajuhy.com.br\/site\/?p=29362"},"modified":"2018-11-21T23:04:48","modified_gmt":"2018-11-22T02:04:48","slug":"esportes-vitoria-perde-para-o-cruzeiro-e-segue-em-situacao-delicada-no-campeonato-brasileiro","status":"publish","type":"post","link":"https:\/\/blogdoeloiltoncajuhy.com.br\/site\/esportes-vitoria-perde-para-o-cruzeiro-e-segue-em-situacao-delicada-no-campeonato-brasileiro\/","title":{"rendered":"ESPORTES: Vit\u00f3ria perde para o Cruzeiro e segue em situa\u00e7\u00e3o delicada no Campeonato Brasileiro"},"content":{"rendered":"<figure id=\"attachment_29363\" aria-describedby=\"caption-attachment-29363\" style=\"width: 450px\" class=\"wp-caption aligncenter\"><a href=\"https:\/\/i0.wp.com\/blogdoeloiltoncajuhy.com.br\/site\/wp-content\/uploads\/2018\/11\/CruzVit_nov2018.jpg\"><img data-recalc-dims=\"1\" fetchpriority=\"high\" decoding=\"async\" class=\"wp-image-29363\" src=\"https:\/\/i0.wp.com\/blogdoeloiltoncajuhy.com.br\/site\/wp-content\/uploads\/2018\/11\/CruzVit_nov2018.jpg?resize=450%2C332\" alt=\"\" width=\"450\" height=\"332\" srcset=\"https:\/\/i0.wp.com\/blogdoeloiltoncajuhy.com.br\/site\/wp-content\/uploads\/2018\/11\/CruzVit_nov2018.jpg?w=380&amp;ssl=1 380w, https:\/\/i0.wp.com\/blogdoeloiltoncajuhy.com.br\/site\/wp-content\/uploads\/2018\/11\/CruzVit_nov2018.jpg?resize=300%2C221&amp;ssl=1 300w, https:\/\/i0.wp.com\/blogdoeloiltoncajuhy.com.br\/site\/wp-content\/uploads\/2018\/11\/CruzVit_nov2018.jpg?resize=250%2C184&amp;ssl=1 250w\" sizes=\"(max-width: 450px) 100vw, 450px\" \/><\/a><figcaption id=\"caption-attachment-29363\" class=\"wp-caption-text\">Foto: Dudu Macedo\/Fotoarena \/ Folhapress<\/figcaption><\/figure>\n<p>O Vit\u00f3ria segue em situa\u00e7\u00e3o delicada no Campeonato Brasileiro. Em duelo disputado nesta quarta-feira (21), no Mineir\u00e3o, o Rubro-Negro perdeu por 3 a 0 para o Cruzeiro e permanece estacionado na 19\u00aa posi\u00e7\u00e3o com apenas 36 pontos.<\/p>\n<p>Com duas rodadas para o t\u00e9rmino do Brasileir\u00e3o, o Vit\u00f3ria tem uma miss\u00e3o bastante complicada. A equipe precisa vencer seus jogos e ainda torcer por uma combina\u00e7\u00e3o de resultados. O pr\u00f3ximo compromisso \u00e9 contra o Gr\u00eamio, domingo (25), \u00e0s 16h (hor\u00e1rio de Salvador), no Barrad\u00e3o. O \u00faltimo ser\u00e1 diante do Palmeiras, no dia 2 de dezembro, no Allianz Parque, em S\u00e3o Paulo (SP).<\/p>\n<p><strong>O JOGO<\/strong><\/p>\n<p>O Vit\u00f3ria perdeu dois jogadores de \u00faltima hora. Os volantes L\u00e9o Gomes e Arouca contra\u00edram uma virose e foram vetados pelo departamento m\u00e9dico do clube. O primeiro seria titular e foi substitu\u00eddo por Fillipe Soutto, enquanto o outro ficaria como op\u00e7\u00e3o no banco de reservas.<\/p>\n<p>O jogo come\u00e7ou um pouco truncado. O Cruzeiro chegou mais vezes ao ataque nos minutos iniciais, mas n\u00e3o levou perigo a meta defendida pelo goleiro Jo\u00e3o Gabriel.\u00a0Aos 13 minutos, o t\u00e9cnico Jo\u00e3o Burse precisou fazer uma substitui\u00e7\u00e3o for\u00e7ada. Rodrigo Andrade deslocou o ombro e deu lugar ao lateral Lucas.<\/p>\n<p>O goleiro Jo\u00e3o Gabriel fez defesas importantes. Aos 25, Lucas Silva soltou uma bomba no gol e o goleiro espalmou para fora. Depois, aos 30, Patrick driblou Lucas, ficou sozinho com o arqueiro rubro-negro e chutou no gol. Mais uma vez, ele realizou uma grande defesa.<\/p>\n<p>O primeiro lance de perigo do Vit\u00f3ria s\u00f3 aconteceu aos 33. Ben\u00edtez cobrou escanteio, L\u00e9o Cear\u00e1 subiu mais que todo mundo, mas mandou para fora.\u00a0Novamente com L\u00e9o Cear\u00e1, o time rubro-negro teve uma boa oportunidade aos 41. Yago cobrou falta, o atacante se antecipou a Fred e cabeceou para fora.<\/p>\n<p>No entanto, um minuto depois, o Cruzeiro abriu o placar. Ezequiel recebeu com liberdade pela direita e cruzou. Aderllan tentou de tirar de carrinho e mandou contra o pr\u00f3prio patrim\u00f4nio.\u00a0O Vit\u00f3ria quase conseguiu o empate aos 44. Ben\u00edtez cobrou escanteio com bastante veneno e Rafael precisou se esticar todo para evitar o que seria um gol ol\u00edmpico.<\/p>\n<p><strong>Segundo tempo<\/strong><\/p>\n<p>Com o objetivo de deixar o time mais ofensivo, o t\u00e9cnico Jo\u00e3o Burse fez uma altera\u00e7\u00e3o no intervalo. Ele sacou o volante Fillipe Soutto para a entrada do atacante Neilton.\u00a0Diferentemente da etapa inicial, o Vit\u00f3ria come\u00e7ou o segundo tempo com bastante intensidade. Por\u00e9m, o time deixou a desejar nas concretiza\u00e7\u00f5es.<\/p>\n<p>Quando o Vit\u00f3ria estava melhor no jogo, um p\u00eanalti foi marcado a favor do Cruzeiro aos oito minutos. Aderllan tocou de m\u00e3o dentro da \u00e1rea. Fred cobrou com tranquilidade e estufou as redes.<\/p>\n<p>O Vit\u00f3ria sentiu o segundo gol e n\u00e3o conseguia mais reagir. O Cruzeiro se aproveitou e partiu para cima. Aos 26, Raniel deu bom passe para Patrick, que cruzou rasteiro para tr\u00e1s. Fred pegou de primeira e deu n\u00fameros finais \u00a0ao jogo.<\/p>\n<p><strong>FICHA T\u00c9CNICA<\/strong><br \/>\n<strong>Cruzeiro 3 x 0 Vit\u00f3ria<\/strong><br \/>\n<strong>Campeonato Brasileiro \u2013 36\u00aa rodada<\/strong><br \/>\n<strong>Local<\/strong>: Mineir\u00e3o, em Belo Horizonte (MG)<br \/>\n<strong>Data:<\/strong>\u00a021\/11\/2018 (quarta-feira)<br \/>\n<strong>Hor\u00e1rio:<\/strong>\u00a020h45 (hor\u00e1rio de Salvador)<br \/>\n<strong>\u00c1rbitro:<\/strong>\u00a0Leandro Bizzio Marinho (SP)<br \/>\n<strong>Assistentes:\u00a0<\/strong>\u00a0Daniel Luis Marques \u00a0(SP) e Daniel Paulo Ziolli (SP)<br \/>\n<strong>Assistentes adicionais<\/strong>: lbert Estevam da Silva (SP) e Salim Fende Chavez (SP)<br \/>\n<strong>Cart\u00f5es amarelos<\/strong>: Aderllan (Vit\u00f3ria); \u00c9derson (Cruzeiro)<br \/>\n<strong>Gol:<\/strong>\u00a0Aderllan (contra), Fred (duas vezes)\u00a0 (Cruzeiro).<\/p>\n<p><strong>Vit\u00f3ria<\/strong>: Jo\u00e3o Gabriel; Rodrigo Andrade (Lucas), Aderllan, Lucas Ribeiro e Marcelo Ben\u00edtez; \u00a0Willian Farias ,Fillipe Soutto (Neilton), Rhayner \u00a0e Yago; Erick (Andr\u00e9 Lima) e L\u00e9o Cear\u00e1. <strong>T\u00e9cnico:<\/strong> Jo\u00e3o Burse.<\/p>\n<p><strong>Cruzeiro:\u00a0<\/strong>Rafael; Ezequiel, Manoel, L\u00e9o e Patrick Brey; Lucas Romero, Lucas Silva, Rafinha, Robinho (\u00c9derson) e David (Raniel); Fred (La\u00e9rcio). <strong>T\u00e9cnico:<\/strong> Sidnei Lobo.<\/p>\n<p><em><strong>*Bahia Not\u00edcias<\/strong><\/em><\/p>\n","protected":false},"excerpt":{"rendered":"<p>O Vit\u00f3ria segue em situa\u00e7\u00e3o delicada no Campeonato Brasileiro. Em duelo disputado nesta quarta-feira (21), no Mineir\u00e3o, o Rubro-Negro perdeu por 3 a 0 para o Cruzeiro e permanece estacionado na 19\u00aa posi\u00e7\u00e3o com apenas 36 pontos. Com duas rodadas para o t\u00e9rmino do Brasileir\u00e3o, o Vit\u00f3ria tem uma miss\u00e3o bastante complicada. A equipe precisa [&hellip;]<\/p>\n","protected":false},"author":2,"featured_media":29363,"comment_status":"open","ping_status":"open","sticky":false,"template":"","format":"standard","meta":{"_acf_changed":false,"_monsterinsights_skip_tracking":false,"_monsterinsights_sitenote_active":false,"_monsterinsights_sitenote_note":"","_monsterinsights_sitenote_category":0,"_jetpack_memberships_contains_paid_content":false,"footnotes":"","jetpack_publicize_message":"","jetpack_publicize_feature_enabled":true,"jetpack_social_post_already_shared":true,"jetpack_social_options":{"image_generator_settings":{"template":"highway","default_image_id":0,"font":"","enabled":false},"version":2}},"categories":[6,1],"tags":[],"class_list":["post-29362","post","type-post","status-publish","format-standard","has-post-thumbnail","hentry","category-esportes","category-noticias"],"acf":[],"jetpack_publicize_connections":[],"jetpack_featured_media_url":"https:\/\/i0.wp.com\/blogdoeloiltoncajuhy.com.br\/site\/wp-content\/uploads\/2018\/11\/CruzVit_nov2018.jpg?fit=380%2C280&ssl=1","jetpack_sharing_enabled":true,"publishpress_future_workflow_manual_trigger":{"enabledWorkflows":[]},"_links":{"self":[{"href":"https:\/\/blogdoeloiltoncajuhy.com.br\/site\/wp-json\/wp\/v2\/posts\/29362","targetHints":{"allow":["GET"]}}],"collection":[{"href":"https:\/\/blogdoeloiltoncajuhy.com.br\/site\/wp-json\/wp\/v2\/posts"}],"about":[{"href":"https:\/\/blogdoeloiltoncajuhy.com.br\/site\/wp-json\/wp\/v2\/types\/post"}],"author":[{"embeddable":true,"href":"https:\/\/blogdoeloiltoncajuhy.com.br\/site\/wp-json\/wp\/v2\/users\/2"}],"replies":[{"embeddable":true,"href":"https:\/\/blogdoeloiltoncajuhy.com.br\/site\/wp-json\/wp\/v2\/comments?post=29362"}],"version-history":[{"count":1,"href":"https:\/\/blogdoeloiltoncajuhy.com.br\/site\/wp-json\/wp\/v2\/posts\/29362\/revisions"}],"predecessor-version":[{"id":29364,"href":"https:\/\/blogdoeloiltoncajuhy.com.br\/site\/wp-json\/wp\/v2\/posts\/29362\/revisions\/29364"}],"wp:featuredmedia":[{"embeddable":true,"href":"https:\/\/blogdoeloiltoncajuhy.com.br\/site\/wp-json\/wp\/v2\/media\/29363"}],"wp:attachment":[{"href":"https:\/\/blogdoeloiltoncajuhy.com.br\/site\/wp-json\/wp\/v2\/media?parent=29362"}],"wp:term":[{"taxonomy":"category","embeddable":true,"href":"https:\/\/blogdoeloiltoncajuhy.com.br\/site\/wp-json\/wp\/v2\/categories?post=29362"},{"taxonomy":"post_tag","embeddable":true,"href":"https:\/\/blogdoeloiltoncajuhy.com.br\/site\/wp-json\/wp\/v2\/tags?post=29362"}],"curies":[{"name":"wp","href":"https:\/\/api.w.org\/{rel}","templated":true}]}}