{"id":29359,"date":"2018-11-21T22:32:47","date_gmt":"2018-11-22T01:32:47","guid":{"rendered":"http:\/\/blogdoeloiltoncajuhy.com.br\/site\/?p=29359"},"modified":"2018-11-21T22:32:47","modified_gmt":"2018-11-22T01:32:47","slug":"fugitivo-do-complexo-policial-de-sr-do-bonfim-e-morto-a-tiros-no-alto-da-maravilha","status":"publish","type":"post","link":"https:\/\/blogdoeloiltoncajuhy.com.br\/site\/fugitivo-do-complexo-policial-de-sr-do-bonfim-e-morto-a-tiros-no-alto-da-maravilha\/","title":{"rendered":"Fugitivo do Complexo Policial de Sr. do Bonfim \u00e9 morto a tiros no Alto da Maravilha"},"content":{"rendered":"<figure id=\"attachment_29360\" aria-describedby=\"caption-attachment-29360\" style=\"width: 281px\" class=\"wp-caption alignright\"><a href=\"https:\/\/i0.wp.com\/blogdoeloiltoncajuhy.com.br\/site\/wp-content\/uploads\/2018\/11\/carlos-fugitivo.jpg\"><img data-recalc-dims=\"1\" fetchpriority=\"high\" decoding=\"async\" class=\"wp-image-29360\" src=\"https:\/\/i0.wp.com\/blogdoeloiltoncajuhy.com.br\/site\/wp-content\/uploads\/2018\/11\/carlos-fugitivo.jpg?resize=281%2C500\" alt=\"\" width=\"281\" height=\"500\" srcset=\"https:\/\/i0.wp.com\/blogdoeloiltoncajuhy.com.br\/site\/wp-content\/uploads\/2018\/11\/carlos-fugitivo.jpg?w=540&amp;ssl=1 540w, https:\/\/i0.wp.com\/blogdoeloiltoncajuhy.com.br\/site\/wp-content\/uploads\/2018\/11\/carlos-fugitivo.jpg?resize=169%2C300&amp;ssl=1 169w, https:\/\/i0.wp.com\/blogdoeloiltoncajuhy.com.br\/site\/wp-content\/uploads\/2018\/11\/carlos-fugitivo.jpg?resize=141%2C250&amp;ssl=1 141w\" sizes=\"(max-width: 281px) 100vw, 281px\" \/><\/a><figcaption id=\"caption-attachment-29360\" class=\"wp-caption-text\">Foto: Divulga\u00e7\u00e3o \/ 19\u00aa Coorpin\/Senhor do Bonfim<\/figcaption><\/figure>\n<p>A pol\u00edcia de Senhor do Bonfim registrou um homic\u00eddio na noite desta quarta-feira (21). O fugitivo do Complexo Policial de nossa cidade, <strong>Carlos Silva Coelho<\/strong>, de 22 anos, foi assassinado com v\u00e1rios tiros quando trafegava de moto pela Rua Tom Jobim, Alto da Maravilha.<\/p>\n<p>Ele foi socorrido pelo SAMU para a base, localizada na Pra\u00e7a Sim\u00f5es Filho, mas morreu quando estava sendo atendido. De acordo com a pol\u00edcia, Carlos foi alvejado por tr\u00eas homens ainda n\u00e3o identificados.<\/p>\n<p>Carlos Silva Coelho era fugitivo do Complexo Policial de Senhor do Bonfim para onde foi conduzido no dia 21 de outubro de 2016, acusado de ser autor de v\u00e1rios roubos a m\u00e3o armada de celulares. Segundo investiga\u00e7\u00e3o da Pol\u00edcia Civil, ele sempre agia usando arma de fogo, com viol\u00eancia e amea\u00e7a contra as v\u00edtimas.<\/p>\n<p>Na \u00e9poca, tamb\u00e9m foi informado que ele j\u00e1 tinha in\u00fameras passagens pela pol\u00edcia, inclusive, quando era menor. De acordo com a pol\u00edcia, seu pai est\u00e1 preso cumprindo pena por dois processos por tr\u00e1ficos e um por homic\u00eddio e, sua m\u00e3e, tamb\u00e9m j\u00e1 foi condenada por tr\u00e1fico de droga.<\/p>\n<p>O corpo de Carlos foi removido para a UPA 24h e depois ser\u00e1 levado para o Departamento de Pol\u00edcia T\u00e9cnica &#8211; DPT, para os procedimentos de praxe.<\/p>\n<p><strong>*BLOG DO ELOILTON CAJUHY<\/strong><\/p>\n","protected":false},"excerpt":{"rendered":"<p>A pol\u00edcia de Senhor do Bonfim registrou um homic\u00eddio na noite desta quarta-feira (21). O fugitivo do Complexo Policial de nossa cidade, Carlos Silva Coelho, de 22 anos, foi assassinado com v\u00e1rios tiros quando trafegava de moto pela Rua Tom Jobim, Alto da Maravilha. Ele foi socorrido pelo SAMU para a base, localizada na Pra\u00e7a [&hellip;]<\/p>\n","protected":false},"author":2,"featured_media":29360,"comment_status":"open","ping_status":"open","sticky":false,"template":"","format":"standard","meta":{"_acf_changed":false,"_monsterinsights_skip_tracking":false,"_monsterinsights_sitenote_active":false,"_monsterinsights_sitenote_note":"","_monsterinsights_sitenote_category":0,"_jetpack_memberships_contains_paid_content":false,"footnotes":"","jetpack_publicize_message":"","jetpack_publicize_feature_enabled":true,"jetpack_social_post_already_shared":true,"jetpack_social_options":{"image_generator_settings":{"template":"highway","default_image_id":0,"font":"","enabled":false},"version":2}},"categories":[5,1,4],"tags":[],"class_list":["post-29359","post","type-post","status-publish","format-standard","has-post-thumbnail","hentry","category-cotidiano","category-noticias","category-local"],"acf":[],"jetpack_publicize_connections":[],"jetpack_featured_media_url":"https:\/\/i0.wp.com\/blogdoeloiltoncajuhy.com.br\/site\/wp-content\/uploads\/2018\/11\/carlos-fugitivo.jpg?fit=540%2C960&ssl=1","jetpack_sharing_enabled":true,"publishpress_future_workflow_manual_trigger":{"enabledWorkflows":[]},"_links":{"self":[{"href":"https:\/\/blogdoeloiltoncajuhy.com.br\/site\/wp-json\/wp\/v2\/posts\/29359","targetHints":{"allow":["GET"]}}],"collection":[{"href":"https:\/\/blogdoeloiltoncajuhy.com.br\/site\/wp-json\/wp\/v2\/posts"}],"about":[{"href":"https:\/\/blogdoeloiltoncajuhy.com.br\/site\/wp-json\/wp\/v2\/types\/post"}],"author":[{"embeddable":true,"href":"https:\/\/blogdoeloiltoncajuhy.com.br\/site\/wp-json\/wp\/v2\/users\/2"}],"replies":[{"embeddable":true,"href":"https:\/\/blogdoeloiltoncajuhy.com.br\/site\/wp-json\/wp\/v2\/comments?post=29359"}],"version-history":[{"count":1,"href":"https:\/\/blogdoeloiltoncajuhy.com.br\/site\/wp-json\/wp\/v2\/posts\/29359\/revisions"}],"predecessor-version":[{"id":29361,"href":"https:\/\/blogdoeloiltoncajuhy.com.br\/site\/wp-json\/wp\/v2\/posts\/29359\/revisions\/29361"}],"wp:featuredmedia":[{"embeddable":true,"href":"https:\/\/blogdoeloiltoncajuhy.com.br\/site\/wp-json\/wp\/v2\/media\/29360"}],"wp:attachment":[{"href":"https:\/\/blogdoeloiltoncajuhy.com.br\/site\/wp-json\/wp\/v2\/media?parent=29359"}],"wp:term":[{"taxonomy":"category","embeddable":true,"href":"https:\/\/blogdoeloiltoncajuhy.com.br\/site\/wp-json\/wp\/v2\/categories?post=29359"},{"taxonomy":"post_tag","embeddable":true,"href":"https:\/\/blogdoeloiltoncajuhy.com.br\/site\/wp-json\/wp\/v2\/tags?post=29359"}],"curies":[{"name":"wp","href":"https:\/\/api.w.org\/{rel}","templated":true}]}}