{"id":29356,"date":"2018-11-21T21:40:57","date_gmt":"2018-11-22T00:40:57","guid":{"rendered":"http:\/\/blogdoeloiltoncajuhy.com.br\/site\/?p=29356"},"modified":"2018-11-21T21:40:57","modified_gmt":"2018-11-22T00:40:57","slug":"novembro-azul-prefeitura-de-andorinha-vai-oferecer-exames-de-psa-no-proximo-sabado-dia-24","status":"publish","type":"post","link":"https:\/\/blogdoeloiltoncajuhy.com.br\/site\/novembro-azul-prefeitura-de-andorinha-vai-oferecer-exames-de-psa-no-proximo-sabado-dia-24\/","title":{"rendered":"Novembro Azul: Prefeitura de Andorinha vai oferecer exames de PSA no pr\u00f3ximo s\u00e1bado, dia 24"},"content":{"rendered":"<p><a href=\"https:\/\/i0.wp.com\/blogdoeloiltoncajuhy.com.br\/site\/wp-content\/uploads\/2018\/11\/sangue.jpg\"><img data-recalc-dims=\"1\" fetchpriority=\"high\" decoding=\"async\" class=\"aligncenter size-full wp-image-29357\" src=\"https:\/\/i0.wp.com\/blogdoeloiltoncajuhy.com.br\/site\/wp-content\/uploads\/2018\/11\/sangue.jpg?resize=653%2C411\" alt=\"\" width=\"653\" height=\"411\" srcset=\"https:\/\/i0.wp.com\/blogdoeloiltoncajuhy.com.br\/site\/wp-content\/uploads\/2018\/11\/sangue.jpg?w=653&amp;ssl=1 653w, https:\/\/i0.wp.com\/blogdoeloiltoncajuhy.com.br\/site\/wp-content\/uploads\/2018\/11\/sangue.jpg?resize=300%2C189&amp;ssl=1 300w, https:\/\/i0.wp.com\/blogdoeloiltoncajuhy.com.br\/site\/wp-content\/uploads\/2018\/11\/sangue.jpg?resize=250%2C157&amp;ssl=1 250w\" sizes=\"(max-width: 653px) 100vw, 653px\" \/><\/a>Em comemora\u00e7\u00e3o ao novembro Azul, a Secretaria de Sa\u00fade de Andorinha estar\u00e1 realizando no pr\u00f3ximo s\u00e1bado, 24 de novembro, exames de PSA &#8211; Ant\u00edgeno Prost\u00e1tico Espec\u00edfico &#8211; para pacientes acima de 50 anos ou a partir de 45 que tenham hist\u00f3rico de c\u00e2ncer de pr\u00f3stata na fam\u00edlia.<\/p>\n<p>A a\u00e7\u00e3o incentiva o diagn\u00f3stico precoce e preven\u00e7\u00e3o do c\u00e2ncer de pr\u00f3stata. Durante a realiza\u00e7\u00e3o dos exames na unidade do Laborat\u00f3rio Islab de Andorinha ser\u00e1 ofertado um caf\u00e9 da manh\u00e3 para os pacientes.<\/p>\n<p>Pacientes enquadrados nos crit\u00e9rios e faixas et\u00e1rias devem comparecer a Central de Marca\u00e7\u00e3o munidos do cart\u00e3o do SUS e documentos pessoais para agendamento do exame.<\/p>\n<p>Ap\u00f3s a realiza\u00e7\u00e3o do exame ser\u00e1 informado a data do resultado, que sai em aproximadamente 15 dias. Caso aponte qualquer altera\u00e7\u00e3o, o usu\u00e1rio ser\u00e1 encaminhado para a Unidade de Sa\u00fade da Fam\u00edlia mais pr\u00f3xima de sua resid\u00eancia e de l\u00e1 encaminhado para um especialista em urologia, por se tratar de um atendimento de alta complexidade e sair do \u00e2mbito municipal.<\/p>\n<p>O PSA &#8211; Ant\u00edgeno Prost\u00e1tico Espec\u00edfico &#8211; \u00e9 uma subst\u00e2ncia produzida pelas c\u00e9lulas da gl\u00e2ndula prost\u00e1tica, encontrado principalmente no s\u00eamen, mas tamb\u00e9m no sangue.<\/p>\n<p>A maioria dos homens saud\u00e1veis t\u00eam n\u00edveis menores de 4 ng\/ml de sangue. A chance de um homem desenvolver c\u00e2ncer de pr\u00f3stata aumenta proporcionalmente com o aumento do n\u00edvel do PSA. Tamb\u00e9m \u00e9 realizado o exame de ultrassom para verifica\u00e7\u00e3o do tamanho da pr\u00f3stata, al\u00e9m do exame de toque retal.<\/p>\n<p><em><strong>*Ascom Prefeitura Municipal de Andorinha<\/strong><\/em><\/p>\n","protected":false},"excerpt":{"rendered":"<p>Em comemora\u00e7\u00e3o ao novembro Azul, a Secretaria de Sa\u00fade de Andorinha estar\u00e1 realizando no pr\u00f3ximo s\u00e1bado, 24 de novembro, exames de PSA &#8211; Ant\u00edgeno Prost\u00e1tico Espec\u00edfico &#8211; para pacientes acima de 50 anos ou a partir de 45 que tenham hist\u00f3rico de c\u00e2ncer de pr\u00f3stata na fam\u00edlia. A a\u00e7\u00e3o incentiva o diagn\u00f3stico precoce e preven\u00e7\u00e3o [&hellip;]<\/p>\n","protected":false},"author":2,"featured_media":29357,"comment_status":"open","ping_status":"open","sticky":false,"template":"","format":"standard","meta":{"_acf_changed":false,"_monsterinsights_skip_tracking":false,"_monsterinsights_sitenote_active":false,"_monsterinsights_sitenote_note":"","_monsterinsights_sitenote_category":0,"_jetpack_memberships_contains_paid_content":false,"footnotes":"","jetpack_publicize_message":"","jetpack_publicize_feature_enabled":true,"jetpack_social_post_already_shared":true,"jetpack_social_options":{"image_generator_settings":{"template":"highway","default_image_id":0,"font":"","enabled":false},"version":2}},"categories":[1,11,7],"tags":[],"class_list":["post-29356","post","type-post","status-publish","format-standard","has-post-thumbnail","hentry","category-noticias","category-regional","category-saude"],"acf":[],"jetpack_publicize_connections":[],"jetpack_featured_media_url":"https:\/\/i0.wp.com\/blogdoeloiltoncajuhy.com.br\/site\/wp-content\/uploads\/2018\/11\/sangue.jpg?fit=653%2C411&ssl=1","jetpack_sharing_enabled":true,"publishpress_future_workflow_manual_trigger":{"enabledWorkflows":[]},"_links":{"self":[{"href":"https:\/\/blogdoeloiltoncajuhy.com.br\/site\/wp-json\/wp\/v2\/posts\/29356","targetHints":{"allow":["GET"]}}],"collection":[{"href":"https:\/\/blogdoeloiltoncajuhy.com.br\/site\/wp-json\/wp\/v2\/posts"}],"about":[{"href":"https:\/\/blogdoeloiltoncajuhy.com.br\/site\/wp-json\/wp\/v2\/types\/post"}],"author":[{"embeddable":true,"href":"https:\/\/blogdoeloiltoncajuhy.com.br\/site\/wp-json\/wp\/v2\/users\/2"}],"replies":[{"embeddable":true,"href":"https:\/\/blogdoeloiltoncajuhy.com.br\/site\/wp-json\/wp\/v2\/comments?post=29356"}],"version-history":[{"count":1,"href":"https:\/\/blogdoeloiltoncajuhy.com.br\/site\/wp-json\/wp\/v2\/posts\/29356\/revisions"}],"predecessor-version":[{"id":29358,"href":"https:\/\/blogdoeloiltoncajuhy.com.br\/site\/wp-json\/wp\/v2\/posts\/29356\/revisions\/29358"}],"wp:featuredmedia":[{"embeddable":true,"href":"https:\/\/blogdoeloiltoncajuhy.com.br\/site\/wp-json\/wp\/v2\/media\/29357"}],"wp:attachment":[{"href":"https:\/\/blogdoeloiltoncajuhy.com.br\/site\/wp-json\/wp\/v2\/media?parent=29356"}],"wp:term":[{"taxonomy":"category","embeddable":true,"href":"https:\/\/blogdoeloiltoncajuhy.com.br\/site\/wp-json\/wp\/v2\/categories?post=29356"},{"taxonomy":"post_tag","embeddable":true,"href":"https:\/\/blogdoeloiltoncajuhy.com.br\/site\/wp-json\/wp\/v2\/tags?post=29356"}],"curies":[{"name":"wp","href":"https:\/\/api.w.org\/{rel}","templated":true}]}}