{"id":29337,"date":"2018-11-21T07:07:06","date_gmt":"2018-11-21T10:07:06","guid":{"rendered":"http:\/\/blogdoeloiltoncajuhy.com.br\/site\/?p=29337"},"modified":"2018-11-21T07:07:06","modified_gmt":"2018-11-21T10:07:06","slug":"governo-nega-parcelamento-de-salario-dos-servidores-estaduais","status":"publish","type":"post","link":"https:\/\/blogdoeloiltoncajuhy.com.br\/site\/governo-nega-parcelamento-de-salario-dos-servidores-estaduais\/","title":{"rendered":"Governo nega parcelamento de sal\u00e1rio dos servidores estaduais"},"content":{"rendered":"<p><a href=\"https:\/\/i0.wp.com\/blogdoeloiltoncajuhy.com.br\/site\/wp-content\/uploads\/2017\/04\/dinheiro-e1493599153337.jpg\"><img data-recalc-dims=\"1\" fetchpriority=\"high\" decoding=\"async\" class=\"aligncenter size-full wp-image-17130\" src=\"https:\/\/i0.wp.com\/blogdoeloiltoncajuhy.com.br\/site\/wp-content\/uploads\/2017\/04\/dinheiro-e1493599153337.jpg?resize=500%2C266\" alt=\"\" width=\"500\" height=\"266\" \/><\/a>A Secretaria de Comunica\u00e7\u00e3o do governo do estado divulgou nota nesta ter\u00e7a-feira (20) negando a informa\u00e7\u00e3o de que os sal\u00e1rios dos servidores estaduais ser\u00e3o parcelados. O texto culpa pessoas <em>&#8220;irrespons\u00e1veis e oportunistas&#8221;<\/em> por divulgar a informa\u00e7\u00e3o falsa.<\/p>\n<p><em>&#8220;N\u00e3o haver\u00e1 parcelamento de sal\u00e1rio, como alguns sites noticiaram e como algumas pessoas irrespons\u00e1veis e oportunistas est\u00e3o espalhando em grupos de Whatsapp&#8221;<\/em>, assegurou o secret\u00e1rio estadual de Comunica\u00e7\u00e3o, Andr\u00e9 Curvello. Segundo ele, o governo vai tomar provid\u00eancias para que os respons\u00e1veis pela divulga\u00e7\u00e3o da not\u00edcia falsa sejam punidos na Justi\u00e7a.<\/p>\n<p><em><strong>*Bahia Not\u00edcias<\/strong><\/em><\/p>\n","protected":false},"excerpt":{"rendered":"<p>A Secretaria de Comunica\u00e7\u00e3o do governo do estado divulgou nota nesta ter\u00e7a-feira (20) negando a informa\u00e7\u00e3o de que os sal\u00e1rios dos servidores estaduais ser\u00e3o parcelados. O texto culpa pessoas &#8220;irrespons\u00e1veis e oportunistas&#8221; por divulgar a informa\u00e7\u00e3o falsa. &#8220;N\u00e3o haver\u00e1 parcelamento de sal\u00e1rio, como alguns sites noticiaram e como algumas pessoas irrespons\u00e1veis e oportunistas est\u00e3o espalhando [&hellip;]<\/p>\n","protected":false},"author":2,"featured_media":0,"comment_status":"open","ping_status":"open","sticky":false,"template":"","format":"standard","meta":{"_acf_changed":false,"_monsterinsights_skip_tracking":false,"_monsterinsights_sitenote_active":false,"_monsterinsights_sitenote_note":"","_monsterinsights_sitenote_category":0,"_jetpack_memberships_contains_paid_content":false,"footnotes":"","jetpack_publicize_message":"","jetpack_publicize_feature_enabled":true,"jetpack_social_post_already_shared":true,"jetpack_social_options":{"image_generator_settings":{"template":"highway","default_image_id":0,"font":"","enabled":false},"version":2}},"categories":[1,3],"tags":[],"class_list":["post-29337","post","type-post","status-publish","format-standard","hentry","category-noticias","category-politica"],"acf":[],"jetpack_publicize_connections":[],"jetpack_featured_media_url":"","jetpack_sharing_enabled":true,"publishpress_future_workflow_manual_trigger":{"enabledWorkflows":[]},"_links":{"self":[{"href":"https:\/\/blogdoeloiltoncajuhy.com.br\/site\/wp-json\/wp\/v2\/posts\/29337","targetHints":{"allow":["GET"]}}],"collection":[{"href":"https:\/\/blogdoeloiltoncajuhy.com.br\/site\/wp-json\/wp\/v2\/posts"}],"about":[{"href":"https:\/\/blogdoeloiltoncajuhy.com.br\/site\/wp-json\/wp\/v2\/types\/post"}],"author":[{"embeddable":true,"href":"https:\/\/blogdoeloiltoncajuhy.com.br\/site\/wp-json\/wp\/v2\/users\/2"}],"replies":[{"embeddable":true,"href":"https:\/\/blogdoeloiltoncajuhy.com.br\/site\/wp-json\/wp\/v2\/comments?post=29337"}],"version-history":[{"count":1,"href":"https:\/\/blogdoeloiltoncajuhy.com.br\/site\/wp-json\/wp\/v2\/posts\/29337\/revisions"}],"predecessor-version":[{"id":29338,"href":"https:\/\/blogdoeloiltoncajuhy.com.br\/site\/wp-json\/wp\/v2\/posts\/29337\/revisions\/29338"}],"wp:attachment":[{"href":"https:\/\/blogdoeloiltoncajuhy.com.br\/site\/wp-json\/wp\/v2\/media?parent=29337"}],"wp:term":[{"taxonomy":"category","embeddable":true,"href":"https:\/\/blogdoeloiltoncajuhy.com.br\/site\/wp-json\/wp\/v2\/categories?post=29337"},{"taxonomy":"post_tag","embeddable":true,"href":"https:\/\/blogdoeloiltoncajuhy.com.br\/site\/wp-json\/wp\/v2\/tags?post=29337"}],"curies":[{"name":"wp","href":"https:\/\/api.w.org\/{rel}","templated":true}]}}