{"id":29324,"date":"2018-11-20T20:19:24","date_gmt":"2018-11-20T23:19:24","guid":{"rendered":"http:\/\/blogdoeloiltoncajuhy.com.br\/site\/?p=29324"},"modified":"2018-11-20T20:19:24","modified_gmt":"2018-11-20T23:19:24","slug":"policia-civil-de-bonfim-leva-a-prisao-jovem-acusado-de-trafico-de-drogas","status":"publish","type":"post","link":"https:\/\/blogdoeloiltoncajuhy.com.br\/site\/policia-civil-de-bonfim-leva-a-prisao-jovem-acusado-de-trafico-de-drogas\/","title":{"rendered":"Pol\u00edcia Civil de Bonfim leva \u00e0 pris\u00e3o jovem acusado de tr\u00e1fico de drogas"},"content":{"rendered":"<figure id=\"attachment_29325\" aria-describedby=\"caption-attachment-29325\" style=\"width: 394px\" class=\"wp-caption alignright\"><a href=\"https:\/\/i0.wp.com\/blogdoeloiltoncajuhy.com.br\/site\/wp-content\/uploads\/2018\/11\/jeferson-limeira.jpg\"><img data-recalc-dims=\"1\" fetchpriority=\"high\" decoding=\"async\" class=\"wp-image-29325\" src=\"https:\/\/i0.wp.com\/blogdoeloiltoncajuhy.com.br\/site\/wp-content\/uploads\/2018\/11\/jeferson-limeira.jpg?resize=394%2C700\" alt=\"\" width=\"394\" height=\"700\" srcset=\"https:\/\/i0.wp.com\/blogdoeloiltoncajuhy.com.br\/site\/wp-content\/uploads\/2018\/11\/jeferson-limeira.jpg?w=540&amp;ssl=1 540w, https:\/\/i0.wp.com\/blogdoeloiltoncajuhy.com.br\/site\/wp-content\/uploads\/2018\/11\/jeferson-limeira.jpg?resize=169%2C300&amp;ssl=1 169w, https:\/\/i0.wp.com\/blogdoeloiltoncajuhy.com.br\/site\/wp-content\/uploads\/2018\/11\/jeferson-limeira.jpg?resize=141%2C250&amp;ssl=1 141w\" sizes=\"(max-width: 394px) 100vw, 394px\" \/><\/a><figcaption id=\"caption-attachment-29325\" class=\"wp-caption-text\">Foto: Divulga\u00e7\u00e3o \/ 19\u00aa Coorpin\/Senhor do Bonfim<\/figcaption><\/figure>\n<p>Policiais Civis do Servi\u00e7o de Intelig\u00eancia (SI) da 19\u00aa COORPIN, prenderam em flagrante, nesta ter\u00e7a-feira (20), o jovem <strong>J\u00e9ferson de Oliveira Limeira<\/strong>, de 19 anos. Ap\u00f3s investiga\u00e7\u00e3o, a autoridade policial solicitou sua pris\u00e3o, sendo atendida pela Justi\u00e7a.<\/p>\n<p>J\u00e9ferson \u00e9 acusado de tr\u00e1fico de drogas, associa\u00e7\u00e3o ao tr\u00e1fico e corrup\u00e7\u00e3o de menor para o tr\u00e1fico. Na a\u00e7\u00e3o da Pol\u00edcia Civil, uma menor de 16 anos, foi apreendida e encaminhada ao Minist\u00e9rio P\u00fablico, ap\u00f3s registro de Boletim de Ocorr\u00eancia (BO).<\/p>\n<p>Durante as buscas em um dos endere\u00e7os utilizados por J\u00e9ferson de Oliveira para esconder a droga que traficava, foram encontrados 12.5 KG de maconha; 1.3 KG de crack; 1.4 KG de coca\u00edna pura; um celular; duas balan\u00e7as de precis\u00e3o; tr\u00eas tesouras, e 3 mil e 902 e dois reais em dinheiro, al\u00e9m de farto material para embalagem de droga para comercializa\u00e7\u00e3o. J\u00e9ferson de Oliveira Limeira est\u00e1 preso \u00e0 disposi\u00e7\u00e3o da Justi\u00e7a.<\/p>\n<p><em><strong>*BLOG DO ELOILTON CAJUHY &#8211; Com informa\u00e7\u00f5es da 19\u00aa Coorpin\/Senhor do Bonfim<\/strong><\/em><\/p>\n","protected":false},"excerpt":{"rendered":"<p>Policiais Civis do Servi\u00e7o de Intelig\u00eancia (SI) da 19\u00aa COORPIN, prenderam em flagrante, nesta ter\u00e7a-feira (20), o jovem J\u00e9ferson de Oliveira Limeira, de 19 anos. Ap\u00f3s investiga\u00e7\u00e3o, a autoridade policial solicitou sua pris\u00e3o, sendo atendida pela Justi\u00e7a. J\u00e9ferson \u00e9 acusado de tr\u00e1fico de drogas, associa\u00e7\u00e3o ao tr\u00e1fico e corrup\u00e7\u00e3o de menor para o tr\u00e1fico. Na [&hellip;]<\/p>\n","protected":false},"author":2,"featured_media":29325,"comment_status":"open","ping_status":"open","sticky":false,"template":"","format":"standard","meta":{"_acf_changed":false,"_monsterinsights_skip_tracking":false,"_monsterinsights_sitenote_active":false,"_monsterinsights_sitenote_note":"","_monsterinsights_sitenote_category":0,"_jetpack_memberships_contains_paid_content":false,"footnotes":"","jetpack_publicize_message":"","jetpack_publicize_feature_enabled":true,"jetpack_social_post_already_shared":true,"jetpack_social_options":{"image_generator_settings":{"template":"highway","default_image_id":0,"font":"","enabled":false},"version":2}},"categories":[5,1,4],"tags":[],"class_list":["post-29324","post","type-post","status-publish","format-standard","has-post-thumbnail","hentry","category-cotidiano","category-noticias","category-local"],"acf":[],"jetpack_publicize_connections":[],"jetpack_featured_media_url":"https:\/\/i0.wp.com\/blogdoeloiltoncajuhy.com.br\/site\/wp-content\/uploads\/2018\/11\/jeferson-limeira.jpg?fit=540%2C960&ssl=1","jetpack_sharing_enabled":true,"publishpress_future_workflow_manual_trigger":{"enabledWorkflows":[]},"_links":{"self":[{"href":"https:\/\/blogdoeloiltoncajuhy.com.br\/site\/wp-json\/wp\/v2\/posts\/29324","targetHints":{"allow":["GET"]}}],"collection":[{"href":"https:\/\/blogdoeloiltoncajuhy.com.br\/site\/wp-json\/wp\/v2\/posts"}],"about":[{"href":"https:\/\/blogdoeloiltoncajuhy.com.br\/site\/wp-json\/wp\/v2\/types\/post"}],"author":[{"embeddable":true,"href":"https:\/\/blogdoeloiltoncajuhy.com.br\/site\/wp-json\/wp\/v2\/users\/2"}],"replies":[{"embeddable":true,"href":"https:\/\/blogdoeloiltoncajuhy.com.br\/site\/wp-json\/wp\/v2\/comments?post=29324"}],"version-history":[{"count":1,"href":"https:\/\/blogdoeloiltoncajuhy.com.br\/site\/wp-json\/wp\/v2\/posts\/29324\/revisions"}],"predecessor-version":[{"id":29326,"href":"https:\/\/blogdoeloiltoncajuhy.com.br\/site\/wp-json\/wp\/v2\/posts\/29324\/revisions\/29326"}],"wp:featuredmedia":[{"embeddable":true,"href":"https:\/\/blogdoeloiltoncajuhy.com.br\/site\/wp-json\/wp\/v2\/media\/29325"}],"wp:attachment":[{"href":"https:\/\/blogdoeloiltoncajuhy.com.br\/site\/wp-json\/wp\/v2\/media?parent=29324"}],"wp:term":[{"taxonomy":"category","embeddable":true,"href":"https:\/\/blogdoeloiltoncajuhy.com.br\/site\/wp-json\/wp\/v2\/categories?post=29324"},{"taxonomy":"post_tag","embeddable":true,"href":"https:\/\/blogdoeloiltoncajuhy.com.br\/site\/wp-json\/wp\/v2\/tags?post=29324"}],"curies":[{"name":"wp","href":"https:\/\/api.w.org\/{rel}","templated":true}]}}