{"id":29316,"date":"2018-11-20T10:23:55","date_gmt":"2018-11-20T13:23:55","guid":{"rendered":"http:\/\/blogdoeloiltoncajuhy.com.br\/site\/?p=29316"},"modified":"2018-11-20T10:23:55","modified_gmt":"2018-11-20T13:23:55","slug":"governo-publica-edital-para-substituir-cubanos-no-mais-medicos-bahia-tem-853-vagas","status":"publish","type":"post","link":"https:\/\/blogdoeloiltoncajuhy.com.br\/site\/governo-publica-edital-para-substituir-cubanos-no-mais-medicos-bahia-tem-853-vagas\/","title":{"rendered":"Governo publica edital para substituir cubanos no Mais M\u00e9dicos; Bahia tem 853 vagas"},"content":{"rendered":"<figure id=\"attachment_29317\" aria-describedby=\"caption-attachment-29317\" style=\"width: 460px\" class=\"wp-caption aligncenter\"><a href=\"https:\/\/i0.wp.com\/blogdoeloiltoncajuhy.com.br\/site\/wp-content\/uploads\/2018\/11\/saude-mais-medicos.jpg\"><img data-recalc-dims=\"1\" fetchpriority=\"high\" decoding=\"async\" class=\"wp-image-29317\" src=\"https:\/\/i0.wp.com\/blogdoeloiltoncajuhy.com.br\/site\/wp-content\/uploads\/2018\/11\/saude-mais-medicos.jpg?resize=460%2C339\" alt=\"\" width=\"460\" height=\"339\" srcset=\"https:\/\/i0.wp.com\/blogdoeloiltoncajuhy.com.br\/site\/wp-content\/uploads\/2018\/11\/saude-mais-medicos.jpg?w=380&amp;ssl=1 380w, https:\/\/i0.wp.com\/blogdoeloiltoncajuhy.com.br\/site\/wp-content\/uploads\/2018\/11\/saude-mais-medicos.jpg?resize=300%2C221&amp;ssl=1 300w, https:\/\/i0.wp.com\/blogdoeloiltoncajuhy.com.br\/site\/wp-content\/uploads\/2018\/11\/saude-mais-medicos.jpg?resize=250%2C184&amp;ssl=1 250w\" sizes=\"(max-width: 460px) 100vw, 460px\" \/><\/a><figcaption id=\"caption-attachment-29317\" class=\"wp-caption-text\">Foto: Karina Zambrana \/ ASCOM MS<\/figcaption><\/figure>\n<p>O Minist\u00e9rio da Sa\u00fade publicou, no Di\u00e1rio Oficial da Uni\u00e3o desta ter\u00e7a-feira (20), o novo edital do Programa Mais M\u00e9dicos. Do total de 8.517 vagas dispon\u00edveis, 853 s\u00e3o reservadas para a Bahia \u2013 atr\u00e1s apenas de S\u00e3o Paulo, onde devem ocorrer 1.496 contrata\u00e7\u00f5es.\u00a0Na Bahia, ser\u00e3o beneficiados 313 munic\u00edpios (834 vagas) e nove distritos ind\u00edgenas (19 vagas).<\/p>\n<p>O novo edital \u00e9 parte de uma medida emergencial do governo, ap\u00f3s a sa\u00edda de Cuba do Programa Mais M\u00e9dicos. Em chamadas anteriores, 1,5 mil munic\u00edpios receberam apenas profissionais cubanos.<\/p>\n<p>Na tentativa de garantir a transfer\u00eancia de m\u00e9dicos para os locais de atua\u00e7\u00e3o dos cubanos, haver\u00e1 um limitador de vagas para cada munic\u00edpio.<\/p>\n<p>\u201c<em>Estamos disponibilizando um sistema que o m\u00e9dico poder\u00e1 acessar, fazer seu cadastro e escolher o estado e cidade que quer atuar. Se houver vaga, poder\u00e1 acessar. Vamos dizer que numa cidade h\u00e1 10 vagas. Os 10 primeiros m\u00e9dicos que acessarem e atenderem aos requisitos v\u00e3o consumir essas vagas e elas ser\u00e3o retiradas do sistema<\/em>\u201d, explicou o ministro da Sa\u00fade, Gilberto Occhi, em coletiva realizada nesta segunda.<\/p>\n<p>As inscri\u00e7\u00f5es para o novo edital estar\u00e3o abertas a partir das 8h desta quarta-feira (21) at\u00e9 as 23h59 de domingo (25), no site do programa (<em><strong><a href=\"http:\/\/maismedicos.gov.br\/\">clique aqui<\/a><\/strong><\/em>). Poder\u00e3o se inscrever m\u00e9dicos brasileiros ou estrangeiros com registro junto a Conselho Regional de Medicina (CRM) no Brasil. No ato da inscri\u00e7\u00e3o, o profissional dever\u00e1 escolher o munic\u00edpio para atua\u00e7\u00e3o.<\/p>\n<p>Os contratos ser\u00e3o feitos diretamente com os m\u00e9dicos, com sal\u00e1rio de R$ 11,8 mil. As atividades devem ser iniciadas entre 3 de dezembro e 7 de dezembro.<\/p>\n<p>Em caso de vagas remanescentes, ser\u00e1 lan\u00e7ado um segundo edital em 27 de novembro com vagas para brasileiros formados no exterior e estrangeiros que n\u00e3o passaram pelo Exame Nacional de Revalida\u00e7\u00e3o de Diplomas M\u00e9dicos Expedidos por Institui\u00e7\u00f5es de Educa\u00e7\u00e3o Superior Estrangeira (Revalida).<\/p>\n<p><em><strong>*Bahia Not\u00edcias<\/strong><\/em><\/p>\n","protected":false},"excerpt":{"rendered":"<p>O Minist\u00e9rio da Sa\u00fade publicou, no Di\u00e1rio Oficial da Uni\u00e3o desta ter\u00e7a-feira (20), o novo edital do Programa Mais M\u00e9dicos. Do total de 8.517 vagas dispon\u00edveis, 853 s\u00e3o reservadas para a Bahia \u2013 atr\u00e1s apenas de S\u00e3o Paulo, onde devem ocorrer 1.496 contrata\u00e7\u00f5es.\u00a0Na Bahia, ser\u00e3o beneficiados 313 munic\u00edpios (834 vagas) e nove distritos ind\u00edgenas (19 [&hellip;]<\/p>\n","protected":false},"author":2,"featured_media":29317,"comment_status":"open","ping_status":"open","sticky":false,"template":"","format":"standard","meta":{"_acf_changed":false,"_monsterinsights_skip_tracking":false,"_monsterinsights_sitenote_active":false,"_monsterinsights_sitenote_note":"","_monsterinsights_sitenote_category":0,"_jetpack_memberships_contains_paid_content":false,"footnotes":"","jetpack_publicize_message":"","jetpack_publicize_feature_enabled":true,"jetpack_social_post_already_shared":true,"jetpack_social_options":{"image_generator_settings":{"template":"highway","default_image_id":0,"font":"","enabled":false},"version":2}},"categories":[1,7],"tags":[],"class_list":["post-29316","post","type-post","status-publish","format-standard","has-post-thumbnail","hentry","category-noticias","category-saude"],"acf":[],"jetpack_publicize_connections":[],"jetpack_featured_media_url":"https:\/\/i0.wp.com\/blogdoeloiltoncajuhy.com.br\/site\/wp-content\/uploads\/2018\/11\/saude-mais-medicos.jpg?fit=380%2C280&ssl=1","jetpack_sharing_enabled":true,"publishpress_future_workflow_manual_trigger":{"enabledWorkflows":[]},"_links":{"self":[{"href":"https:\/\/blogdoeloiltoncajuhy.com.br\/site\/wp-json\/wp\/v2\/posts\/29316","targetHints":{"allow":["GET"]}}],"collection":[{"href":"https:\/\/blogdoeloiltoncajuhy.com.br\/site\/wp-json\/wp\/v2\/posts"}],"about":[{"href":"https:\/\/blogdoeloiltoncajuhy.com.br\/site\/wp-json\/wp\/v2\/types\/post"}],"author":[{"embeddable":true,"href":"https:\/\/blogdoeloiltoncajuhy.com.br\/site\/wp-json\/wp\/v2\/users\/2"}],"replies":[{"embeddable":true,"href":"https:\/\/blogdoeloiltoncajuhy.com.br\/site\/wp-json\/wp\/v2\/comments?post=29316"}],"version-history":[{"count":1,"href":"https:\/\/blogdoeloiltoncajuhy.com.br\/site\/wp-json\/wp\/v2\/posts\/29316\/revisions"}],"predecessor-version":[{"id":29318,"href":"https:\/\/blogdoeloiltoncajuhy.com.br\/site\/wp-json\/wp\/v2\/posts\/29316\/revisions\/29318"}],"wp:featuredmedia":[{"embeddable":true,"href":"https:\/\/blogdoeloiltoncajuhy.com.br\/site\/wp-json\/wp\/v2\/media\/29317"}],"wp:attachment":[{"href":"https:\/\/blogdoeloiltoncajuhy.com.br\/site\/wp-json\/wp\/v2\/media?parent=29316"}],"wp:term":[{"taxonomy":"category","embeddable":true,"href":"https:\/\/blogdoeloiltoncajuhy.com.br\/site\/wp-json\/wp\/v2\/categories?post=29316"},{"taxonomy":"post_tag","embeddable":true,"href":"https:\/\/blogdoeloiltoncajuhy.com.br\/site\/wp-json\/wp\/v2\/tags?post=29316"}],"curies":[{"name":"wp","href":"https:\/\/api.w.org\/{rel}","templated":true}]}}