{"id":29313,"date":"2018-11-20T10:15:32","date_gmt":"2018-11-20T13:15:32","guid":{"rendered":"http:\/\/blogdoeloiltoncajuhy.com.br\/site\/?p=29313"},"modified":"2018-11-20T10:15:32","modified_gmt":"2018-11-20T13:15:32","slug":"casas-bahia-amplia-presenca-no-interior-com-inauguracao-de-loja-em-senhor-do-bonfim","status":"publish","type":"post","link":"https:\/\/blogdoeloiltoncajuhy.com.br\/site\/casas-bahia-amplia-presenca-no-interior-com-inauguracao-de-loja-em-senhor-do-bonfim\/","title":{"rendered":"Casas Bahia amplia presen\u00e7a no interior com inaugura\u00e7\u00e3o de loja em Senhor do Bonfim"},"content":{"rendered":"<p><a href=\"https:\/\/i0.wp.com\/blogdoeloiltoncajuhy.com.br\/site\/wp-content\/uploads\/2018\/11\/casas-bahia.png\"><img data-recalc-dims=\"1\" fetchpriority=\"high\" decoding=\"async\" class=\"aligncenter wp-image-29314\" src=\"https:\/\/i0.wp.com\/blogdoeloiltoncajuhy.com.br\/site\/wp-content\/uploads\/2018\/11\/casas-bahia.png?resize=600%2C293\" alt=\"\" width=\"600\" height=\"293\" srcset=\"https:\/\/i0.wp.com\/blogdoeloiltoncajuhy.com.br\/site\/wp-content\/uploads\/2018\/11\/casas-bahia.png?w=512&amp;ssl=1 512w, https:\/\/i0.wp.com\/blogdoeloiltoncajuhy.com.br\/site\/wp-content\/uploads\/2018\/11\/casas-bahia.png?resize=300%2C146&amp;ssl=1 300w, https:\/\/i0.wp.com\/blogdoeloiltoncajuhy.com.br\/site\/wp-content\/uploads\/2018\/11\/casas-bahia.png?resize=250%2C122&amp;ssl=1 250w\" sizes=\"(max-width: 600px) 100vw, 600px\" \/><\/a>Em ritmo de expans\u00e3o comercial, a Casas Bahia aumenta sua presen\u00e7a no interior baiano, consolidando seus investimentos na regi\u00e3o e aproveitando a retomada da economia. A pr\u00f3xima inaugura\u00e7\u00e3o acontece no munic\u00edpio de Senhor do Bonfim, no dia 21. A loja vai ficar na Pra\u00e7a Dr. Jos\u00e9 Gon\u00e7alves, 202, Centro. No in\u00edcio do m\u00eas de novembro, a marca abriu uma loja em Santo Amaro. Com as inaugura\u00e7\u00f5es, foi gerado um total de 30 empregos, sendo 15 para cada localidade.<\/p>\n<p>Ambas as lojas trazem o novo formato Smart, que conta com maior integra\u00e7\u00e3o entre os ambientes online e f\u00edsico. A novidade permite que os clientes usufruam do novo Sistema de Vendas, que garante acesso ao cat\u00e1logo de outros produtos que n\u00e3o est\u00e3o expostos fisicamente e fazem parte do estoque pr\u00f3prio (site) e do marketplace. O formato integrado tamb\u00e9m permite aos assessores de vendas consultarem o hist\u00f3rico dos produtos pesquisados pelo cliente nos sites ou em outras lojas da rede, realizando um atendimento mais exclusivo.<\/p>\n<p>Outra novidade \u00e9 o novo modelo de atendimento multi-skill, no qual assessores de vendas v\u00e3o acompanhar a jornada de compra dos clientes desde a apresenta\u00e7\u00e3o dos produtos, at\u00e9 o pagamento, proporcionando um atendimento mais personalizado e uma melhor experi\u00eancia de compra. Aliado a isso, as lojas foram projetadas para operar com maior otimiza\u00e7\u00e3o dos produtos expostos, priorizando as principais categorias e os itens com maior giro de vendas, al\u00e9m da aplica\u00e7\u00e3o de novas tecnologias para demonstra\u00e7\u00e3o de produtos n\u00e3o expostos fisicamente nas lojas.<\/p>\n<p>\u201cO formato Smart permite \u00e0 empresa levar a bandeira Casas Bahia para regi\u00f5es em que a rede ainda n\u00e3o est\u00e1 presente, ao mesmo tempo em que oferece uma experi\u00eancia de compra aos clientes com maior integra\u00e7\u00e3o dos ambientes online e f\u00edsico, aumentando ainda mais as possibilidades para Retira R\u00e1pido (compra no site para retirar na loja) e atendendo um comportamento de compras cada vez mais multicanal\u201d, explica S\u00e9rgio Grossi, diretor Regional da Via Varejo.<\/p>\n<p>O novo formato conta ainda com Wi-fi gratuito, no qual os clientes ter\u00e3o \u00e0 disposi\u00e7\u00e3o banda larga de grande escala, facilitando a experimenta\u00e7\u00e3o streaming de TV\u2019s Smart, smartphones e games. As unidades tamb\u00e9m se destacam por comercializar fisicamente produtos de cauda longa como pneus, livros, entre outros 2 milh\u00f5es de itens que v\u00e3o al\u00e9m das categorias eletroeletr\u00f4nicos e m\u00f3veis.<\/p>\n<p><em><strong>*Comunicativa Ag\u00eancia de Comunica\u00e7\u00e3o<\/strong><\/em><\/p>\n","protected":false},"excerpt":{"rendered":"<p>Em ritmo de expans\u00e3o comercial, a Casas Bahia aumenta sua presen\u00e7a no interior baiano, consolidando seus investimentos na regi\u00e3o e aproveitando a retomada da economia. A pr\u00f3xima inaugura\u00e7\u00e3o acontece no munic\u00edpio de Senhor do Bonfim, no dia 21. A loja vai ficar na Pra\u00e7a Dr. Jos\u00e9 Gon\u00e7alves, 202, Centro. No in\u00edcio do m\u00eas de novembro, [&hellip;]<\/p>\n","protected":false},"author":2,"featured_media":29314,"comment_status":"open","ping_status":"open","sticky":false,"template":"","format":"standard","meta":{"_acf_changed":false,"_monsterinsights_skip_tracking":false,"_monsterinsights_sitenote_active":false,"_monsterinsights_sitenote_note":"","_monsterinsights_sitenote_category":0,"_jetpack_memberships_contains_paid_content":false,"footnotes":"","jetpack_publicize_message":"","jetpack_publicize_feature_enabled":true,"jetpack_social_post_already_shared":true,"jetpack_social_options":{"image_generator_settings":{"template":"highway","default_image_id":0,"font":"","enabled":false},"version":2}},"categories":[1,4],"tags":[],"class_list":["post-29313","post","type-post","status-publish","format-standard","has-post-thumbnail","hentry","category-noticias","category-local"],"acf":[],"jetpack_publicize_connections":[],"jetpack_featured_media_url":"https:\/\/i0.wp.com\/blogdoeloiltoncajuhy.com.br\/site\/wp-content\/uploads\/2018\/11\/casas-bahia.png?fit=512%2C250&ssl=1","jetpack_sharing_enabled":true,"publishpress_future_workflow_manual_trigger":{"enabledWorkflows":[]},"_links":{"self":[{"href":"https:\/\/blogdoeloiltoncajuhy.com.br\/site\/wp-json\/wp\/v2\/posts\/29313","targetHints":{"allow":["GET"]}}],"collection":[{"href":"https:\/\/blogdoeloiltoncajuhy.com.br\/site\/wp-json\/wp\/v2\/posts"}],"about":[{"href":"https:\/\/blogdoeloiltoncajuhy.com.br\/site\/wp-json\/wp\/v2\/types\/post"}],"author":[{"embeddable":true,"href":"https:\/\/blogdoeloiltoncajuhy.com.br\/site\/wp-json\/wp\/v2\/users\/2"}],"replies":[{"embeddable":true,"href":"https:\/\/blogdoeloiltoncajuhy.com.br\/site\/wp-json\/wp\/v2\/comments?post=29313"}],"version-history":[{"count":1,"href":"https:\/\/blogdoeloiltoncajuhy.com.br\/site\/wp-json\/wp\/v2\/posts\/29313\/revisions"}],"predecessor-version":[{"id":29315,"href":"https:\/\/blogdoeloiltoncajuhy.com.br\/site\/wp-json\/wp\/v2\/posts\/29313\/revisions\/29315"}],"wp:featuredmedia":[{"embeddable":true,"href":"https:\/\/blogdoeloiltoncajuhy.com.br\/site\/wp-json\/wp\/v2\/media\/29314"}],"wp:attachment":[{"href":"https:\/\/blogdoeloiltoncajuhy.com.br\/site\/wp-json\/wp\/v2\/media?parent=29313"}],"wp:term":[{"taxonomy":"category","embeddable":true,"href":"https:\/\/blogdoeloiltoncajuhy.com.br\/site\/wp-json\/wp\/v2\/categories?post=29313"},{"taxonomy":"post_tag","embeddable":true,"href":"https:\/\/blogdoeloiltoncajuhy.com.br\/site\/wp-json\/wp\/v2\/tags?post=29313"}],"curies":[{"name":"wp","href":"https:\/\/api.w.org\/{rel}","templated":true}]}}