{"id":29308,"date":"2018-11-19T22:26:15","date_gmt":"2018-11-20T01:26:15","guid":{"rendered":"http:\/\/blogdoeloiltoncajuhy.com.br\/site\/?p=29308"},"modified":"2018-11-19T22:26:15","modified_gmt":"2018-11-20T01:26:15","slug":"atletas-bonfinenses-se-destacam-na-20a-copa-ouro-de-karate-em-jacobina","status":"publish","type":"post","link":"https:\/\/blogdoeloiltoncajuhy.com.br\/site\/atletas-bonfinenses-se-destacam-na-20a-copa-ouro-de-karate-em-jacobina\/","title":{"rendered":"Atletas bonfinenses se destacam na 20\u00aa Copa Ouro de Karat\u00ea em Jacobina"},"content":{"rendered":"<p><a href=\"https:\/\/i0.wp.com\/blogdoeloiltoncajuhy.com.br\/site\/wp-content\/uploads\/2018\/11\/atletas-askabon_nov-2018.jpg\"><img data-recalc-dims=\"1\" fetchpriority=\"high\" decoding=\"async\" class=\"aligncenter wp-image-29309\" src=\"https:\/\/i0.wp.com\/blogdoeloiltoncajuhy.com.br\/site\/wp-content\/uploads\/2018\/11\/atletas-askabon_nov-2018.jpg?resize=400%2C400\" alt=\"\" width=\"400\" height=\"400\" srcset=\"https:\/\/i0.wp.com\/blogdoeloiltoncajuhy.com.br\/site\/wp-content\/uploads\/2018\/11\/atletas-askabon_nov-2018.jpg?w=1280&amp;ssl=1 1280w, https:\/\/i0.wp.com\/blogdoeloiltoncajuhy.com.br\/site\/wp-content\/uploads\/2018\/11\/atletas-askabon_nov-2018.jpg?resize=150%2C150&amp;ssl=1 150w, https:\/\/i0.wp.com\/blogdoeloiltoncajuhy.com.br\/site\/wp-content\/uploads\/2018\/11\/atletas-askabon_nov-2018.jpg?resize=300%2C300&amp;ssl=1 300w, https:\/\/i0.wp.com\/blogdoeloiltoncajuhy.com.br\/site\/wp-content\/uploads\/2018\/11\/atletas-askabon_nov-2018.jpg?resize=768%2C768&amp;ssl=1 768w, https:\/\/i0.wp.com\/blogdoeloiltoncajuhy.com.br\/site\/wp-content\/uploads\/2018\/11\/atletas-askabon_nov-2018.jpg?resize=1024%2C1024&amp;ssl=1 1024w, https:\/\/i0.wp.com\/blogdoeloiltoncajuhy.com.br\/site\/wp-content\/uploads\/2018\/11\/atletas-askabon_nov-2018.jpg?resize=250%2C250&amp;ssl=1 250w, https:\/\/i0.wp.com\/blogdoeloiltoncajuhy.com.br\/site\/wp-content\/uploads\/2018\/11\/atletas-askabon_nov-2018.jpg?resize=48%2C48&amp;ssl=1 48w\" sizes=\"(max-width: 400px) 100vw, 400px\" \/><\/a>Foi realizada no \u00faltimo domingo (18), a 20\u00aa edi\u00e7\u00e3o da Copa Ouro de Karat\u00ea, no Gin\u00e1sio de Esportes Paulo Santos Gomes, em Jacobina-Ba. O evento, que contou com a participa\u00e7\u00e3o de v\u00e1rias cidades que competiram nas modalidades de Kat\u00e1 e Kumit\u00ea, teve destaque para os atletas da academia Askabon de Senhor do Bonfim, que tiveram um bom desempenho.<\/p>\n<h5><em>Jardel Cerqueira Moura 1\u00b0 em Kat\u00e1 e 1\u00b0 em Kumit\u00ea.<\/em><br \/>\n<em>Marcos Ant\u00f4nio Lopes da Silva 1\u00b0 em Kat\u00e1 e 2\u00b0 em Kumit\u00ea. <\/em><br \/>\n<em>Sara Leite Mangabeira 1\u00b0 em Kat\u00e1 e 1\u00b0 em Kumit\u00ea. <\/em><br \/>\n<em>Yan Leite Mangabeira 1\u00b0em Kat\u00e1 e 1\u00b0em Kumit\u00ea. <\/em><br \/>\n<em>Pedro Henrique Silva Souza 1\u00b0em Kat\u00e1.<\/em><br \/>\n<em>Gilsimar Guilherme de Jesus Ferreira 1\u00b0 em Kat\u00e1 e 1\u00b0 em Kumit\u00ea. <\/em><br \/>\n<em>Enzo Bartilotte 1\u00b0 em Kat\u00e1.<\/em><br \/>\n<em>Gustavo Silva de Souza 2\u00b0 em Kat\u00e1 e 1\u00b0 em Kumit\u00ea.<\/em><\/h5>\n<p>O evento foi promovido pelo tamb\u00e9m atleta e mestre em Karat\u00ea Romilson Santana.\u00a0A equipe Askabon agradece a Prefeitura Municipal de Senhor do Bonfim pelo apoio dado aos atletas.<\/p>\n<p><em><strong>*C\u00e1tia Lopes<\/strong><\/em><\/p>\n","protected":false},"excerpt":{"rendered":"<p>Foi realizada no \u00faltimo domingo (18), a 20\u00aa edi\u00e7\u00e3o da Copa Ouro de Karat\u00ea, no Gin\u00e1sio de Esportes Paulo Santos Gomes, em Jacobina-Ba. O evento, que contou com a participa\u00e7\u00e3o de v\u00e1rias cidades que competiram nas modalidades de Kat\u00e1 e Kumit\u00ea, teve destaque para os atletas da academia Askabon de Senhor do Bonfim, que tiveram [&hellip;]<\/p>\n","protected":false},"author":2,"featured_media":29309,"comment_status":"open","ping_status":"open","sticky":false,"template":"","format":"standard","meta":{"_acf_changed":false,"_monsterinsights_skip_tracking":false,"_monsterinsights_sitenote_active":false,"_monsterinsights_sitenote_note":"","_monsterinsights_sitenote_category":0,"_jetpack_memberships_contains_paid_content":false,"footnotes":"","jetpack_publicize_message":"","jetpack_publicize_feature_enabled":true,"jetpack_social_post_already_shared":true,"jetpack_social_options":{"image_generator_settings":{"template":"highway","default_image_id":0,"font":"","enabled":false},"version":2}},"categories":[6,1,4],"tags":[],"class_list":["post-29308","post","type-post","status-publish","format-standard","has-post-thumbnail","hentry","category-esportes","category-noticias","category-local"],"acf":[],"jetpack_publicize_connections":[],"jetpack_featured_media_url":"https:\/\/i0.wp.com\/blogdoeloiltoncajuhy.com.br\/site\/wp-content\/uploads\/2018\/11\/atletas-askabon_nov-2018.jpg?fit=1280%2C1280&ssl=1","jetpack_sharing_enabled":true,"publishpress_future_workflow_manual_trigger":{"enabledWorkflows":[]},"_links":{"self":[{"href":"https:\/\/blogdoeloiltoncajuhy.com.br\/site\/wp-json\/wp\/v2\/posts\/29308","targetHints":{"allow":["GET"]}}],"collection":[{"href":"https:\/\/blogdoeloiltoncajuhy.com.br\/site\/wp-json\/wp\/v2\/posts"}],"about":[{"href":"https:\/\/blogdoeloiltoncajuhy.com.br\/site\/wp-json\/wp\/v2\/types\/post"}],"author":[{"embeddable":true,"href":"https:\/\/blogdoeloiltoncajuhy.com.br\/site\/wp-json\/wp\/v2\/users\/2"}],"replies":[{"embeddable":true,"href":"https:\/\/blogdoeloiltoncajuhy.com.br\/site\/wp-json\/wp\/v2\/comments?post=29308"}],"version-history":[{"count":1,"href":"https:\/\/blogdoeloiltoncajuhy.com.br\/site\/wp-json\/wp\/v2\/posts\/29308\/revisions"}],"predecessor-version":[{"id":29310,"href":"https:\/\/blogdoeloiltoncajuhy.com.br\/site\/wp-json\/wp\/v2\/posts\/29308\/revisions\/29310"}],"wp:featuredmedia":[{"embeddable":true,"href":"https:\/\/blogdoeloiltoncajuhy.com.br\/site\/wp-json\/wp\/v2\/media\/29309"}],"wp:attachment":[{"href":"https:\/\/blogdoeloiltoncajuhy.com.br\/site\/wp-json\/wp\/v2\/media?parent=29308"}],"wp:term":[{"taxonomy":"category","embeddable":true,"href":"https:\/\/blogdoeloiltoncajuhy.com.br\/site\/wp-json\/wp\/v2\/categories?post=29308"},{"taxonomy":"post_tag","embeddable":true,"href":"https:\/\/blogdoeloiltoncajuhy.com.br\/site\/wp-json\/wp\/v2\/tags?post=29308"}],"curies":[{"name":"wp","href":"https:\/\/api.w.org\/{rel}","templated":true}]}}