{"id":29302,"date":"2018-11-19T21:22:23","date_gmt":"2018-11-20T00:22:23","guid":{"rendered":"http:\/\/blogdoeloiltoncajuhy.com.br\/site\/?p=29302"},"modified":"2018-11-19T21:22:23","modified_gmt":"2018-11-20T00:22:23","slug":"com-a-capital-mais-negra-do-pais-bahia-ganha-aplicativo-gratuito-para-registro-de-denuncias-contra-racismo-e-intolerancia-religiosa","status":"publish","type":"post","link":"https:\/\/blogdoeloiltoncajuhy.com.br\/site\/com-a-capital-mais-negra-do-pais-bahia-ganha-aplicativo-gratuito-para-registro-de-denuncias-contra-racismo-e-intolerancia-religiosa\/","title":{"rendered":"Com a capital mais negra do pa\u00eds, Bahia ganha aplicativo gratuito para registro de den\u00fancias contra racismo e intoler\u00e2ncia religiosa"},"content":{"rendered":"<h5 style=\"text-align: center;\"><em>Ferramenta \u00e9 iniciativa do Minist\u00e9rio P\u00fablico (MP-BA). Estado \u00e9 o quarto do Brasil em percentual de negros, com 80,2% da popula\u00e7\u00e3o autodeclarada; m\u00e9dia nacional \u00e9 de 55,4%<\/em><\/h5>\n<figure id=\"attachment_29303\" aria-describedby=\"caption-attachment-29303\" style=\"width: 1344px\" class=\"wp-caption aligncenter\"><a href=\"https:\/\/i0.wp.com\/blogdoeloiltoncajuhy.com.br\/site\/wp-content\/uploads\/2018\/11\/app-mp-01.jpg\"><img data-recalc-dims=\"1\" fetchpriority=\"high\" decoding=\"async\" class=\"wp-image-29303 size-full\" src=\"https:\/\/i0.wp.com\/blogdoeloiltoncajuhy.com.br\/site\/wp-content\/uploads\/2018\/11\/app-mp-01.jpg?resize=800%2C501\" alt=\"\" width=\"800\" height=\"501\" srcset=\"https:\/\/i0.wp.com\/blogdoeloiltoncajuhy.com.br\/site\/wp-content\/uploads\/2018\/11\/app-mp-01.jpg?w=1344&amp;ssl=1 1344w, https:\/\/i0.wp.com\/blogdoeloiltoncajuhy.com.br\/site\/wp-content\/uploads\/2018\/11\/app-mp-01.jpg?resize=300%2C188&amp;ssl=1 300w, https:\/\/i0.wp.com\/blogdoeloiltoncajuhy.com.br\/site\/wp-content\/uploads\/2018\/11\/app-mp-01.jpg?resize=768%2C481&amp;ssl=1 768w, https:\/\/i0.wp.com\/blogdoeloiltoncajuhy.com.br\/site\/wp-content\/uploads\/2018\/11\/app-mp-01.jpg?resize=1024%2C642&amp;ssl=1 1024w, https:\/\/i0.wp.com\/blogdoeloiltoncajuhy.com.br\/site\/wp-content\/uploads\/2018\/11\/app-mp-01.jpg?resize=250%2C157&amp;ssl=1 250w\" sizes=\"(max-width: 800px) 100vw, 800px\" \/><\/a><figcaption id=\"caption-attachment-29303\" class=\"wp-caption-text\">Aplicativo &#8216;Mapa do Racismo&#8217; \u00e9 uma proposta pioneira, lan\u00e7ada pelo MP-BA \u2014 Foto: Gabriel Gon\u00e7alves\/ G1-BA<\/figcaption><\/figure>\n<p>Para atender a uma das demandas sociais da popula\u00e7\u00e3o majorit\u00e1ria, o Minist\u00e9rio P\u00fablico do Estado da Bahia (MP-BA) lan\u00e7ou o aplicativo <strong>Mapa do Racismo e Intoler\u00e2ncia Religiosa<\/strong>.<\/p>\n<p><em><strong>A ferramenta \u00e9 gratuita e o download pode ser feito em dispositivos dos sistemas android ou iOS<\/strong><\/em><\/p>\n<p>O mapa registra den\u00fancias de discrimina\u00e7\u00e3o racial, intoler\u00e2ncia religiosa, inj\u00faria racial e racismo institucional. A ocorr\u00eancia pode ser feita de forma an\u00f4nima, para a preserva\u00e7\u00e3o da imagem do indiv\u00edduo denunciante.<\/p>\n<p>Estatisticamente, Salvador \u00e9 a capital brasileira mais negra do pa\u00eds. Com base nos dados do Instituto Brasileiro de Geografia e Estat\u00edstica (IBGE), divulgados no ano passado, 82,7% da popula\u00e7\u00e3o soteropolitana se declara como n\u00e3o branca, sendo 36,5% pretos e 45,6% pardos.<\/p>\n<p>O aplicativo foi criado a partir da necessidade de identificar as \u00e1reas onde os casos acontecem com mais frequ\u00eancia, para que sejam tomadas medidas educativas de preven\u00e7\u00e3o e corre\u00e7\u00e3o na \u00e1rea. A ferramenta \u00e9 a primeira do tipo no pa\u00eds, que tem m\u00e9dia de 55,4% da popula\u00e7\u00e3o negra.<\/p>\n<p>&#8220;<em>A gente sempre detectou dificuldade nos dados referenciados na Bahia, no que diz respeito a mapear os casos de racismo. Ent\u00e3o, com a ferramenta, a gente vai poder acessar essas informa\u00e7\u00f5es e entrar com atua\u00e7\u00e3o institucional. Se h\u00e1 incid\u00eancia do crime em um munic\u00edpio espec\u00edfico ou em uma localidade, por exemplo, a gente age impulsionando pol\u00edticas p\u00fablicas locais para que esses casos deixem de acontecer<\/em>&#8220;, pontua a promotora de Justi\u00e7a do MP-BA, L\u00edvia Vaz.<\/p>\n<figure id=\"attachment_29304\" aria-describedby=\"caption-attachment-29304\" style=\"width: 1344px\" class=\"wp-caption aligncenter\"><a href=\"https:\/\/i0.wp.com\/blogdoeloiltoncajuhy.com.br\/site\/wp-content\/uploads\/2018\/11\/app-mp-02.jpg\"><img data-recalc-dims=\"1\" decoding=\"async\" class=\"wp-image-29304 size-full\" src=\"https:\/\/i0.wp.com\/blogdoeloiltoncajuhy.com.br\/site\/wp-content\/uploads\/2018\/11\/app-mp-02.jpg?resize=800%2C468\" alt=\"\" width=\"800\" height=\"468\" srcset=\"https:\/\/i0.wp.com\/blogdoeloiltoncajuhy.com.br\/site\/wp-content\/uploads\/2018\/11\/app-mp-02.jpg?w=1344&amp;ssl=1 1344w, https:\/\/i0.wp.com\/blogdoeloiltoncajuhy.com.br\/site\/wp-content\/uploads\/2018\/11\/app-mp-02.jpg?resize=300%2C175&amp;ssl=1 300w, https:\/\/i0.wp.com\/blogdoeloiltoncajuhy.com.br\/site\/wp-content\/uploads\/2018\/11\/app-mp-02.jpg?resize=768%2C449&amp;ssl=1 768w, https:\/\/i0.wp.com\/blogdoeloiltoncajuhy.com.br\/site\/wp-content\/uploads\/2018\/11\/app-mp-02.jpg?resize=1024%2C599&amp;ssl=1 1024w, https:\/\/i0.wp.com\/blogdoeloiltoncajuhy.com.br\/site\/wp-content\/uploads\/2018\/11\/app-mp-02.jpg?resize=250%2C146&amp;ssl=1 250w\" sizes=\"(max-width: 800px) 100vw, 800px\" \/><\/a><figcaption id=\"caption-attachment-29304\" class=\"wp-caption-text\">Cadastro para aplicativo Mapa do Racismo \u00e9 simples, r\u00e1pido e den\u00fancias podem ser feitas anonimamente \u2014 Foto: Reprodu\u00e7\u00e3o<\/figcaption><\/figure>\n<p>Com as diferentes categorias que podem ser caracterizadas como racismo e intoler\u00e2ncia religiosa, o usu\u00e1rio do aplicativo \u00e9 guiado por tutorial, onde ir\u00e1 aprender a identificar a natureza da ocorr\u00eancia, com base nas classifica\u00e7\u00f5es expressas pela lei.<\/p>\n<p>Depois que o relato da ocorr\u00eancia \u00e9 feito no aplicativo Mapa do Racismo e Intoler\u00e2ncia Religiosa, o registro gera um procedimento no MP. Esse documento \u00e9 encaminhado ao promotor que atua na cidade em que o caso aconteceu.<\/p>\n<p>&#8220;<em>\u00c9 uma forma segura e r\u00e1pida de registrar. A partir da\u00ed, o promotor em quest\u00e3o vai apurar e encaminhar o inqu\u00e9rito policial. O registro pode ser feito de forma an\u00f4nima, mas \u00e9 importante que a v\u00edtima re\u00fana a maior quantidade de informa\u00e7\u00f5es sobre dados do autor, at\u00e9 fotos e v\u00eddeos, para ajudar o Minist\u00e9rio P\u00fablico a identificar essa pessoa, e assim levar para a pol\u00edcia<\/em>&#8220;, aconselha L\u00edvia.<\/p>\n<p>A promotora aponta ainda que o app \u00e9 um facilitador nas den\u00fancias, por ser uma forma segura e r\u00e1pida de registrar a situa\u00e7\u00e3o sofrida pela v\u00edtima. &#8220;<em>O MP tem notado as dificuldades dos cidad\u00e3os em registrar os casos de intoler\u00e2ncia religiosa, por exemplo. Temos muitos relatos de pessoas que foram \u00e0s delegacias e n\u00e3o conseguiram registrar a ocorr\u00eancia<\/em>&#8220;.<\/p>\n<figure id=\"attachment_29305\" aria-describedby=\"caption-attachment-29305\" style=\"width: 984px\" class=\"wp-caption aligncenter\"><a href=\"https:\/\/i0.wp.com\/blogdoeloiltoncajuhy.com.br\/site\/wp-content\/uploads\/2018\/11\/app-mp-promotora-livia-vaz.jpg\"><img data-recalc-dims=\"1\" decoding=\"async\" class=\"wp-image-29305 size-full\" src=\"https:\/\/i0.wp.com\/blogdoeloiltoncajuhy.com.br\/site\/wp-content\/uploads\/2018\/11\/app-mp-promotora-livia-vaz.jpg?resize=800%2C534\" alt=\"\" width=\"800\" height=\"534\" srcset=\"https:\/\/i0.wp.com\/blogdoeloiltoncajuhy.com.br\/site\/wp-content\/uploads\/2018\/11\/app-mp-promotora-livia-vaz.jpg?w=984&amp;ssl=1 984w, https:\/\/i0.wp.com\/blogdoeloiltoncajuhy.com.br\/site\/wp-content\/uploads\/2018\/11\/app-mp-promotora-livia-vaz.jpg?resize=300%2C200&amp;ssl=1 300w, https:\/\/i0.wp.com\/blogdoeloiltoncajuhy.com.br\/site\/wp-content\/uploads\/2018\/11\/app-mp-promotora-livia-vaz.jpg?resize=768%2C513&amp;ssl=1 768w, https:\/\/i0.wp.com\/blogdoeloiltoncajuhy.com.br\/site\/wp-content\/uploads\/2018\/11\/app-mp-promotora-livia-vaz.jpg?resize=250%2C167&amp;ssl=1 250w\" sizes=\"(max-width: 800px) 100vw, 800px\" \/><\/a><figcaption id=\"caption-attachment-29305\" class=\"wp-caption-text\">Promotora do Minist\u00e9rio P\u00fablico, Livia Vaz \u2014 Foto: Divulga\u00e7\u00e3o\/MP-BA<\/figcaption><\/figure>\n<p>Al\u00e9m de conceder um espa\u00e7o para que essas den\u00fancias sejam feitas, a ferramenta tamb\u00e9m vai oferecer um mapa de incid\u00eancia dos casos detalhados por categoria, para que possam ser consultados pelo p\u00fablico em geral.<\/p>\n<p>&#8220;<em>Qualquer pessoa que baixar o aplicativo vai poder acessar os dados conferenciados, n\u00e3o s\u00f3 o MP. Um pesquisador que queira ter dados, por exemplo, vai poder obter isso com facilidade. A gente tamb\u00e9m vai disponibilizar materiais educativos para os usu\u00e1rios. Al\u00e9m disso, ele [app] vai trazer not\u00edcias da tem\u00e1tica do combate ao racismo, para que a popula\u00e7\u00e3o veja a efic\u00e1cia das medidas tomadas<\/em>&#8220;, disse L\u00edvia.<\/p>\n<p><em><strong>*Por Itana Alencar, G1 BA<\/strong><\/em><\/p>\n","protected":false},"excerpt":{"rendered":"<p>Ferramenta \u00e9 iniciativa do Minist\u00e9rio P\u00fablico (MP-BA). Estado \u00e9 o quarto do Brasil em percentual de negros, com 80,2% da popula\u00e7\u00e3o autodeclarada; m\u00e9dia nacional \u00e9 de 55,4% Para atender a uma das demandas sociais da popula\u00e7\u00e3o majorit\u00e1ria, o Minist\u00e9rio P\u00fablico do Estado da Bahia (MP-BA) lan\u00e7ou o aplicativo Mapa do Racismo e Intoler\u00e2ncia Religiosa. A [&hellip;]<\/p>\n","protected":false},"author":2,"featured_media":29305,"comment_status":"open","ping_status":"open","sticky":false,"template":"","format":"standard","meta":{"_acf_changed":false,"_monsterinsights_skip_tracking":false,"_monsterinsights_sitenote_active":false,"_monsterinsights_sitenote_note":"","_monsterinsights_sitenote_category":0,"_jetpack_memberships_contains_paid_content":false,"footnotes":"","jetpack_publicize_message":"","jetpack_publicize_feature_enabled":true,"jetpack_social_post_already_shared":true,"jetpack_social_options":{"image_generator_settings":{"template":"highway","default_image_id":0,"font":"","enabled":false},"version":2}},"categories":[5,1],"tags":[],"class_list":["post-29302","post","type-post","status-publish","format-standard","has-post-thumbnail","hentry","category-cotidiano","category-noticias"],"acf":[],"jetpack_publicize_connections":[],"jetpack_featured_media_url":"https:\/\/i0.wp.com\/blogdoeloiltoncajuhy.com.br\/site\/wp-content\/uploads\/2018\/11\/app-mp-promotora-livia-vaz.jpg?fit=984%2C657&ssl=1","jetpack_sharing_enabled":true,"publishpress_future_workflow_manual_trigger":{"enabledWorkflows":[]},"_links":{"self":[{"href":"https:\/\/blogdoeloiltoncajuhy.com.br\/site\/wp-json\/wp\/v2\/posts\/29302","targetHints":{"allow":["GET"]}}],"collection":[{"href":"https:\/\/blogdoeloiltoncajuhy.com.br\/site\/wp-json\/wp\/v2\/posts"}],"about":[{"href":"https:\/\/blogdoeloiltoncajuhy.com.br\/site\/wp-json\/wp\/v2\/types\/post"}],"author":[{"embeddable":true,"href":"https:\/\/blogdoeloiltoncajuhy.com.br\/site\/wp-json\/wp\/v2\/users\/2"}],"replies":[{"embeddable":true,"href":"https:\/\/blogdoeloiltoncajuhy.com.br\/site\/wp-json\/wp\/v2\/comments?post=29302"}],"version-history":[{"count":2,"href":"https:\/\/blogdoeloiltoncajuhy.com.br\/site\/wp-json\/wp\/v2\/posts\/29302\/revisions"}],"predecessor-version":[{"id":29307,"href":"https:\/\/blogdoeloiltoncajuhy.com.br\/site\/wp-json\/wp\/v2\/posts\/29302\/revisions\/29307"}],"wp:featuredmedia":[{"embeddable":true,"href":"https:\/\/blogdoeloiltoncajuhy.com.br\/site\/wp-json\/wp\/v2\/media\/29305"}],"wp:attachment":[{"href":"https:\/\/blogdoeloiltoncajuhy.com.br\/site\/wp-json\/wp\/v2\/media?parent=29302"}],"wp:term":[{"taxonomy":"category","embeddable":true,"href":"https:\/\/blogdoeloiltoncajuhy.com.br\/site\/wp-json\/wp\/v2\/categories?post=29302"},{"taxonomy":"post_tag","embeddable":true,"href":"https:\/\/blogdoeloiltoncajuhy.com.br\/site\/wp-json\/wp\/v2\/tags?post=29302"}],"curies":[{"name":"wp","href":"https:\/\/api.w.org\/{rel}","templated":true}]}}