{"id":29288,"date":"2018-11-18T20:43:00","date_gmt":"2018-11-18T23:43:00","guid":{"rendered":"http:\/\/blogdoeloiltoncajuhy.com.br\/site\/?p=29288"},"modified":"2018-11-18T20:43:00","modified_gmt":"2018-11-18T23:43:00","slug":"comece-a-segunda-feira-meditando-evangelho-lc-1835-43","status":"publish","type":"post","link":"https:\/\/blogdoeloiltoncajuhy.com.br\/site\/comece-a-segunda-feira-meditando-evangelho-lc-1835-43\/","title":{"rendered":"Comece a segunda-feira meditando (Evangelho &#8211; Lc 18,35-43)"},"content":{"rendered":"<h5 style=\"text-align: center;\"><span style=\"color: #800000;\"><strong>O que queres que eu fa\u00e7a por ti?&#8217;\u00a0Senhor, eu quero enxergar de novo<\/strong><\/span><\/h5>\n<p><a href=\"https:\/\/i0.wp.com\/blogdoeloiltoncajuhy.com.br\/site\/wp-content\/uploads\/2016\/09\/liturgia_set_16-2.jpg\"><img data-recalc-dims=\"1\" fetchpriority=\"high\" decoding=\"async\" class=\"aligncenter wp-image-12279\" src=\"https:\/\/i0.wp.com\/blogdoeloiltoncajuhy.com.br\/site\/wp-content\/uploads\/2016\/09\/liturgia_set_16-2.jpg?resize=450%2C253\" alt=\"\" width=\"450\" height=\"253\" srcset=\"https:\/\/i0.wp.com\/blogdoeloiltoncajuhy.com.br\/site\/wp-content\/uploads\/2016\/09\/liturgia_set_16-2.jpg?w=320&amp;ssl=1 320w, https:\/\/i0.wp.com\/blogdoeloiltoncajuhy.com.br\/site\/wp-content\/uploads\/2016\/09\/liturgia_set_16-2.jpg?resize=300%2C169&amp;ssl=1 300w, https:\/\/i0.wp.com\/blogdoeloiltoncajuhy.com.br\/site\/wp-content\/uploads\/2016\/09\/liturgia_set_16-2.jpg?resize=250%2C141&amp;ssl=1 250w\" sizes=\"(max-width: 450px) 100vw, 450px\" \/><\/a>Quando Jesus se aproximava de Jeric\u00f3, um cego estava sentado \u00e0 beira do caminho, pedindo esmolas. Ouvindo a multid\u00e3o passar, ele perguntou o que estava acontecendo.<\/p>\n<p>Disseram-lhe que Jesus Nazareno estava passando por ali. Ent\u00e3o o cego gritou: &#8216;Jesus, filho de Davi, tem piedade de mim!&#8217;<\/p>\n<p>As pessoas que iam na frente mandavam que ele ficasse calado. Mas ele gritava mais ainda: &#8216;Filho de Davi, tem piedade de mim!&#8217; Jesus parou e mandou que levassem o cego at\u00e9 ele.<\/p>\n<p>Quando o cego chegou perto, Jesus perguntou: &#8216;O que queres que eu fa\u00e7a por ti?&#8217; O cego respondeu: &#8216;Senhor, eu quero enxergar de novo&#8217;.<\/p>\n<p>Jesus disse: &#8216;Enxerga, pois, de novo. A tua f\u00e9 te salvou&#8217;.\u00a0No mesmo instante, o cego come\u00e7ou a ver de novo e seguia Jesus, glorificando a Deus. Vendo isso, todo o povo deu louvores a Deus.<\/p>\n<p><em><strong>Palavra da Salva\u00e7\u00e3o!<\/strong><\/em><\/p>\n<p><strong>*<a href=\"http:\/\/liturgiadiaria.cnbb.org.br\/app\/user\/user\/UserView.php?ano=2018&amp;mes=11&amp;dia=19\">CNBB<\/a><\/strong><\/p>\n","protected":false},"excerpt":{"rendered":"<p>O que queres que eu fa\u00e7a por ti?&#8217;\u00a0Senhor, eu quero enxergar de novo Quando Jesus se aproximava de Jeric\u00f3, um cego estava sentado \u00e0 beira do caminho, pedindo esmolas. Ouvindo a multid\u00e3o passar, ele perguntou o que estava acontecendo. Disseram-lhe que Jesus Nazareno estava passando por ali. Ent\u00e3o o cego gritou: &#8216;Jesus, filho de Davi, [&hellip;]<\/p>\n","protected":false},"author":2,"featured_media":0,"comment_status":"open","ping_status":"open","sticky":false,"template":"","format":"standard","meta":{"_acf_changed":false,"_monsterinsights_skip_tracking":false,"_monsterinsights_sitenote_active":false,"_monsterinsights_sitenote_note":"","_monsterinsights_sitenote_category":0,"_jetpack_memberships_contains_paid_content":false,"footnotes":"","jetpack_publicize_message":"","jetpack_publicize_feature_enabled":true,"jetpack_social_post_already_shared":true,"jetpack_social_options":{"image_generator_settings":{"template":"highway","default_image_id":0,"font":"","enabled":false},"version":2}},"categories":[1,9],"tags":[],"class_list":["post-29288","post","type-post","status-publish","format-standard","hentry","category-noticias","category-reflexao"],"acf":[],"jetpack_publicize_connections":[],"jetpack_featured_media_url":"","jetpack_sharing_enabled":true,"publishpress_future_workflow_manual_trigger":{"enabledWorkflows":[]},"_links":{"self":[{"href":"https:\/\/blogdoeloiltoncajuhy.com.br\/site\/wp-json\/wp\/v2\/posts\/29288","targetHints":{"allow":["GET"]}}],"collection":[{"href":"https:\/\/blogdoeloiltoncajuhy.com.br\/site\/wp-json\/wp\/v2\/posts"}],"about":[{"href":"https:\/\/blogdoeloiltoncajuhy.com.br\/site\/wp-json\/wp\/v2\/types\/post"}],"author":[{"embeddable":true,"href":"https:\/\/blogdoeloiltoncajuhy.com.br\/site\/wp-json\/wp\/v2\/users\/2"}],"replies":[{"embeddable":true,"href":"https:\/\/blogdoeloiltoncajuhy.com.br\/site\/wp-json\/wp\/v2\/comments?post=29288"}],"version-history":[{"count":1,"href":"https:\/\/blogdoeloiltoncajuhy.com.br\/site\/wp-json\/wp\/v2\/posts\/29288\/revisions"}],"predecessor-version":[{"id":29289,"href":"https:\/\/blogdoeloiltoncajuhy.com.br\/site\/wp-json\/wp\/v2\/posts\/29288\/revisions\/29289"}],"wp:attachment":[{"href":"https:\/\/blogdoeloiltoncajuhy.com.br\/site\/wp-json\/wp\/v2\/media?parent=29288"}],"wp:term":[{"taxonomy":"category","embeddable":true,"href":"https:\/\/blogdoeloiltoncajuhy.com.br\/site\/wp-json\/wp\/v2\/categories?post=29288"},{"taxonomy":"post_tag","embeddable":true,"href":"https:\/\/blogdoeloiltoncajuhy.com.br\/site\/wp-json\/wp\/v2\/tags?post=29288"}],"curies":[{"name":"wp","href":"https:\/\/api.w.org\/{rel}","templated":true}]}}