{"id":29285,"date":"2018-11-18T20:22:02","date_gmt":"2018-11-18T23:22:02","guid":{"rendered":"http:\/\/blogdoeloiltoncajuhy.com.br\/site\/?p=29285"},"modified":"2018-11-18T20:22:02","modified_gmt":"2018-11-18T23:22:02","slug":"idosa-de-106-anos-e-assassinada-a-pauladas-no-maranhao","status":"publish","type":"post","link":"https:\/\/blogdoeloiltoncajuhy.com.br\/site\/idosa-de-106-anos-e-assassinada-a-pauladas-no-maranhao\/","title":{"rendered":"Idosa de 106 anos \u00e9 assassinada a pauladas no Maranh\u00e3o"},"content":{"rendered":"<h5 style=\"text-align: center;\"><em>Segundo a Pol\u00edcia Civil, a principal suspeita \u00e9 de latroc\u00ednio. Crime ocorreu neste s\u00e1bado (17) em Feira Nova do Maranh\u00e3o, a 803 km da capital<\/em><\/h5>\n<figure id=\"attachment_29286\" aria-describedby=\"caption-attachment-29286\" style=\"width: 1100px\" class=\"wp-caption aligncenter\"><a href=\"https:\/\/i0.wp.com\/blogdoeloiltoncajuhy.com.br\/site\/wp-content\/uploads\/2018\/11\/idosa-assassinada-maranhao.jpeg\"><img data-recalc-dims=\"1\" fetchpriority=\"high\" decoding=\"async\" class=\"wp-image-29286\" src=\"https:\/\/i0.wp.com\/blogdoeloiltoncajuhy.com.br\/site\/wp-content\/uploads\/2018\/11\/idosa-assassinada-maranhao.jpeg?resize=800%2C450\" alt=\"\" width=\"800\" height=\"450\" srcset=\"https:\/\/i0.wp.com\/blogdoeloiltoncajuhy.com.br\/site\/wp-content\/uploads\/2018\/11\/idosa-assassinada-maranhao.jpeg?w=984&amp;ssl=1 984w, https:\/\/i0.wp.com\/blogdoeloiltoncajuhy.com.br\/site\/wp-content\/uploads\/2018\/11\/idosa-assassinada-maranhao.jpeg?resize=300%2C169&amp;ssl=1 300w, https:\/\/i0.wp.com\/blogdoeloiltoncajuhy.com.br\/site\/wp-content\/uploads\/2018\/11\/idosa-assassinada-maranhao.jpeg?resize=768%2C432&amp;ssl=1 768w, https:\/\/i0.wp.com\/blogdoeloiltoncajuhy.com.br\/site\/wp-content\/uploads\/2018\/11\/idosa-assassinada-maranhao.jpeg?resize=250%2C141&amp;ssl=1 250w\" sizes=\"(max-width: 800px) 100vw, 800px\" \/><\/a><figcaption id=\"caption-attachment-29286\" class=\"wp-caption-text\">Ant\u00f4nia Concei\u00e7\u00e3o da Silva, de 106 anos, foi morta a pauladas dentro da sua resid\u00eancia em Feira Nova do Maranh\u00e3o \u2014 Foto: Divulga\u00e7\u00e3o \/ Redes Sociais<\/figcaption><\/figure>\n<p>A idosa <strong>Ant\u00f4nia Concei\u00e7\u00e3o da Silva<\/strong>, de 106 anos, foi assassinada a pauladas na madrugada deste s\u00e1bado (17) dentro da sua casa, no munic\u00edpio de Feira Nova do Maranh\u00e3o, a 803 km de S\u00e3o Lu\u00eds. De acordo com a Pol\u00edcia Civil, a principal suspeita \u00e9 de latroc\u00ednio (roubo seguido de morte).<\/p>\n<p>Segundo a pol\u00edcia, a idosa estava sozinha em casa quando um homem, n\u00e3o identificado, entrou por um buraco feito no telhado para assaltar a resid\u00eancia. O neto da v\u00edtima, que morava com ela, havia ido para uma festa e, quando retornou, encontrou a av\u00f3 morta. Ao fugir, o criminoso deixou pegadas na parede da casa.<\/p>\n<p>Ainda segundo a pol\u00edcia, ao ser encontrado, o corpo da idosa estava com sinais de estrangulamento e espancamento. Tr\u00eas pessoas j\u00e1 foram ouvidas pela pol\u00edcia e a principal linha de investiga\u00e7\u00e3o \u00e9 latroc\u00ednio, j\u00e1 que foram levados R$ 30 reais que estavam com a v\u00edtima.<\/p>\n<p>Por meio de nota, a Secretaria de Seguran\u00e7a P\u00fablica (SSP-MA) informou que a Pol\u00edcia Civil Regional do munic\u00edpio de Balsas j\u00e1 est\u00e1 investigando o crime e o caso ser\u00e1 conduzido pela Delegacia Municipal de Riach\u00e3o.<\/p>\n<p>A idosa era uma das moradoras mais antigas do munic\u00edpio de Feira Nova do Maranh\u00e3o, que tem pouco mais de oito mil habitantes e havia completado 106 anos no m\u00eas passado. O crime revoltou moradores da cidade e a fam\u00edlia da v\u00edtima, que ainda est\u00e1 abalada com o caso.<\/p>\n<h2>Veja na \u00edntegra da nota da Secretaria de Seguran\u00e7a P\u00fablica (SSP-MA)<\/h2>\n<p>&#8220;<em>A Pol\u00edcia Civil do Maranh\u00e3o informa que o crime contra Ant\u00f4nia Concei\u00e7\u00e3o da Silva, de 106 anos, ocorreu na madrugada deste s\u00e1bado (17), dentro da casa da idosa, em Feira Nova do Maranh\u00e3o.<\/em><\/p>\n<p><em>A Pol\u00edcia Civil da Regional de Balsas, em parceria com a Pol\u00edcia Militar de Feira Nova do Maranh\u00e3o est\u00e1 realizando as oitivas para elucidar o fato. A princ\u00edpio, a suspeita \u00e9 de latroc\u00ednio<\/em>&#8220;.<\/p>\n<p><em><strong>*Por G1 MA \u2014 S\u00e3o Lu\u00eds, MA<\/strong><\/em><\/p>\n","protected":false},"excerpt":{"rendered":"<p>Segundo a Pol\u00edcia Civil, a principal suspeita \u00e9 de latroc\u00ednio. Crime ocorreu neste s\u00e1bado (17) em Feira Nova do Maranh\u00e3o, a 803 km da capital A idosa Ant\u00f4nia Concei\u00e7\u00e3o da Silva, de 106 anos, foi assassinada a pauladas na madrugada deste s\u00e1bado (17) dentro da sua casa, no munic\u00edpio de Feira Nova do Maranh\u00e3o, a [&hellip;]<\/p>\n","protected":false},"author":2,"featured_media":29286,"comment_status":"open","ping_status":"open","sticky":false,"template":"","format":"standard","meta":{"_acf_changed":false,"_monsterinsights_skip_tracking":false,"_monsterinsights_sitenote_active":false,"_monsterinsights_sitenote_note":"","_monsterinsights_sitenote_category":0,"_jetpack_memberships_contains_paid_content":false,"footnotes":"","jetpack_publicize_message":"","jetpack_publicize_feature_enabled":true,"jetpack_social_post_already_shared":true,"jetpack_social_options":{"image_generator_settings":{"template":"highway","default_image_id":0,"font":"","enabled":false},"version":2}},"categories":[5,1],"tags":[],"class_list":["post-29285","post","type-post","status-publish","format-standard","has-post-thumbnail","hentry","category-cotidiano","category-noticias"],"acf":[],"jetpack_publicize_connections":[],"jetpack_featured_media_url":"https:\/\/i0.wp.com\/blogdoeloiltoncajuhy.com.br\/site\/wp-content\/uploads\/2018\/11\/idosa-assassinada-maranhao.jpeg?fit=984%2C554&ssl=1","jetpack_sharing_enabled":true,"publishpress_future_workflow_manual_trigger":{"enabledWorkflows":[]},"_links":{"self":[{"href":"https:\/\/blogdoeloiltoncajuhy.com.br\/site\/wp-json\/wp\/v2\/posts\/29285","targetHints":{"allow":["GET"]}}],"collection":[{"href":"https:\/\/blogdoeloiltoncajuhy.com.br\/site\/wp-json\/wp\/v2\/posts"}],"about":[{"href":"https:\/\/blogdoeloiltoncajuhy.com.br\/site\/wp-json\/wp\/v2\/types\/post"}],"author":[{"embeddable":true,"href":"https:\/\/blogdoeloiltoncajuhy.com.br\/site\/wp-json\/wp\/v2\/users\/2"}],"replies":[{"embeddable":true,"href":"https:\/\/blogdoeloiltoncajuhy.com.br\/site\/wp-json\/wp\/v2\/comments?post=29285"}],"version-history":[{"count":1,"href":"https:\/\/blogdoeloiltoncajuhy.com.br\/site\/wp-json\/wp\/v2\/posts\/29285\/revisions"}],"predecessor-version":[{"id":29287,"href":"https:\/\/blogdoeloiltoncajuhy.com.br\/site\/wp-json\/wp\/v2\/posts\/29285\/revisions\/29287"}],"wp:featuredmedia":[{"embeddable":true,"href":"https:\/\/blogdoeloiltoncajuhy.com.br\/site\/wp-json\/wp\/v2\/media\/29286"}],"wp:attachment":[{"href":"https:\/\/blogdoeloiltoncajuhy.com.br\/site\/wp-json\/wp\/v2\/media?parent=29285"}],"wp:term":[{"taxonomy":"category","embeddable":true,"href":"https:\/\/blogdoeloiltoncajuhy.com.br\/site\/wp-json\/wp\/v2\/categories?post=29285"},{"taxonomy":"post_tag","embeddable":true,"href":"https:\/\/blogdoeloiltoncajuhy.com.br\/site\/wp-json\/wp\/v2\/tags?post=29285"}],"curies":[{"name":"wp","href":"https:\/\/api.w.org\/{rel}","templated":true}]}}